{"id":281718,"date":"2025-07-29T10:51:18","date_gmt":"2025-07-29T10:51:18","guid":{"rendered":"https:\/\/www.europesays.com\/fr\/281718\/"},"modified":"2025-07-29T10:51:18","modified_gmt":"2025-07-29T10:51:18","slug":"eric-antoine-devoile-la-date-de-son-mariage-avec-gennifer-demey","status":"publish","type":"post","link":"https:\/\/www.europesays.com\/fr\/281718\/","title":{"rendered":"\u00c9ric Antoine d\u00e9voile la date de son mariage avec Gennifer Demey"},"content":{"rendered":"<p>    Gennifer Demey et \u00c9ric Antoine \u00e0 Roland-Garros en juin dernier.<br \/>\n                Zabulon Laurent\/ABACA<\/p>\n<p>L\u2019animateur de \u00abLego Masters\u00bb et la pr\u00e9sentatrice de la m\u00e9t\u00e9o sur M6 vont s\u2019unir tr\u00e8s bient\u00f4t apr\u00e8s plusieurs mois de relation.<\/p>\n<p class=\"fig-paragraph\">C\u2019est la belle histoire de ces derniers mois. Apr\u00e8s avoir divorc\u00e9 de son \u00e9pouse et m\u00e8re de ses deux fils Calista Sinclair en mai 2023 apr\u00e8s douze ans de vie commune,\u00a0<a href=\"https:\/\/www.lefigaro.fr\/tag\/eric-antoine\" target=\"_blank\" rel=\"noopener\" data-gtm-custom-categorie=\"navigation\" data-gtm-custom-action=\"crossclick\" data-gtm-custom-label=\"Contextuel\" data-gtm-event=\"customEventSPE\"><strong>\u00c9ric Antoine<\/strong><\/a> \u00a0a retrouv\u00e9 l\u2019amour dans les bras de <strong>Gennifer Demey<\/strong>.<\/p>\n<p class=\"fig-paragraph\">La jeune femme de 32 ans, qui officie comme pr\u00e9sentatrice m\u00e9t\u00e9o sur M6, et le pr\u00e9sentateur de \u00abLego Masters\u00bb se sont d\u2019abord crois\u00e9s le 27 octobre 2022 lors d\u2019un bulletin m\u00e9t\u00e9o un peu sp\u00e9cial destin\u00e9 \u00e0 lancer la saison 3 de l\u2019\u00e9mission. \u00ab C\u2019\u00e9tait une rencontre magique\u00a0\u00bb, s\u2019est souvenu \u00c9ric Antoine dans une interview \u00e0\u00a0<a href=\"https:\/\/www.programme-tv.net\/news\/people\/373886-exclu-eric-antoine-officialise-son-couple-avec-gennifer-demey-et-fait-de-tendres-confidences-sur-leur-relation-nous-sommes-tres-amoureux\/\" target=\"_blank\" rel=\"sponsored noopener\" data-gtm-custom-categorie=\"navigation\" data-gtm-custom-action=\"crossclick\" data-gtm-custom-label=\"Contextuel\" data-gtm-event=\"customEventSPE\">T\u00e9l\u00e9 Loisirs<\/a> .<\/p>\n<p class=\"fig-body-link\">\n            \u00c0 lire aussi<br \/>\n        <a class=\"fig-body-link__link\" href=\"http:\/\/tvmag.lefigaro.fr\/programme-tv\/people\/c-est-ainsi-que-nos-chemins-se-sont-croises-le-jour-ou-eric-antoine-est-tombe-sous-le-charme-de-gennifer-demey-20250319\" target=\"_blank\" data-fig-type=\"Article\" rel=\"noopener\" data-gtm-custom-categorie=\"navigation\" data-gtm-custom-action=\"crossclick\" data-gtm-custom-label=\"Contextuel\" data-gtm-event=\"customEventSPE\" data-fig-domain=\"TVMAG\">\u00abC\u2019est ainsi que nos chemins se sont crois\u00e9s\u00bb\u00a0: le jour o\u00f9 \u00c9ric Antoine est tomb\u00e9 sous le charme de Gennifer Demey<br \/>\n    <\/a>\n<\/p>\n<p>                                    <a class=\"fig-a11y-skip a11y-hidden\" href=\"#fig-a11y-skip-main-inarticle\"><br \/>\n        Passer la publicit\u00e9<br \/>\n    <\/a><\/p>\n<p class=\"fig-paragraph\">Si une \u00e9vidente complicit\u00e9 a imm\u00e9diatement li\u00e9 les deux animateurs, ils n\u2019ont pas d\u00e9but\u00e9 leur romance tout de suite car l\u2019ancienne Miss Aquitaine 2015 (qui a particip\u00e9 \u00e0 Miss France l\u2019ann\u00e9e de la victoire d\u2019<a href=\"https:\/\/www.lefigaro.fr\/tag\/iris-mittenaere\" target=\"_blank\" rel=\"noopener\" data-gtm-custom-categorie=\"navigation\" data-gtm-custom-action=\"crossclick\" data-gtm-custom-label=\"Contextuel\" data-gtm-event=\"customEventSPE\">Iris Mittenaere<\/a>) \u00e9tait \u00e0 l\u2019\u00e9poque en couple avec un certain Hugo B\u00e9rard. Mais lorsque la jeune femme a quitt\u00e9 son compagnon, tout semble \u00eatre all\u00e9 tr\u00e8s vite pour les tourtereaux.\u00a0<a href=\"http:\/\/tvmag.lefigaro.fr\/programme-tv\/people\/histoire-d-amour-inattendue-chez-m6-eric-antoine-et-gennifer-demey-officialisent-leur-couple-20250313\" target=\"_blank\" data-fig-type=\"Article\" rel=\"noopener\" data-gtm-custom-categorie=\"navigation\" data-gtm-custom-action=\"crossclick\" data-gtm-custom-label=\"Contextuel\" data-gtm-event=\"customEventSPE\" data-fig-domain=\"TVMAG\">Ils ont officialis\u00e9 leur relation le 12 mars dernier<\/a>\u00a0en se pr\u00e9sentant main dans la main \u00e0 l\u2019avant-premi\u00e8re de Peaky Blinders\u00a0: The Redemption of Thomas Shelby avant d\u2019annoncer, \u00e0 peine quelques mois plus tard, leur mariage\u00a0!<\/p>\n<p class=\"fig-paragraph\">Si la date n\u2019avait pas encore \u00e9t\u00e9 d\u00e9voil\u00e9e, \u00c9ric Antoine vient d\u2019en dire plus sur cette union \u00e0 venir dans les colonnes de T\u00e9l\u00e9 C\u00e2ble Satellite Hebdo pr\u00e9cisant que la c\u00e9r\u00e9monie aurait lieu \u00ab en ao\u00fbt\u00a0\u00bb. \u00ab Deux ans et demi d\u2019une amiti\u00e9 qui s\u2019est transform\u00e9e en relation amoureuse. C\u2019est une tr\u00e8s belle histoire\u00a0\u00bb, explique-t-il encore.<\/p>\n<p>    Gennifer Demey et \u00c9ric Antoine dans les tribunes de Roland-Garros en juin dernier.<br \/>\n                Berzane Nasser\/ABACA<\/p>\n<p class=\"fig-body-link\">\n            \u00c0 lire aussi<br \/>\n        <a class=\"fig-body-link__link\" href=\"http:\/\/tvmag.lefigaro.fr\/programme-tv\/people\/elle-etait-deja-en-couple-eric-antoine-revele-quand-son-histoire-d-amour-avec-gennifer-demey-a-debute-20250415\" target=\"_blank\" data-fig-type=\"Article\" rel=\"noopener\" data-gtm-custom-categorie=\"navigation\" data-gtm-custom-action=\"crossclick\" data-gtm-custom-label=\"Contextuel\" data-gtm-event=\"customEventSPE\" data-fig-domain=\"TVMAG\">\u00abElle \u00e9tait d\u00e9j\u00e0 en couple\u00bb\u00a0: \u00c9ric Antoine r\u00e9v\u00e8le quand son histoire d\u2019amour avec Gennifer Demey a d\u00e9but\u00e9<br \/>\n    <\/a>\n<\/p>\n<p class=\"fig-paragraph\">Depuis l\u2019officialisation de leur relation, les deux amoureux ne tarissent pas d\u2019\u00e9loges l\u2019un pour l\u2019autre. \u00ab Je suis amoureux comme je ne l\u2019ai jamais \u00e9t\u00e9\u00a0\u00bb, a ainsi confi\u00e9 \u00c9ric Antoine \u00e0 nos confr\u00e8res de\u00a0<a href=\"https:\/\/www.parismatch.com\/People\/eric-antoine-je-suis-amoureux-comme-je-ne-lai-jamais-ete-250398\" target=\"_blank\" rel=\"noopener\" data-gtm-custom-categorie=\"navigation\" data-gtm-custom-action=\"crossclick\" data-gtm-custom-label=\"Contextuel\" data-gtm-event=\"customEventSPE\">Paris Match<\/a> \u00a0en mai dernier. Quelques mois plus t\u00f4t, il avait d\u00e9crit sa compagne avec un enthousiasme non feint\u00a0: \u00ab C\u2019est une relation qui me rend profond\u00e9ment heureux. C\u2019est une femme brillante. Elle a ce double m\u00e9tier d\u2019ost\u00e9opathe et de journaliste. Ce que j\u2019aime aussi chez Gennifer, c\u2019est que c\u2019est une personne avec une \u00e9thique du fait d\u2019\u00eatre \u00e0 la fois soignante et femme de m\u00e9dias. Elle a une richesse intellectuelle et une sensibilit\u00e9 extraordinaires. C\u2019est rare\u00a0\u00bb,\u00a0avait-il d\u00e9clar\u00e9 dans un entretien \u00e0\u00a0<a href=\"https:\/\/www.programme-tv.net\/news\/people\/373886-exclu-eric-antoine-officialise-son-couple-avec-gennifer-demey-et-fait-de-tendres-confidences-sur-leur-relation-nous-sommes-tres-amoureux\/\" target=\"_blank\" rel=\"sponsored noopener\" data-gtm-custom-categorie=\"navigation\" data-gtm-custom-action=\"crossclick\" data-gtm-custom-label=\"Contextuel\" data-gtm-event=\"customEventSPE\">T\u00e9l\u00e9 Loisirs<\/a> .<\/p>\n<p class=\"fig-paragraph\">Gennifer Demey s\u2019\u00e9tait, elle aussi, \u00e9panch\u00e9e sur l\u2019homme de sa vie dans les colonnes de\u00a0<a href=\"https:\/\/www.telestar.fr\/people\/exclu-gennifer-demey-la-nouvelle-compagne-deric-antoine-brise-le-silence-sur-leur-couple-1716196\" target=\"_blank\" rel=\"sponsored noopener\" data-gtm-custom-categorie=\"navigation\" data-gtm-custom-action=\"crossclick\" data-gtm-custom-label=\"Contextuel\" data-gtm-event=\"customEventSPE\">T\u00e9l\u00e9 Star<\/a> \u00a0: \u00ab Je suis discr\u00e8te sur ma vie priv\u00e9e. Et je ne suis pas sur les r\u00e9seaux. \u00c9ric est un artiste talentueux, il a des engagements forts. C\u2019est un papa aimant, tr\u00e8s d\u00e9vou\u00e9 avec ses enfants. J\u2019admire I\u2019homme qu\u2019il est, a-t-elle partag\u00e9 avant d\u2019en dire plus sur l\u2019\u00e9volution de leurs sentiments au fil du temps. \u00c7a a d\u2019abord \u00e9t\u00e9 un coup de foudre amical et maintenant, avec \u00c9ric, je vis une sublime histoire d\u2019amour. Nous n\u2019en sommes qu\u2019au d\u00e9but&#8230;\u00bb.<\/p>\n<p class=\"fig-paragraph\">Bient\u00f4t unis dans l\u2019intimit\u00e9, \u00c9ric Antoine et Gennifer Demey pourraient aussi l\u2019\u00eatre \u00e0 l\u2019\u00e9cran. Le pr\u00e9sentateur de \u00ab99 \u00e0 battre\u00bb, \u00abLes Tra\u00eetres\u00bb (\u00e9mission \u00e0 laquelle la jeune femme avait particip\u00e9 en 2023) ou \u00abLe Juste Prix\u00bb aimerait ainsi faire revivre l\u2019\u00e9mission \u00abTournez man\u00e8ge\u00bb et l\u2019animer avec sa compagne. \u00ab Peut-\u00eatre parce que je suis tr\u00e8s amoureux\u00a0! J\u2019adorerais la pr\u00e9senter avec ma compagne, Gennifer\u00a0\u00bb, a-t-il confi\u00e9 \u00e0 T\u00e9l\u00e9 C\u00e2ble Satellite Hebdo.<\/p>\n<p>                                    <a class=\"fig-a11y-skip a11y-hidden\" href=\"#fig-a11y-skip-main-inarticle_mtf\"><br \/>\n        Passer la publicit\u00e9<br \/>\n    <\/a><\/p>\n<p class=\"fig-paragraph\">Avant cela, le g\u00e9ant de la pr\u00e9sentation t\u00e9l\u00e9 (il mesure 2,07 m) envisage aussi se consacrer au th\u00e9\u00e2tre. Il a d\u2019ailleurs un projet qui prendra forme dans un an, en juin 2026.<\/p>\n","protected":false},"excerpt":{"rendered":"Gennifer Demey et \u00c9ric Antoine \u00e0 Roland-Garros en juin dernier. Zabulon Laurent\/ABACA L\u2019animateur de \u00abLego Masters\u00bb et la&hellip;\n","protected":false},"author":2,"featured_media":281719,"comment_status":"","ping_status":"","sticky":false,"template":"","format":"standard","meta":{"footnotes":""},"categories":[1359],"tags":[58,59,1194,1011,27,494,1930,973],"class_list":{"0":"post-281718","1":"post","2":"type-post","3":"status-publish","4":"format-standard","5":"has-post-thumbnail","7":"category-people","8":"tag-divertissement","9":"tag-entertainment","10":"tag-eric-antoine","11":"tag-fr","12":"tag-france","13":"tag-m6","14":"tag-mariage","15":"tag-people"},"share_on_mastodon":{"url":"https:\/\/pubeurope.com\/@fr\/114936144459195970","error":""},"_links":{"self":[{"href":"https:\/\/www.europesays.com\/fr\/wp-json\/wp\/v2\/posts\/281718","targetHints":{"allow":["GET"]}}],"collection":[{"href":"https:\/\/www.europesays.com\/fr\/wp-json\/wp\/v2\/posts"}],"about":[{"href":"https:\/\/www.europesays.com\/fr\/wp-json\/wp\/v2\/types\/post"}],"author":[{"embeddable":true,"href":"https:\/\/www.europesays.com\/fr\/wp-json\/wp\/v2\/users\/2"}],"replies":[{"embeddable":true,"href":"https:\/\/www.europesays.com\/fr\/wp-json\/wp\/v2\/comments?post=281718"}],"version-history":[{"count":0,"href":"https:\/\/www.europesays.com\/fr\/wp-json\/wp\/v2\/posts\/281718\/revisions"}],"wp:featuredmedia":[{"embeddable":true,"href":"https:\/\/www.europesays.com\/fr\/wp-json\/wp\/v2\/media\/281719"}],"wp:attachment":[{"href":"https:\/\/www.europesays.com\/fr\/wp-json\/wp\/v2\/media?parent=281718"}],"wp:term":[{"taxonomy":"category","embeddable":true,"href":"https:\/\/www.europesays.com\/fr\/wp-json\/wp\/v2\/categories?post=281718"},{"taxonomy":"post_tag","embeddable":true,"href":"https:\/\/www.europesays.com\/fr\/wp-json\/wp\/v2\/tags?post=281718"}],"curies":[{"name":"wp","href":"https:\/\/api.w.org\/{rel}","templated":true}]}}