{"id":281720,"date":"2025-07-29T10:52:16","date_gmt":"2025-07-29T10:52:16","guid":{"rendered":"https:\/\/www.europesays.com\/fr\/281720\/"},"modified":"2025-07-29T10:52:16","modified_gmt":"2025-07-29T10:52:16","slug":"aux-beaux-arts-de-caen-lhorizon-sans-fin-a-juste-sur-toute-la-ligne-liberation","status":"publish","type":"post","link":"https:\/\/www.europesays.com\/fr\/281720\/","title":{"rendered":"Aux Beaux-Arts de Caen, \u00abl\u2019Horizon sans fin\u00bb a juste sur toute la ligne \u2013 Lib\u00e9ration"},"content":{"rendered":"<p class=\"sc-ksZaOG ehjQrN text-element\">Insaisissable horizon\u2026 Le fuyard se d\u00e9robe \u00e0 mesure qu\u2019on veut l\u2019approcher\u2026 Apr\u00e8s s\u2019\u00eatre int\u00e9ress\u00e9 aux \u00abmurs\u00bb, le mus\u00e9e des Beaux-Arts de Caen s\u2019attelle \u00e0 l\u2019horizon, dans une tr\u00e8s belle exposition d\u2019une centaine d\u2019\u0153uvres, de <a href=\"https:\/\/www.liberation.fr\/culture\/2005\/08\/20\/hans-memling-figures-de-proue_529756\/\" target=\"_blank\" rel=\"noreferrer nofollow noopener\" title=\"https:\/\/www.liberation.fr\/culture\/2005\/08\/20\/hans-memling-figures-de-proue_529756\/\">Hans Memling<\/a> \u00e0 <a href=\"https:\/\/www.liberation.fr\/culture\/hiroshi-sugimoto-opticks-dans-le-mille-20210515_VXLHWZUP7BFFTJJCXHM2QHQ5UA\/\" target=\"_blank\" rel=\"noreferrer nofollow noopener\" title=\"https:\/\/www.liberation.fr\/culture\/hiroshi-sugimoto-opticks-dans-le-mille-20210515_VXLHWZUP7BFFTJJCXHM2QHQ5UA\/\">Hiroshi Sugimoto<\/a>, en passant par Caspar-David Friedrich. Le parcours replace cette ligne de fuite dans l\u2019histoire de l\u2019art et l\u2019ancre aussi dans la cr\u00e9ation contemporaine. Car des d\u00e9buts de la perspective \u00e0 nos jours, les artistes ont tent\u00e9 de la cerner et, \u00e9tonnamment, ils la repr\u00e9sentent encore sous toutes ses coutures, fascin\u00e9s par cette fronti\u00e8re du paysage. \u00abEn suivant les artistes, mais aussi les navigateurs, les voyageurs, les astronomes, nous r\u00e9alisons \u00e0 quel point l\u2019horizon constitue un rep\u00e8re fondamental pour nous orienter dans l\u2019espace. Non seulement il nous apporte l\u2019assurance qu\u2019il y a bien un sol sous nos pieds et un ciel au-dessus de notre t\u00eate mais il s\u2019amplifie ou se r\u00e9tr\u00e9cit, se dilate ou s\u2019ankylose selon les \u00e9motions que nous \u00e9prou<\/p>\n","protected":false},"excerpt":{"rendered":"Insaisissable horizon\u2026 Le fuyard se d\u00e9robe \u00e0 mesure qu\u2019on veut l\u2019approcher\u2026 Apr\u00e8s s\u2019\u00eatre int\u00e9ress\u00e9 aux \u00abmurs\u00bb, le mus\u00e9e&hellip;\n","protected":false},"author":2,"featured_media":281721,"comment_status":"","ping_status":"","sticky":false,"template":"","format":"standard","meta":{"footnotes":""},"categories":[1358],"tags":[1348,1384,1385,413,1386,58,59,1011,27],"class_list":{"0":"post-281720","1":"post","2":"type-post","3":"status-publish","4":"format-standard","5":"has-post-thumbnail","7":"category-arts-et-design","8":"tag-arts","9":"tag-arts-and-design","10":"tag-arts-et-design","11":"tag-ca-va-mieux-lisant","12":"tag-design","13":"tag-divertissement","14":"tag-entertainment","15":"tag-fr","16":"tag-france"},"share_on_mastodon":{"url":"https:\/\/pubeurope.com\/@fr\/114936148414223618","error":""},"_links":{"self":[{"href":"https:\/\/www.europesays.com\/fr\/wp-json\/wp\/v2\/posts\/281720","targetHints":{"allow":["GET"]}}],"collection":[{"href":"https:\/\/www.europesays.com\/fr\/wp-json\/wp\/v2\/posts"}],"about":[{"href":"https:\/\/www.europesays.com\/fr\/wp-json\/wp\/v2\/types\/post"}],"author":[{"embeddable":true,"href":"https:\/\/www.europesays.com\/fr\/wp-json\/wp\/v2\/users\/2"}],"replies":[{"embeddable":true,"href":"https:\/\/www.europesays.com\/fr\/wp-json\/wp\/v2\/comments?post=281720"}],"version-history":[{"count":0,"href":"https:\/\/www.europesays.com\/fr\/wp-json\/wp\/v2\/posts\/281720\/revisions"}],"wp:featuredmedia":[{"embeddable":true,"href":"https:\/\/www.europesays.com\/fr\/wp-json\/wp\/v2\/media\/281721"}],"wp:attachment":[{"href":"https:\/\/www.europesays.com\/fr\/wp-json\/wp\/v2\/media?parent=281720"}],"wp:term":[{"taxonomy":"category","embeddable":true,"href":"https:\/\/www.europesays.com\/fr\/wp-json\/wp\/v2\/categories?post=281720"},{"taxonomy":"post_tag","embeddable":true,"href":"https:\/\/www.europesays.com\/fr\/wp-json\/wp\/v2\/tags?post=281720"}],"curies":[{"name":"wp","href":"https:\/\/api.w.org\/{rel}","templated":true}]}}