{"id":281722,"date":"2025-07-29T10:53:15","date_gmt":"2025-07-29T10:53:15","guid":{"rendered":"https:\/\/www.europesays.com\/fr\/281722\/"},"modified":"2025-07-29T10:53:15","modified_gmt":"2025-07-29T10:53:15","slug":"a-lagrasse-la-30e-edition-du-banquet-du-livre-dete-consacree-au-choix-des-corps-entretient-le-souffle-de-la-litterature-et-de-la-pensee","status":"publish","type":"post","link":"https:\/\/www.europesays.com\/fr\/281722\/","title":{"rendered":"\u00c0 Lagrasse, la 30e \u00e9dition du Banquet du livre d\u2019\u00e9t\u00e9, consacr\u00e9e au \u00ab\u00a0Choix des corps\u00a0\u00bb, entretient le souffle de la litt\u00e9rature et de la pens\u00e9e"},"content":{"rendered":"<p>\n                                                                Depuis le 26\u00a0juillet, et jusqu\u2019au vendredi 1er\u00a0ao\u00fbt, la partie publique de l\u2019abbaye de Lagrasse est le cadre d\u2019un Banquet consacr\u00e9 au th\u00e8me du \u00ab\u00a0Choix des corps\u00a0\u00bb. Un sujet qui, entre conf\u00e9rences, lectures et ateliers, traduit l\u2019ambition de l\u2019\u00e9v\u00e9nement lanc\u00e9 en 1995\u00a0: permettre, autour du livre et de l\u2019\u00e9crit, les rencontres, d\u00e9bats et d\u00e9couvertes.\n                            <\/p>\n<p>Trente ans de rencontres. De d\u00e9couvertes. De dialogues. Depuis le samedi 26\u00a0juillet, et jusqu\u2019au vendredi 1er\u00a0ao\u00fbt 2025, Le Banquet du livre d\u2019\u00e9t\u00e9 de Lagrasse vit la 30e \u00e9dition d\u2019un \u00e9v\u00e9nement initi\u00e9 en 1995\u00a0par l\u2019association Le Marque-Page et les \u00e9ditions Verdier. Un anniversaire que l\u2019\u00e9tablissement public de coop\u00e9ration culturelle (EPCC), d\u00e9sormais aux manettes du Centre culturel de rencontre (<a href=\"https:\/\/www.culture.gouv.fr\/regions\/drac-occitanie\/actualites\/actualite-a-la-une\/l-epcc-les-arts-de-lire-abbaye-de-lagrasse-labelise-centre-culturel-de-rencontre\" target=\"_self\" rel=\"nofollow noopener\">CRC, label attribu\u00e9 par le minist\u00e8re de la Culture<\/a>) \u00ab\u00a0Les arts de lire\u00a0\u00bb, a choisi de marquer.<\/p>\n<p>Chaque jour, l\u2019historien et archiviste Yann Potin\u00a0livre ses impromptus dans des lieux symboliques de l\u2019histoire du Banquet\u00a0: autant d\u2019espaces qui mat\u00e9rialisent\u00a0le lien tiss\u00e9 entre le Banquet et le village, des lieux o\u00f9 500 intervenants et des milliers de participants ont partag\u00e9\u00a0cette aventure litt\u00e9raire, cr\u00e9ant cette \u00ab\u00a0cartographie imaginaire et collective\u00a0\u00bb. Une g\u00e9ographique po\u00e9tique d\u2019un Banquet qu\u2019Herv\u00e9 Baro, le vice-pr\u00e9sident du D\u00e9partement et pr\u00e9sident de l\u2019EPCC, inscrit dans \u00ab\u00a0une d\u00e9marche de culture populaire. On entend trop souvent\u00a0les mouvements r\u00e9actionnaires parler de culture \u00e9litiste. L\u2019EPCC est ancr\u00e9 dans le territoire, et on voit que du public local participe aussi au Banquet\u00a0\u00bb. En 2024, 3\u00a0500 spectateurs (9\u00a0900 tickets vendus) avaient pris part au Banquet\u00a0: \u00ab\u00a0M\u00eame tendance en 2025\u00a0\u00bb, estime\u00a0le directeur du CCR, Jean-S\u00e9bastien Steil.<\/p>\n<p>        <img decoding=\"async\" class=\"std-img__img responsive-img\" src=\"https:\/\/www.europesays.com\/fr\/wp-content\/uploads\/2025\/07\/1753786395_525_image.jpg\" alt=\"\u00c0 droite, le directeur du Centre culturel de rencontres &quot;Les arts de lire&quot;, Jean-S\u00e9bastien Steil, pr\u00e9sentant la performance des po\u00e8tes sourds Erwan Nomad et Arnoldas Matulis.\"\/><\/p>\n<p>                \u00c0 droite, le directeur du Centre culturel de rencontres \u00ab\u00a0Les arts de lire\u00a0\u00bb, Jean-S\u00e9bastien Steil, pr\u00e9sentant la performance des po\u00e8tes sourds Erwan Nomad et Arnoldas Matulis.<br \/>\n                                    L&rsquo;Ind\u00e9pendant &#8211; L&rsquo;Ind\u00e9pendant<\/p>\n<p>Autre t\u00e9moignage des 30 ann\u00e9es pass\u00e9es, avec le recueil \u00ab\u00a0Trente et une vues sur le Banquet\u00a0\u00bb, chez Verdier\u00a0: 31 vues, 31 voix, 31 t\u00e9moins qui racontent et se souviennent de \u00ab\u00a0leur\u00a0\u00bb Banquet. La 30e \u00e9dition co\u00efncide aussi avec le lancement d\u2019une nouvelle collection baptis\u00e9e\u00a0\u00ab\u00a0Les arts de lire\u00a0\u00bb, en co\u00e9dition avec le CCR, chez l\u2019historique artisan du Banquet, pour coucher noir sur blanc les mots et ouvrages n\u00e9s du rendez-vous\u00a0: avec pour deux premiers titres les textes tir\u00e9s des conf\u00e9rences de Laure Murat (\u00ab\u00a0Toutes les \u00e9poques sont d\u00e9gueulasses\u00a0\u00bb, Banquet 2024) et L\u00e9onor de R\u00e9condo (\u00ab\u00a0Goya de p\u00e8re et fille\u00a0\u00bb, Banquet 2023).<\/p>\n<blockquote>\n<p>La question du corps est \u00e9minemment politique<\/p>\n<\/blockquote>\n<p>Une fa\u00e7on de plus de rester fid\u00e8le \u00e0 l\u2019ambition du Banquet, rappelle Jean-S\u00e9bastien Steil\u00a0: \u00ab\u00a0Diffuser des id\u00e9es par le livre.\u00a0\u00bb\u00a0Pour \u00e9changer, d\u00e9battre, s\u2019enrichir. Avec un th\u00e8me 2025, \u00ab\u00a0Le choix des corps\u00a0\u00bb, pens\u00e9 pour \u00ab\u00a0ne pas \u00eatre que dans la r\u00e9flexion c\u00e9r\u00e9brale\u00a0\u00bb. Samedi 26\u00a0juillet, c\u2019est \u00e0 la \u00ab\u00a0performeuse suspensive\u00a0\u00bb Chlo\u00e9 Moglia qu\u2019est revenu le spectacle d\u2019ouverture du Banquet, quand l\u2019ancien cycliste Olivier Haralambon, devenu auteur et philosophe, partageait le dimanche ses pens\u00e9es et \u00e9crits autour du corps et de l\u2019effort. Deux portes d\u2019entr\u00e9e pour une \u00ab\u00a0question du corps qui est \u00e9minemment politique\u00a0\u00bb, rappelle Jean-S\u00e9bastien Steil\u00a0: le terrain d\u2019une \u00ab\u00a0confrontation id\u00e9ologique\u00a0\u00bb, entre\u00a0\u00ab\u00a0deux visions du monde, que l\u2019on peut sch\u00e9matiser par une opposition entre l\u2019osbcurantisme et le progressisme\u00a0\u00bb. Contr\u00f4le ou lib\u00e9ration du corps, norme ou diversit\u00e9, f\u00e9minisme, vieillissement, racisme, sport, esth\u00e9tique, le champ des possibles d\u00e9bats ou interrogations est vaste.\u00a0Dans le cellier de l\u2019abbaye Sainte-Marie de Lagrasse, la foisonnante et \u00e9ph\u00e9m\u00e8re librairie\u00a0d\u2019Ombres blanches dit d\u2019ailleurs\u00a0la richesse du sujet, au gr\u00e9 des tables r\u00e9unissant les ouvrages, et d\u00e9clinant les fa\u00e7ons d\u2019\u00e9crire sur le corps\u00a0: \u00ab\u00a0Corps au travail\u00a0\u00bb, \u00ab\u00a0Corps colonis\u00e9s\u00a0\u00bb, \u00ab\u00a0Corps contr\u00f4l\u00e9s\u00a0\u00bb, \u00ab\u00a0Corps dansants\u00a0\u00bb, \u00ab\u00a0D\u00e9sir de sexe\u00a0\u00bb, \u00ab\u00a0Na\u00eetre, vieillir, mourir\u00a0\u00bb.<\/p>\n<p>Voil\u00e0 les terrains de jeu qu\u2019explorent donc les intervenants du 30e Banquet. Avec, lundi 28\u00a0juillet, une journ\u00e9e d\u00e9di\u00e9e \u00e0 la culture sourde, un sujet que le CCR explore toute l\u2019ann\u00e9e avec l\u2019association Art R\u00e9sonances. Un th\u00e8me magnifi\u00e9 par la performance, sous la Halle de Lagrasse, d\u2019Erwan Nomad et Arnoldas Matulis, po\u00e8tes sourds. Venus livrer, avec le Visual Vernacular (VV), un art visuel m\u00ealant langue des signes et techniques de mime, des \u00e9crits cr\u00e9\u00e9s en r\u00e9sidence \u00e0 l\u2019abbaye, en mai\u00a02025. La rencontre des corps et des mots, pour un langage universel.<\/p>\n<p>L\u2019int\u00e9gralit\u00e9 du programme est \u00e0 d\u00e9couvrir sur le <a href=\"https:\/\/www.abbayedelagrasse.fr\/banquet-du-livre-d-ete-2025-le-choix-des-corps\" target=\"_self\" rel=\"nofollow noopener\">site de l\u2019abbaye m\u00e9di\u00e9vale de Lagrasse<\/a>.\u00a0L\u2019\u00e9dition 2025 s\u2019ach\u00e8vera par la conf\u00e9rence de l\u2019historien Patrick Boucheron, \u00ab\u00a0Nos corps politiques\u00a0\u00bb (parvis de l\u2019abbaye, 19\u00a0h, payant), suivi d\u2019un Pique-nique-boum (20\u00a0h\u00a030, Parc de l\u2019abbaye, gratuit).<\/p>\n","protected":false},"excerpt":{"rendered":"Depuis le 26\u00a0juillet, et jusqu\u2019au vendredi 1er\u00a0ao\u00fbt, la partie publique de l\u2019abbaye de Lagrasse est le cadre d\u2019un&hellip;\n","protected":false},"author":2,"featured_media":281723,"comment_status":"","ping_status":"","sticky":false,"template":"","format":"standard","meta":{"footnotes":""},"categories":[1357],"tags":[1379,58,59,1011,27,1380],"class_list":{"0":"post-281722","1":"post","2":"type-post","3":"status-publish","4":"format-standard","5":"has-post-thumbnail","7":"category-livres","8":"tag-books","9":"tag-divertissement","10":"tag-entertainment","11":"tag-fr","12":"tag-france","13":"tag-livres"},"share_on_mastodon":{"url":"https:\/\/pubeurope.com\/@fr\/114936152536250336","error":""},"_links":{"self":[{"href":"https:\/\/www.europesays.com\/fr\/wp-json\/wp\/v2\/posts\/281722","targetHints":{"allow":["GET"]}}],"collection":[{"href":"https:\/\/www.europesays.com\/fr\/wp-json\/wp\/v2\/posts"}],"about":[{"href":"https:\/\/www.europesays.com\/fr\/wp-json\/wp\/v2\/types\/post"}],"author":[{"embeddable":true,"href":"https:\/\/www.europesays.com\/fr\/wp-json\/wp\/v2\/users\/2"}],"replies":[{"embeddable":true,"href":"https:\/\/www.europesays.com\/fr\/wp-json\/wp\/v2\/comments?post=281722"}],"version-history":[{"count":0,"href":"https:\/\/www.europesays.com\/fr\/wp-json\/wp\/v2\/posts\/281722\/revisions"}],"wp:featuredmedia":[{"embeddable":true,"href":"https:\/\/www.europesays.com\/fr\/wp-json\/wp\/v2\/media\/281723"}],"wp:attachment":[{"href":"https:\/\/www.europesays.com\/fr\/wp-json\/wp\/v2\/media?parent=281722"}],"wp:term":[{"taxonomy":"category","embeddable":true,"href":"https:\/\/www.europesays.com\/fr\/wp-json\/wp\/v2\/categories?post=281722"},{"taxonomy":"post_tag","embeddable":true,"href":"https:\/\/www.europesays.com\/fr\/wp-json\/wp\/v2\/tags?post=281722"}],"curies":[{"name":"wp","href":"https:\/\/api.w.org\/{rel}","templated":true}]}}