{"id":281726,"date":"2025-07-29T10:55:12","date_gmt":"2025-07-29T10:55:12","guid":{"rendered":"https:\/\/www.europesays.com\/fr\/281726\/"},"modified":"2025-07-29T10:55:12","modified_gmt":"2025-07-29T10:55:12","slug":"lhomme-qui-pretend-etre-le-fils-du-rappeur-abandonne-sa-plainte","status":"publish","type":"post","link":"https:\/\/www.europesays.com\/fr\/281726\/","title":{"rendered":"L\u2019homme qui pr\u00e9tend \u00eatre le fils du rappeur abandonne sa plainte"},"content":{"rendered":"<p>L\u2019affaire du fils cach\u00e9 pr\u00e9sum\u00e9 de Jay-Z\u202fa connu un nouveau rebondissement assez inattendu. Rymir Satterthwaite affirme depuis plusieurs ann\u00e9es que le rappeur de 55 ans a eu une <a href=\"https:\/\/www.20minutes.fr\/people\/2097011-20170630-444-jay-z-excuse-avoir-trompe-beyonce-chanson\" target=\"_blank\" class=\"color-ultramarine c-link\" rel=\"noopener\">liaison avec sa m\u00e8re<\/a> dans les ann\u00e9es\u00a01990 et pourrait \u00eatre son p\u00e8re. R\u00e9solu \u00e0 obtenir des r\u00e9ponses, le jeune homme, \u00e2g\u00e9 d\u2019une trentaine d\u2019ann\u00e9es, a demand\u00e9 des tests de paternit\u00e9 \u00e0 l\u2019artiste et \u00e9voque r\u00e9guli\u00e8rement son combat sur les r\u00e9seaux sociaux.<\/p>\n<p>En mai dernier, Rymir Satterthwaite a d\u00e9pos\u00e9 une plainte f\u00e9d\u00e9rale contre Jay-Z, de son vrai nom Shawn Corey Carter, l\u2019accusant d\u2019avoir tent\u00e9 d\u2019\u00e9touffer l\u2019affaire en exer\u00e7ant une forme de pression sur lui et sa marraine, qui l\u2019a pris en charge apr\u00e8s la mort de sa m\u00e8re Wanda. Quelques semaines plus tard, la star a <a href=\"https:\/\/www.20minutes.fr\/arts-stars\/people\/4163236-20250711-jay-z-repond-voie-judiciaire-homme-affirme-etre-fils-cache\" target=\"_blank\" class=\"color-ultramarine c-link\" rel=\"noopener\">demand\u00e9 le classement<\/a> de la plainte et qualifi\u00e9 les poursuites du jeune homme de \u00ab\u00a0harc\u00e8lement\u00a0\u00bb.<\/p>\n<p>Changement d\u2019approche<\/p>\n<p>Or, dans une nouvelle vid\u00e9o publi\u00e9e hier sur Instagram, Rymir Satterthwaite a r\u00e9v\u00e9l\u00e9 qu\u2019il avait d\u00e9cid\u00e9 par lui-m\u00eame de retirer sa plainte \u00ab\u00a0pour une bonne raison\u00a0\u00bb. Mais le jeune homme, qui s\u2019est film\u00e9 depuis sa voiture, a affirm\u00e9 \u00e0 ses abonn\u00e9s qu\u2019il ne comptait pas pour autant l\u00e2cher l\u2019affaire. \u00ab\u00a0Ce n\u2019est pas parque je suis t\u00eatu ou que je ne vais pas la relancer. Il se passe beaucoup de choses entre les murs, nous n\u2019avons retir\u00e9 qu\u2019une plainte pour le moment. Mais il se passe beaucoup de choses, vous savez comment le syst\u00e8me fonctionne\u00a0\u00bb, <a href=\"https:\/\/www.instagram.com\/p\/DMntw4BREGc\/?hl=en\" rel=\"nofollow noopener\" target=\"_blank\" class=\"color-ultramarine c-link\">a-t-il expliqu\u00e9<\/a>. \u00ab\u00a0Nous devons prendre du recul et changer notre approche du jeu\u00a0\u00bb.<\/p>\n<p>Rymir Satterthwaite n\u2019a aussi toujours pas obtenu de test de paternit\u00e9 ou un \u00ab\u00a0quelconque\u202faccord\u00a0\u00bb avec <a href=\"https:\/\/www.20minutes.fr\/arts-stars\/people\/4163312-20250711-tom-brady-dement-rumeurs-sofia-vergara-selon-nicki-minaj-jay-z-doit-beaucoup-argent\" target=\"_blank\" class=\"color-ultramarine c-link\" rel=\"noopener\">le rappeur<\/a>. Le jeune homme s\u2019est toutefois montr\u00e9 reconnaissant envers ses soutiens en ligne, \u00e0 qui il a rappel\u00e9 que son combat allait \u00ab\u00a0au-del\u00e0\u00a0\u00bb de son int\u00e9r\u00eat personnel. \u00ab\u00a0J\u2019essaie de changer le monde, nous avons besoin de changements \u00e0 l\u2019avenir\u00a0\u00bb, a-t-il affirm\u00e9 en pensant au syst\u00e8me judiciaire et aux privil\u00e8ges des plus fortun\u00e9s.<\/p>\n<p>En d\u00e9cembre dernier, Rymir Satterthwaite a d\u00e9clar\u00e9 au Daily Mail qu\u2019il cherchait simplement \u00e0 conna\u00eetre la v\u00e9rit\u00e9 sur ses racines et \u00e0 obtenir des dommages de la part de Jay-Z pour le traitement qu\u2019il a re\u00e7u. \u00ab\u00a0Qu\u2019il aille au tribunal faire ce que tout le monde doit faire. Je peux accepter un non\u00a0\u00bb, a-t-il affirm\u00e9. \u00ab\u00a0Je peux accepter d\u2019\u00eatre embarrass\u00e9. Mais je ne peux pas accepter qu\u2019il ne dise rien. Ce n\u2019est pas juste.\u00a0\u00bb<\/p>\n<p><script async src=\"\/\/www.instagram.com\/embed.js\"><\/script><\/p>\n","protected":false},"excerpt":{"rendered":"L\u2019affaire du fils cach\u00e9 pr\u00e9sum\u00e9 de Jay-Z\u202fa connu un nouveau rebondissement assez inattendu. Rymir Satterthwaite affirme depuis plusieurs&hellip;\n","protected":false},"author":2,"featured_media":281727,"comment_status":"","ping_status":"","sticky":false,"template":"","format":"standard","meta":{"footnotes":""},"categories":[1355],"tags":[7362,58,59,1011,27,2440,7360,1361,873,31416,973,3287,133],"class_list":{"0":"post-281726","1":"post","2":"type-post","3":"status-publish","4":"format-standard","5":"has-post-thumbnail","7":"category-musique","8":"tag-beyonce","9":"tag-divertissement","10":"tag-entertainment","11":"tag-fr","12":"tag-france","13":"tag-instagram","14":"tag-jay-z","15":"tag-music","16":"tag-musique","17":"tag-paternite","18":"tag-people","19":"tag-stars","20":"tag-video"},"share_on_mastodon":{"url":"https:\/\/pubeurope.com\/@fr\/114936160419935202","error":""},"_links":{"self":[{"href":"https:\/\/www.europesays.com\/fr\/wp-json\/wp\/v2\/posts\/281726","targetHints":{"allow":["GET"]}}],"collection":[{"href":"https:\/\/www.europesays.com\/fr\/wp-json\/wp\/v2\/posts"}],"about":[{"href":"https:\/\/www.europesays.com\/fr\/wp-json\/wp\/v2\/types\/post"}],"author":[{"embeddable":true,"href":"https:\/\/www.europesays.com\/fr\/wp-json\/wp\/v2\/users\/2"}],"replies":[{"embeddable":true,"href":"https:\/\/www.europesays.com\/fr\/wp-json\/wp\/v2\/comments?post=281726"}],"version-history":[{"count":0,"href":"https:\/\/www.europesays.com\/fr\/wp-json\/wp\/v2\/posts\/281726\/revisions"}],"wp:featuredmedia":[{"embeddable":true,"href":"https:\/\/www.europesays.com\/fr\/wp-json\/wp\/v2\/media\/281727"}],"wp:attachment":[{"href":"https:\/\/www.europesays.com\/fr\/wp-json\/wp\/v2\/media?parent=281726"}],"wp:term":[{"taxonomy":"category","embeddable":true,"href":"https:\/\/www.europesays.com\/fr\/wp-json\/wp\/v2\/categories?post=281726"},{"taxonomy":"post_tag","embeddable":true,"href":"https:\/\/www.europesays.com\/fr\/wp-json\/wp\/v2\/tags?post=281726"}],"curies":[{"name":"wp","href":"https:\/\/api.w.org\/{rel}","templated":true}]}}