{"id":281730,"date":"2025-07-29T10:57:11","date_gmt":"2025-07-29T10:57:11","guid":{"rendered":"https:\/\/www.europesays.com\/fr\/281730\/"},"modified":"2025-07-29T10:57:11","modified_gmt":"2025-07-29T10:57:11","slug":"cancer-du-foie-des-solutions-simples-pour-enrayer-le-quasi-doublement-du-nombre-de-cas-dici-2050","status":"publish","type":"post","link":"https:\/\/www.europesays.com\/fr\/281730\/","title":{"rendered":"Cancer du foie\u00a0: des solutions simples pour enrayer le quasi doublement du nombre de cas d\u2019ici 2050"},"content":{"rendered":"<p>Des travaux men\u00e9s par une commission d\u2019experts de six pays (Chine, \u00c9tats-Unis, Cor\u00e9e du Sud, Italie, Espagne et France, o\u00f9 l\u2019Inserm a collabor\u00e9 notamment), et publi\u00e9s dans la revue m\u00e9dicale <a href=\"https:\/\/www.thelancet.com\/commissions-do\/hepatocellular-carcinoma\" target=\"_blank\" rel=\"nofollow noopener\">The Lancet<\/a>, ce mardi, soulignent \u00ab l\u2019urgence d\u2019une action mondiale \u00bb contre le cancer du foie, apr\u00e8s avoir pass\u00e9 au crible les \u00e9tudes et donn\u00e9es disponibles.<\/p>\n<p>Le cancer du foie est le sixi\u00e8me cancer le plus fr\u00e9quent et le troisi\u00e8me le plus meurtrier. Selon l\u2019Observatoire mondial du cancer, \u00e0 l\u2019\u00e9chelle de la plan\u00e8te en 2050 le nombre de nouveaux cas grimpera \u00e0 1,52 million par an, soit un quasi-doublement, tandis que 1,37 million de personnes en mourront.<\/p>\n<p>Huit sur dix de ces cancers sont des carcinomes h\u00e9patocellulaires, une forme particuli\u00e8rement pr\u00e9sente en Asie de l\u2019Est, Afrique du Nord et Asie du Sud-Est. Au niveau mondial, le taux de survie des malades \u00e0 cinq ans allait de 5 % \u00e0 30 % entre 2000 et 2014.<\/p>\n<p>Or trois cancers du foie sur cinq sont dus \u00e0 des facteurs de risque \u00e9vitables sur lesquels il faudrait agir selon les chercheurs : h\u00e9patites virales, consommation d\u2019alcool et st\u00e9atose h\u00e9patique non alcoolique (caract\u00e9ris\u00e9e par une accumulation de graisse dans le foie souvent associ\u00e9e \u00e0 l\u2019ob\u00e9sit\u00e9).<\/p>\n<p>La vaccination contre l\u2019h\u00e9patite B<\/p>\n<p>Les virus de l\u2019h\u00e9patite B et C devraient demeurer les principales causes de cancer du foie en 2050, tout en voyant leur part diminuer (36,9 % des cas contre 39 % pour le premier, 25,9 % contre 29,1 % pour le second).<\/p>\n<p>Alors que la vaccination contre l\u2019h\u00e9patite B est le moyen de pr\u00e9vention le plus efficace, \u00ab la couverture reste faible en Afrique et dans les r\u00e9gions aux ressources faibles \u00bb en raison de son \u00ab co\u00fbt, des r\u00e9ticences \u00e0 se faire vacciner et de la m\u00e9connaissance de son efficacit\u00e9 \u00bb et faute d\u2019obligation vaccinale, dit l\u2019\u00e9tude.<\/p>\n<p>\u00ab En 2015, la vaccination des nouveau-n\u00e9s et des nourrissons a permis de pr\u00e9venir 210 millions de nouvelles infections chroniques par l\u2019h\u00e9patite B et devrait r\u00e9duire le nombre estim\u00e9 de d\u00e9c\u00e8s \u00e0 1,1 million d\u2019ici 2030 \u00bb, rapportent les chercheurs.<\/p>\n<p>Si cette vaccination n\u2019est pas renforc\u00e9e, \u00ab 17 millions de d\u00e9c\u00e8s li\u00e9s \u00e0 l\u2019h\u00e9patite B devraient survenir entre 2015 et 2030 \u00bb, disent-ils.<\/p>\n<p>Alcool et ob\u00e9sit\u00e9<\/p>\n<p>La part des cancers du foie dus \u00e0 la consommation d\u2019alcool et \u00e0 la st\u00e9atose devrait, elle, augmenter : l\u2019accumulation de graisse dans le foie sera en cause dans 11 % des cas en 2050 (contre 8 % en 2022), soit une hausse de 35 %, et l\u2019alcool, de 21,1 % des cas \u00e0 cet horizon, selon leurs calculs.<\/p>\n<p>En cons\u00e9quence, les auteurs de l\u2019\u00e9tude appellent \u00e0 sensibiliser l\u2019opinion, les milieux m\u00e9dicaux et les gouvernements au risque croissant de st\u00e9atose, \u00ab notamment aux \u00c9tats-Unis, en Europe et en Asie \u00bb, en insistant sur les \u00ab groupes \u00e0 haut risque : personnes diab\u00e9tiques et ob\u00e8ses \u00bb.<\/p>\n<p>\u00ab Am\u00e9liorer la survie des patients doit \u00eatre un axe majeur de la recherche \u00bb dit l\u2019\u00e9tude qui appelle \u00e0 \u00ab coordonner les efforts \u00bb entre industrie, soignants et organisations internationales afin de r\u00e9duire les fortes disparit\u00e9s dans la prise en charge de la maladie, tr\u00e8s insuffisante dans les pays \u00e0 revenu faible et interm\u00e9diaire.<\/p>\n","protected":false},"excerpt":{"rendered":"Des travaux men\u00e9s par une commission d\u2019experts de six pays (Chine, \u00c9tats-Unis, Cor\u00e9e du Sud, Italie, Espagne et&hellip;\n","protected":false},"author":2,"featured_media":281731,"comment_status":"","ping_status":"","sticky":false,"template":"","format":"standard","meta":{"footnotes":""},"categories":[10],"tags":[1011,27,72,71],"class_list":{"0":"post-281730","1":"post","2":"type-post","3":"status-publish","4":"format-standard","5":"has-post-thumbnail","7":"category-sante","8":"tag-fr","9":"tag-france","10":"tag-health","11":"tag-sante"},"share_on_mastodon":{"url":"https:\/\/pubeurope.com\/@fr\/114936168052970788","error":""},"_links":{"self":[{"href":"https:\/\/www.europesays.com\/fr\/wp-json\/wp\/v2\/posts\/281730","targetHints":{"allow":["GET"]}}],"collection":[{"href":"https:\/\/www.europesays.com\/fr\/wp-json\/wp\/v2\/posts"}],"about":[{"href":"https:\/\/www.europesays.com\/fr\/wp-json\/wp\/v2\/types\/post"}],"author":[{"embeddable":true,"href":"https:\/\/www.europesays.com\/fr\/wp-json\/wp\/v2\/users\/2"}],"replies":[{"embeddable":true,"href":"https:\/\/www.europesays.com\/fr\/wp-json\/wp\/v2\/comments?post=281730"}],"version-history":[{"count":0,"href":"https:\/\/www.europesays.com\/fr\/wp-json\/wp\/v2\/posts\/281730\/revisions"}],"wp:featuredmedia":[{"embeddable":true,"href":"https:\/\/www.europesays.com\/fr\/wp-json\/wp\/v2\/media\/281731"}],"wp:attachment":[{"href":"https:\/\/www.europesays.com\/fr\/wp-json\/wp\/v2\/media?parent=281730"}],"wp:term":[{"taxonomy":"category","embeddable":true,"href":"https:\/\/www.europesays.com\/fr\/wp-json\/wp\/v2\/categories?post=281730"},{"taxonomy":"post_tag","embeddable":true,"href":"https:\/\/www.europesays.com\/fr\/wp-json\/wp\/v2\/tags?post=281730"}],"curies":[{"name":"wp","href":"https:\/\/api.w.org\/{rel}","templated":true}]}}