{"id":281733,"date":"2025-07-29T10:59:16","date_gmt":"2025-07-29T10:59:16","guid":{"rendered":"https:\/\/www.europesays.com\/fr\/281733\/"},"modified":"2025-07-29T10:59:16","modified_gmt":"2025-07-29T10:59:16","slug":"tenues-excentriques-emancipation-des-codes-timothee-chalamet-le-triomphe-de-lanti-brando","status":"publish","type":"post","link":"https:\/\/www.europesays.com\/fr\/281733\/","title":{"rendered":"Tenues excentriques, \u00e9mancipation des codes&#8230; Timoth\u00e9e Chalamet, le triomphe de l\u2019anti-Brando"},"content":{"rendered":"<p data-module=\"fig-standfirst-editorial-episode\" data-context=\"@media (min-width:48em)\">Depuis la sortie de la romance gay Call\u00a0Me By\u00a0Your\u00a0Name, l\u2019acteur franco-am\u00e9ricain de 29\u00a0ans encha\u00eene les succ\u00e8s et d\u00e9cha\u00eene les foules. Avec sa silhouette fine, sa sensibilit\u00e9 et ses publications sur Instagram, il est\u00a0devenu le h\u00e9ros d\u2019une g\u00e9n\u00e9ration.<\/p>\n<p class=\"fig-paragraph fig-paragraph--dropped\">Hollywood n\u2019a plus le monopole du c\u0153ur. Concurrenc\u00e9 par les s\u00e9ries et les plateformes, le temple du septi\u00e8me art fait moins \u00e9clore de stars qu\u2019auparavant, de celles qui savent s\u00e9duire les foules et leur imaginaire. Qui aurait donc pari\u00e9 sur un Franco-Am\u00e9ricain filiforme aux tenues excentriques pour relancer la fabrique aux \u00e9toiles\u00a0? Difficile, d\u00e9sormais, d\u2019ignorer le ph\u00e9nom\u00e8ne\u00a0<a href=\"http:\/\/www.lefigaro.fr\/culture\/timothee-chalamet-marion-cotillard-demi-moore-auront-leur-etoile-sur-le-hollywood-walk-of-fame-20250703\" data-fig-type=\"NewsFlash\" data-gtm-custom-categorie=\"navigation\" data-gtm-custom-action=\"crossclick\" data-gtm-custom-label=\"Contextuel\" data-gtm-event=\"customEventSPE\" data-fig-domain=\"LEFIGARO\" target=\"_blank\" rel=\"noopener\">Timoth\u00e9e Chalamet<\/a>. Les cris r\u00e9sonnent trop fort. Au Festival de Cannes, en 2021, la ferveur se transformait m\u00eame en \u00e9tourdissement chez ses fans, accroch\u00e9es aux barri\u00e8res que la manifestation place entre les badauds et les stars, comme les jub\u00e9s s\u00e9paraient le sacr\u00e9 du profane.<\/p>\n<p class=\"fig-paragraph fig-paragraph--dropped\">Bon prince, sourire \u00e9tincelant comme son smoking disco, le com\u00e9dien s\u2019\u00e9tait livr\u00e9 \u00e0 un \u00e9ni\u00e8me selfie. Sur le tapis rouge, il accompagnait le r\u00e9alisateur\u00a0<a href=\"http:\/\/www.lefigaro.fr\/festival-de-cannes\/il-y-a-plein-de-facons-de-transposer-une-scene-de-la-page-a-l-ecran-wes-anderson-chef-de-troupe-bien-aime-20250527\" data-fig-type=\"Article\" data-gtm-custom-categorie=\"navigation\" data-gtm-custom-action=\"crossclick\" data-gtm-custom-label=\"Contextuel\" data-gtm-event=\"customEventSPE\" data-fig-domain=\"LEFIGARO\" target=\"_blank\" rel=\"noopener\">Wes Anderson<\/a>\u00a0pour The\u00a0French Dispatch. \u00c0 25\u00a0ans, l\u2019avenir lui tendait les bras comme, en haut des marches, le d\u00e9l\u00e9gu\u00e9 g\u00e9n\u00e9ral du festival, Thierry Fr\u00e9maux. Les m\u00eames sc\u00e8nes de p\u00e2moison et\u2026<\/p>\n<p class=\"fig-premium-paywall__infos\">\n        Cet article est r\u00e9serv\u00e9 aux abonn\u00e9s.        Il vous reste 89% \u00e0 d\u00e9couvrir.\n    <\/p>\n<p>                <img  data- alt=\"Le Figaro\" class=\"fig-img--complete fig-img\"\/><\/p>\n<p class=\"fig-premium-paywall__title\">Vous avez envie de lire la suite ?<\/p>\n<p class=\"fig-premium-paywall__subtitle\">D\u00e9bloquez tous les articles imm\u00e9diatement.<\/p>\n<p class=\"fig-premium-paywall__connect\">\n                D\u00e9j\u00e0 abonn\u00e9\u00a0?                <a class=\"fig-premium-paywall__connect-link\" href=\"https:\/\/connect.lefigaro.fr\/login?client=horizon_web&amp;type=main&amp;redirect_uri=https%3A%2F%2Fwww.lefigaro.fr%2Fculture%2Ftenues-excentriques-emancipation-des-codes-timothee-chalamet-le-phenomene-devenu-heros-d-une-generation-20250728\" data-js-gtm=\"{&quot;customCategorie&quot;: &quot;conversion&quot;, &quot;customAction&quot;: &quot;before_Landing_Connexion_paywall_auto&quot;, &quot;customLabel&quot;: &quot;bGVmaWdhcm8uZnJfXzFmMDUyNWQ1LTZkM2EtNjFiYS1hMDM0LWM3MmIwMWU3MjZkNF9fQXJ0aWNsZQ==_Tenues excentriques, \u00e9mancipation des codes... Timoth\u00e9e Chalamet, le triomphe de l\u2019anti-Brando_338&quot;, &quot;customIDSPE&quot;: &quot;bGVmaWdhcm8uZnJfXzFmMDUyNWQ1LTZkM2EtNjFiYS1hMDM0LWM3MmIwMWU3MjZkNF9fQXJ0aWNsZQ==&quot;, &quot;event&quot;: &quot;customEventSPE&quot;}\" target=\"_blank\" rel=\"noopener\"><br \/>\n                    Connectez-vous<br \/>\n                <\/a>\n            <\/p>\n","protected":false},"excerpt":{"rendered":"Depuis la sortie de la romance gay Call\u00a0Me By\u00a0Your\u00a0Name, l\u2019acteur franco-am\u00e9ricain de 29\u00a0ans encha\u00eene les succ\u00e8s et d\u00e9cha\u00eene&hellip;\n","protected":false},"author":2,"featured_media":281734,"comment_status":"","ping_status":"","sticky":false,"template":"","format":"standard","meta":{"footnotes":""},"categories":[8],"tags":[58,59,1011,27,41407,13427],"class_list":{"0":"post-281733","1":"post","2":"type-post","3":"status-publish","4":"format-standard","5":"has-post-thumbnail","7":"category-divertissement","8":"tag-divertissement","9":"tag-entertainment","10":"tag-fr","11":"tag-france","12":"tag-serie-dete","13":"tag-timothee-chalamet"},"share_on_mastodon":{"url":"https:\/\/pubeurope.com\/@fr\/114936176008069930","error":""},"_links":{"self":[{"href":"https:\/\/www.europesays.com\/fr\/wp-json\/wp\/v2\/posts\/281733","targetHints":{"allow":["GET"]}}],"collection":[{"href":"https:\/\/www.europesays.com\/fr\/wp-json\/wp\/v2\/posts"}],"about":[{"href":"https:\/\/www.europesays.com\/fr\/wp-json\/wp\/v2\/types\/post"}],"author":[{"embeddable":true,"href":"https:\/\/www.europesays.com\/fr\/wp-json\/wp\/v2\/users\/2"}],"replies":[{"embeddable":true,"href":"https:\/\/www.europesays.com\/fr\/wp-json\/wp\/v2\/comments?post=281733"}],"version-history":[{"count":0,"href":"https:\/\/www.europesays.com\/fr\/wp-json\/wp\/v2\/posts\/281733\/revisions"}],"wp:featuredmedia":[{"embeddable":true,"href":"https:\/\/www.europesays.com\/fr\/wp-json\/wp\/v2\/media\/281734"}],"wp:attachment":[{"href":"https:\/\/www.europesays.com\/fr\/wp-json\/wp\/v2\/media?parent=281733"}],"wp:term":[{"taxonomy":"category","embeddable":true,"href":"https:\/\/www.europesays.com\/fr\/wp-json\/wp\/v2\/categories?post=281733"},{"taxonomy":"post_tag","embeddable":true,"href":"https:\/\/www.europesays.com\/fr\/wp-json\/wp\/v2\/tags?post=281733"}],"curies":[{"name":"wp","href":"https:\/\/api.w.org\/{rel}","templated":true}]}}