{"id":281737,"date":"2025-07-29T11:01:11","date_gmt":"2025-07-29T11:01:11","guid":{"rendered":"https:\/\/www.europesays.com\/fr\/281737\/"},"modified":"2025-07-29T11:01:11","modified_gmt":"2025-07-29T11:01:11","slug":"cette-astuce-meconnue-permet-aux-proprietaires-de-recuperer-plus-vite-leurs-loyers-impayes","status":"publish","type":"post","link":"https:\/\/www.europesays.com\/fr\/281737\/","title":{"rendered":"Cette astuce m\u00e9connue permet aux propri\u00e9taires de r\u00e9cup\u00e9rer plus vite leurs loyers impay\u00e9s"},"content":{"rendered":"<p><strong>NOS CONSEILS<\/strong> &#8211; Les propri\u00e9taires peuvent d\u00e9sormais saisir plus facilement les loyers impay\u00e9s sur les salaires des locataires. Mais les proc\u00e9dures restent assez longues, surtout si l\u2019on oublie de prendre certaines pr\u00e9cautions.<\/p>\n<p class=\"fig-paragraph\">\u00ab\u00a0Plusieurs clients m\u2019ont contact\u00e9 pour faire des saisies sur salaire de leurs locataires. Mais ils ont \u00e9t\u00e9 d\u00e9\u00e7us lorsqu\u2019ils ont su qu\u2019ils devaient encore passer devant le juge.\u00a0\u00bb Les propos de cet avocat en droit immobilier illustrent \u00e0 merveille le flou qui entoure la nouvelle r\u00e8gle autour des\u00a0<a href=\"http:\/\/www.lefigaro.fr\/argent\/saisies-sur-salaire-pour-des-loyers-impayes-5-raisons-de-ne-pas-se-rejouir-trop-vite-20250725\" data-fig-type=\"Article\" data-gtm-custom-categorie=\"navigation\" data-gtm-custom-action=\"crossclick\" data-gtm-custom-label=\"Contextuel\" data-gtm-event=\"customEventSPE\" data-fig-domain=\"LEFIGARO\" target=\"_blank\" rel=\"noopener\">loyers impay\u00e9s<\/a>. Depuis le 1er juillet, le propri\u00e9taire peut r\u00e9cup\u00e9rer son d\u00fb en\u00a0<a href=\"https:\/\/leparticulier.lefigaro.fr\/jcms\/c_111571\/immobilier\/desormais-les-loyers-impayes-peuvent-etre-preleves-directement-sur-les-salaires-du-locataire-20250722\" target=\"_blank\" data-fig-type=\"Article\" rel=\"sponsored noopener\" data-gtm-custom-categorie=\"navigation\" data-gtm-custom-action=\"crossclick\" data-gtm-custom-label=\"Contextuel\" data-gtm-event=\"customEventSPE\" data-fig-domain=\"LEPARTICULIER\">saisissant le salaire<\/a>, les comptes bancaires ou les meubles du locataire ind\u00e9licat. Mais, avant cela, il doit obtenir un s\u00e9same indispensable. On l\u2019appelle un \u00ab\u00a0titre ex\u00e9cutoire\u00a0\u00bb, comme le pr\u00e9cise le code des proc\u00e9dures civiles d\u2019ex\u00e9cution (<a href=\"https:\/\/www.legifrance.gouv.fr\/codes\/article_lc\/LEGIARTI000048447352\" target=\"_blank\" rel=\"sponsored noopener\" data-gtm-custom-categorie=\"navigation\" data-gtm-custom-action=\"crossclick\" data-gtm-custom-label=\"Contextuel\" data-gtm-event=\"customEventSPE\">article L212-2<\/a>). C\u2019est lui qui permettra aux bailleurs d\u2019obtenir le feu vert d\u2019un commissaire de justice (nouvelle appellation qui remplace \u00ab\u00a0huissier de justice\u00a0\u00bb) pour r\u00e9aliser cette saisie.<\/p>\n<p class=\"fig-premium-paywall__infos\">\n        Cet article est r\u00e9serv\u00e9 aux abonn\u00e9s.        Il vous reste 84% \u00e0 d\u00e9couvrir.\n    <\/p>\n<p>                <img  data- alt=\"Le Figaro\" class=\"fig-img--complete fig-img\"\/><\/p>\n<p class=\"fig-premium-paywall__title\">Vous avez envie de lire la suite ?<\/p>\n<p class=\"fig-premium-paywall__subtitle\">D\u00e9bloquez tous les articles imm\u00e9diatement.<\/p>\n<p class=\"fig-premium-paywall__connect\">\n                D\u00e9j\u00e0 abonn\u00e9\u00a0?                <a class=\"fig-premium-paywall__connect-link\" href=\"https:\/\/connect.lefigaro.fr\/login?client=horizon_web&amp;type=main&amp;redirect_uri=https%3A%2F%2Fwww.lefigaro.fr%2Fargent%2Fcette-astuce-meconnue-permet-aux-proprietaires-de-recuperer-plus-vite-leurs-loyers-impayes-20250729\" data-js-gtm=\"{&quot;customCategorie&quot;: &quot;conversion&quot;, &quot;customAction&quot;: &quot;before_Landing_Connexion_paywall_manuel&quot;, &quot;customLabel&quot;: &quot;bGVmaWdhcm8uZnJfXzFmMDZiODQ5LWZkYzUtNjVjZS05MzhjLWY5ZjRjMzAxMTQ1MV9fQXJ0aWNsZQ==_Cette astuce m\u00e9connue permet aux propri\u00e9taires de r\u00e9cup\u00e9rer plus vite leurs loyers impay\u00e9s_1841&quot;, &quot;customIDSPE&quot;: &quot;bGVmaWdhcm8uZnJfXzFmMDZiODQ5LWZkYzUtNjVjZS05MzhjLWY5ZjRjMzAxMTQ1MV9fQXJ0aWNsZQ==&quot;, &quot;event&quot;: &quot;customEventSPE&quot;}\" target=\"_blank\" rel=\"noopener\"><br \/>\n                    Connectez-vous<br \/>\n                <\/a>\n            <\/p>\n","protected":false},"excerpt":{"rendered":"NOS CONSEILS &#8211; Les propri\u00e9taires peuvent d\u00e9sormais saisir plus facilement les loyers impay\u00e9s sur les salaires des locataires.&hellip;\n","protected":false},"author":2,"featured_media":281738,"comment_status":"","ping_status":"","sticky":false,"template":"","format":"standard","meta":{"footnotes":""},"categories":[6],"tags":[35,33,34,1011,27,1116,42118,22348,20721],"class_list":{"0":"post-281737","1":"post","2":"type-post","3":"status-publish","4":"format-standard","5":"has-post-thumbnail","7":"category-economie","8":"tag-business","9":"tag-economie","10":"tag-economy","11":"tag-fr","12":"tag-france","13":"tag-immobilier","14":"tag-locataire","15":"tag-loyers","16":"tag-proprietaires"},"share_on_mastodon":{"url":"https:\/\/pubeurope.com\/@fr\/114936183876356525","error":""},"_links":{"self":[{"href":"https:\/\/www.europesays.com\/fr\/wp-json\/wp\/v2\/posts\/281737","targetHints":{"allow":["GET"]}}],"collection":[{"href":"https:\/\/www.europesays.com\/fr\/wp-json\/wp\/v2\/posts"}],"about":[{"href":"https:\/\/www.europesays.com\/fr\/wp-json\/wp\/v2\/types\/post"}],"author":[{"embeddable":true,"href":"https:\/\/www.europesays.com\/fr\/wp-json\/wp\/v2\/users\/2"}],"replies":[{"embeddable":true,"href":"https:\/\/www.europesays.com\/fr\/wp-json\/wp\/v2\/comments?post=281737"}],"version-history":[{"count":0,"href":"https:\/\/www.europesays.com\/fr\/wp-json\/wp\/v2\/posts\/281737\/revisions"}],"wp:featuredmedia":[{"embeddable":true,"href":"https:\/\/www.europesays.com\/fr\/wp-json\/wp\/v2\/media\/281738"}],"wp:attachment":[{"href":"https:\/\/www.europesays.com\/fr\/wp-json\/wp\/v2\/media?parent=281737"}],"wp:term":[{"taxonomy":"category","embeddable":true,"href":"https:\/\/www.europesays.com\/fr\/wp-json\/wp\/v2\/categories?post=281737"},{"taxonomy":"post_tag","embeddable":true,"href":"https:\/\/www.europesays.com\/fr\/wp-json\/wp\/v2\/tags?post=281737"}],"curies":[{"name":"wp","href":"https:\/\/api.w.org\/{rel}","templated":true}]}}