{"id":281739,"date":"2025-07-29T11:02:15","date_gmt":"2025-07-29T11:02:15","guid":{"rendered":"https:\/\/www.europesays.com\/fr\/281739\/"},"modified":"2025-07-29T11:02:15","modified_gmt":"2025-07-29T11:02:15","slug":"au-bresil-lula-en-passe-de-gagner-son-objectif-deradiquer-la-famine","status":"publish","type":"post","link":"https:\/\/www.europesays.com\/fr\/281739\/","title":{"rendered":"Au Br\u00e9sil, Lula en passe de gagner son objectif d\u2019\u00e9radiquer la famine"},"content":{"rendered":"<p>Il en avait fait<a href=\"https:\/\/www.humanite.fr\/monde\/bresil\/bresil-le-plan-de-lula-pour-eradiquer-la-faim\" target=\"_blank\" rel=\"noopener\"> le fer de lance de sa politique<\/a> \u00e0 son retour au pouvoir le 1er\u00a0janvier 2023\u00a0: \u00e9radiquer la faim au Br\u00e9sil. Le pr\u00e9sident <a href=\"https:\/\/www.humanite.fr\/monde\/bresil\/le-president-bresilien-lula-en-visite-detat-a-paris\" target=\"_blank\" rel=\"noopener\">Luiz Inacio Lula da\u00a0Silva<\/a> est en passe de r\u00e9ussir, et c\u2019est la FAO, l\u2019Organisation des Nations unies pour l\u2019alimentation et l\u2019agriculture, qui l\u2019\u00e9crit dans son rapport annuel.<\/p>\n<p>Publi\u00e9 lundi 28\u00a0juillet 2025, il souligne que 40\u00a0millions de Br\u00e9siliens sont sortis de l\u2019ins\u00e9curit\u00e9 alimentaire mod\u00e9r\u00e9e ou s\u00e9v\u00e8re entre 2022 et 2024, faisant ainsi chuter la part de la population touch\u00e9e de 32,8\u00a0% \u00e0 13,5\u00a0%, soit pr\u00e8s de <a href=\"https:\/\/www.humanite.fr\/monde\/bresil\/bresil-lextreme-pauvrete-reduite-de-moitie-depuis-le-retour-de-lula\" target=\"_blank\" rel=\"noopener\">28\u00a0millions de Br\u00e9siliens concern\u00e9s<\/a>. <\/p>\n<p>Quatre-vingt-deux\u00a0\u00c9tats ont rejoint l\u2019Alliance globale contre la faim et la pauvret\u00e9 dont il est \u00e0 l\u2019initiative, pour sortir de l\u2019enlisement des efforts pour \u00e9radiquer l\u2019ins\u00e9curit\u00e9 alimentaire. En 2023, plus de 9\u00a0% de la population mondiale souffrait de la faim, selon les derni\u00e8res donn\u00e9es disponibles des Nations unies sur l\u2019ins\u00e9curit\u00e9 alimentaire.<\/p>\n<p>Le journal des intelligences libres<\/p>\n<p>\u00ab C\u2019est par des informations \u00e9tendues et exactes que nous voudrions donner \u00e0 toutes les intelligences libres <strong>le moyen de comprendre et de juger elles-m\u00eames les \u00e9v\u00e9nements du monde<\/strong>. \u00bb<br \/>Tel \u00e9tait <strong>\u00ab\u00a0Notre but\u00a0\u00bb<\/strong>, comme l\u2019\u00e9crivait Jean Jaur\u00e8s dans le premier \u00e9ditorial de l\u2019Humanit\u00e9.<br \/><strong>120 ans plus tard, il n\u2019a pas chang\u00e9. <br \/>Gr\u00e2ce \u00e0 vous. <\/strong><br \/>Soutenez-nous\u00a0! Votre don sera d\u00e9fiscalis\u00e9\u00a0: donner 5\u20ac vous reviendra \u00e0 1.65\u20ac. Le prix d\u2019un caf\u00e9.<br \/><a href=\"https:\/\/www.humanite.fr\/lhumanite-cest-vous\" target=\"_blank\" rel=\"noopener\">Je veux en savoir plus\u00a0!<\/a><\/p>\n","protected":false},"excerpt":{"rendered":"Il en avait fait le fer de lance de sa politique \u00e0 son retour au pouvoir le 1er\u00a0janvier&hellip;\n","protected":false},"author":2,"featured_media":281740,"comment_status":"","ping_status":"","sticky":false,"template":"","format":"standard","meta":{"footnotes":""},"categories":[5],"tags":[11,1011,27,14,19363,12,28],"class_list":{"0":"post-281739","1":"post","2":"type-post","3":"status-publish","4":"format-standard","5":"has-post-thumbnail","7":"category-international","8":"tag-actualites","9":"tag-fr","10":"tag-france","11":"tag-international","12":"tag-lula","13":"tag-news","14":"tag-world"},"share_on_mastodon":{"url":"https:\/\/pubeurope.com\/@fr\/114936187701913953","error":""},"_links":{"self":[{"href":"https:\/\/www.europesays.com\/fr\/wp-json\/wp\/v2\/posts\/281739","targetHints":{"allow":["GET"]}}],"collection":[{"href":"https:\/\/www.europesays.com\/fr\/wp-json\/wp\/v2\/posts"}],"about":[{"href":"https:\/\/www.europesays.com\/fr\/wp-json\/wp\/v2\/types\/post"}],"author":[{"embeddable":true,"href":"https:\/\/www.europesays.com\/fr\/wp-json\/wp\/v2\/users\/2"}],"replies":[{"embeddable":true,"href":"https:\/\/www.europesays.com\/fr\/wp-json\/wp\/v2\/comments?post=281739"}],"version-history":[{"count":0,"href":"https:\/\/www.europesays.com\/fr\/wp-json\/wp\/v2\/posts\/281739\/revisions"}],"wp:featuredmedia":[{"embeddable":true,"href":"https:\/\/www.europesays.com\/fr\/wp-json\/wp\/v2\/media\/281740"}],"wp:attachment":[{"href":"https:\/\/www.europesays.com\/fr\/wp-json\/wp\/v2\/media?parent=281739"}],"wp:term":[{"taxonomy":"category","embeddable":true,"href":"https:\/\/www.europesays.com\/fr\/wp-json\/wp\/v2\/categories?post=281739"},{"taxonomy":"post_tag","embeddable":true,"href":"https:\/\/www.europesays.com\/fr\/wp-json\/wp\/v2\/tags?post=281739"}],"curies":[{"name":"wp","href":"https:\/\/api.w.org\/{rel}","templated":true}]}}