{"id":281743,"date":"2025-07-29T11:04:14","date_gmt":"2025-07-29T11:04:14","guid":{"rendered":"https:\/\/www.europesays.com\/fr\/281743\/"},"modified":"2025-07-29T11:04:14","modified_gmt":"2025-07-29T11:04:14","slug":"quest-ce-que-le-burn-line-cette-tendance-tiktok-dangereuse-qui-inquiete-dermatologues-et-autorites","status":"publish","type":"post","link":"https:\/\/www.europesays.com\/fr\/281743\/","title":{"rendered":"qu&rsquo;est-ce que le \u00ab\u00a0burn line\u00a0\u00bb, cette tendance TikTok dangereuse, qui inqui\u00e8te dermatologues et autorit\u00e9s ?"},"content":{"rendered":"<p class=\"article-p mdl\">Le ministre de la Sant\u00e9 appelle \u00e0 la raison apr\u00e8s la tendance dangereuse vue sur les r\u00e9seaux sociaux du\u00a0\u00ab\u00a0sun tattoo\u00a0\u00bb ou \u00ab\u00a0burn lines\u00a0\u00bb que l&rsquo;on peut traduire par \u00ab\u00a0tatouage de soleil\u00a0\u00bb ou \u00ab\u00a0marque de br\u00fblure\u00a0\u00bb. Sur TikTok, des vid\u00e9os de jeunes filles qui se br\u00fblent la peau circulent. Le but : avoir des traces de bronzage parfaites \u00e0 coup de mono\u00ef.\u00a0<\/p>\n<p class=\"article-p mdl\">\u00c0 Nice, sur la promenade des Anglais, malgr\u00e9 les galets, ces jeunes filles sont facilement reconnaissables. Elles ont<a class=\"link\" href=\"https:\/\/www.rtl.fr\/actu\/sante\/des-heures-apres-le-bronzage-la-peau-continue-de-souffrir-7776693283\" title=\"Des heures apr\u00e8s le bronzage, la peau continue de souffrir\" target=\"_blank\" rel=\"noopener\"> le teint couleur caramel,\u00a0<\/a>elles ont entre 18 et 23 ans et elles ont le m\u00eame objectif en t\u00eate pour cet \u00e9t\u00e9 :<\/p>\n<p class=\"article-p mdl\">\u00ab\u00a0Si je me prot\u00e8ge, je rentre chez moi, j&rsquo;ai l&rsquo;impression de ne pas avoir bronz\u00e9, donc je pr\u00e9f\u00e8re rentrer cram\u00e9e. C&rsquo;est juste <strong>une question de frustration\u00a0\u00bb<\/strong>, explique l&rsquo;une d&rsquo;elle au micro de RTL.<\/p>\n<p class=\"article-p mdl\">\u00ab\u00a0On est bronz\u00e9, \u00e7a rend les dents plus blanches, les cernes, on les voit moins, les joues g\u00e9n\u00e9ralement sont un peu plus ros\u00e9es. \u00c7a, c&rsquo;est un peu une satisfaction aussi, <strong>on aime mieux se regarder dans le miroir, <\/strong>on a l&rsquo;air en meilleure forme\u00a0\u00bb, ajoute une autre.<\/p>\n<blockquote class=\"article-quote\">\n<p class=\"article-quote-text icon icon-quote-v2\">On m&rsquo;a toujours dit : \u00ab\u00a0Mets de la cr\u00e8me solaire, tu vas avoir un cancer de la peau !\u00a0\u00bb Mais je m&rsquo;en fous, je pr\u00e9f\u00e8re bronzer.<\/p>\n<\/blockquote>\n<p class=\"article-p mdl\">D&rsquo;apr\u00e8s l&rsquo;Institut national du Cancer, une peau bronz\u00e9e indique que\u00a0<a class=\"link\" href=\"https:\/\/www.rtl.fr\/actu\/sante\/comment-se-proteger-du-soleil-pour-eviter-un-cancer-de-la-peau-7900045897\" title=\"Comment se prot\u00e9ger du soleil pour \u00e9viter un cancer de la peau ?\" target=\"_blank\" rel=\"noopener\">l&rsquo;ADN a subi des dommages.\u00a0<\/a>Des risques que ces jeunes filles connaissent, mais qu&rsquo;<strong>elles pr\u00e9f\u00e8rent ignorer.<\/strong> \u00ab\u00a0On m&rsquo;a toujours dit : \u00ab\u00a0Mets de la cr\u00e8me solaire, tu vas avoir un cancer de la peau !\u00a0\u00bb Mais je m&rsquo;en fous, je pr\u00e9f\u00e8re bronzer\u00a0\u00bb, assume l&rsquo;une d&rsquo;elles.\u00a0<\/p>\n<p class=\"article-p mdl\">\u00ab\u00a0On ne capte pas trop, je pense,\u00a0<a class=\"link\" href=\"https:\/\/www.rtl.fr\/actu\/debats-societe\/vacances-2019-comment-guerir-un-coup-de-soleil-7798121525\" title=\"Vacances 2019 : comment gu\u00e9rir un coup de soleil ?\" target=\"_blank\" rel=\"noopener\">les effets ind\u00e9sirables\u00a0<\/a>sur le moment. On va capter dans quelques ann\u00e9es quand on aura des taches sur le corps ou des probl\u00e8mes de peau\u00a0\u00bb, poursuit une autre jeune femme.\u00a0<\/p>\n<p class=\"article-p mdl\">Chaque ann\u00e9e, selon les estimations de Sant\u00e9 publique France, entre<strong> 112.000 et 190.000 cancers de la peau <\/strong>sont diagnostiqu\u00e9s suite \u00e0 une exposition excessive aux UV.\u00a0<\/p>\n<p>    La r\u00e9daction vous recommande<\/p>\n<p class=\"s-newsletter__title\">\n                L\u2019actualit\u00e9 par la r\u00e9daction de RTL dans votre bo\u00eete mail.\n            <\/p>\n<p class=\"s-newsletter__subtitle\">\n                Gr\u00e2ce \u00e0 votre compte RTL abonnez-vous \u00e0 la newsletter RTL info pour suivre toute l&rsquo;actualit\u00e9 au quotidien\n            <\/p>\n<p>\n                                    Lire la suite\n                                <\/p>\n","protected":false},"excerpt":{"rendered":"Le ministre de la Sant\u00e9 appelle \u00e0 la raison apr\u00e8s la tendance dangereuse vue sur les r\u00e9seaux sociaux&hellip;\n","protected":false},"author":2,"featured_media":281744,"comment_status":"","ping_status":"","sticky":false,"template":"","format":"standard","meta":{"footnotes":""},"categories":[2],"tags":[11,107,1011,27,12,71,18830,2439,2453],"class_list":{"0":"post-281743","1":"post","2":"type-post","3":"status-publish","4":"format-standard","5":"has-post-thumbnail","7":"category-actualites","8":"tag-actualites","9":"tag-fil-info","10":"tag-fr","11":"tag-france","12":"tag-news","13":"tag-sante","14":"tag-tendances","15":"tag-tiktok","16":"tag-vacances-dete"},"share_on_mastodon":{"url":"https:\/\/pubeurope.com\/@fr\/114936195558481951","error":""},"_links":{"self":[{"href":"https:\/\/www.europesays.com\/fr\/wp-json\/wp\/v2\/posts\/281743","targetHints":{"allow":["GET"]}}],"collection":[{"href":"https:\/\/www.europesays.com\/fr\/wp-json\/wp\/v2\/posts"}],"about":[{"href":"https:\/\/www.europesays.com\/fr\/wp-json\/wp\/v2\/types\/post"}],"author":[{"embeddable":true,"href":"https:\/\/www.europesays.com\/fr\/wp-json\/wp\/v2\/users\/2"}],"replies":[{"embeddable":true,"href":"https:\/\/www.europesays.com\/fr\/wp-json\/wp\/v2\/comments?post=281743"}],"version-history":[{"count":0,"href":"https:\/\/www.europesays.com\/fr\/wp-json\/wp\/v2\/posts\/281743\/revisions"}],"wp:featuredmedia":[{"embeddable":true,"href":"https:\/\/www.europesays.com\/fr\/wp-json\/wp\/v2\/media\/281744"}],"wp:attachment":[{"href":"https:\/\/www.europesays.com\/fr\/wp-json\/wp\/v2\/media?parent=281743"}],"wp:term":[{"taxonomy":"category","embeddable":true,"href":"https:\/\/www.europesays.com\/fr\/wp-json\/wp\/v2\/categories?post=281743"},{"taxonomy":"post_tag","embeddable":true,"href":"https:\/\/www.europesays.com\/fr\/wp-json\/wp\/v2\/tags?post=281743"}],"curies":[{"name":"wp","href":"https:\/\/api.w.org\/{rel}","templated":true}]}}