{"id":281747,"date":"2025-07-29T11:06:13","date_gmt":"2025-07-29T11:06:13","guid":{"rendered":"https:\/\/www.europesays.com\/fr\/281747\/"},"modified":"2025-07-29T11:06:13","modified_gmt":"2025-07-29T11:06:13","slug":"loire-il-fait-vrombir-sa-puissante-audi-et-se-fait-embarquer-en-meme-temps-quun-temoin-insultant","status":"publish","type":"post","link":"https:\/\/www.europesays.com\/fr\/281747\/","title":{"rendered":"Loire. Il fait vrombir sa puissante Audi et se fait embarquer&#8230; en m\u00eame temps qu\u2019un t\u00e9moin insultant"},"content":{"rendered":"<p>Les officiers de police qui effectuaient des contr\u00f4les dans le secteur de la rue Antoine Durafour sont tomb\u00e9s sur des \u00e9nergum\u00e8nes qui leur ont donn\u00e9 du fil \u00e0 retordre. \u00c0 cet endroit o\u00f9, \u00e0 la suite d\u2019un arr\u00eat\u00e9 pr\u00e9fectoral, les patrouilles sont renforc\u00e9es le soir, les officiers sur le terrain ont proc\u00e9d\u00e9 \u00e0 deux interpellations distinctes pour une seule affaire.<\/p>\n<p>Dans un premier temps, vers 23\u00a0h\u00a030, un St\u00e9phanois \u00e2g\u00e9 de 20 ans se sentait pousser des ailes au volant de son Audi S3. Un puissant v\u00e9hicule dont il a su faire vrombir les chevaux. Une pollution sonore intol\u00e9rable pour les policiers.<\/p>\n<p>  Il assiste \u00e0 la sc\u00e8ne avant d\u2019invectiver les policiers avachis sur un capot de voiture<\/p>\n<p>Contr\u00f4l\u00e9, il s\u2019est av\u00e9r\u00e9 que son v\u00e9hicule n\u2019\u00e9tait pas assur\u00e9, que son permis \u00e9tait invalid\u00e9 et qu\u2019il \u00e9tait en r\u00e9cidive. Un combo qui va le conduire au tribunal correctionnel et qui lui a valu de voir sa voiture repartir sur le camion de d\u00e9pannage, direction la fourri\u00e8re. Et vers minuit, le temps que les patrouilleurs patientent en attendant l\u2019arriv\u00e9e du remorqueur charg\u00e9 d\u2019embarquer le v\u00e9hicule, un individu avachi sur un capot de voiture, en train de fumer \u00e0 joint, s\u2019est mis \u00e0 interpeller les personnels de la section d\u2019intervention de la police nationale.<\/p>\n<p>Inviter \u00e0 baisser de ton, ce St\u00e9phanois de 23 ans s\u2019est montr\u00e9 au contraire bien plus vindicatif. Outrages \u00e0 agents, r\u00e9bellion, il a \u00e9t\u00e9 conduit au poste de police. Fortement alcoolis\u00e9, avec 2,12 grammes par litre de sang, il devrait s\u2019expliquer prochainement devant la justice. Deux policiers ont d\u00e9pos\u00e9 plainte dans cette affaire face \u00e0 ce \u00ab\u00a0spectateur\u00a0\u00bb provocateur totalement d\u00e9sinhib\u00e9 par le m\u00e9lange d\u2019alcool et de stup\u00e9fiants.<\/p>\n","protected":false},"excerpt":{"rendered":"Les officiers de police qui effectuaient des contr\u00f4les dans le secteur de la rue Antoine Durafour sont tomb\u00e9s&hellip;\n","protected":false},"author":2,"featured_media":281748,"comment_status":"","ping_status":"","sticky":false,"template":"","format":"standard","meta":{"footnotes":""},"categories":[9653],"tags":[1111,11,2430,271,272,7539,1777,674,274,1011,27,3367,12,25,4001,7538],"class_list":{"0":"post-281747","1":"post","2":"type-post","3":"status-publish","4":"format-standard","5":"has-post-thumbnail","7":"category-saint-etienne","8":"tag-actu","9":"tag-actualites","10":"tag-auvergne-rhone-alpes","11":"tag-crime","12":"tag-delit-et-contravention","13":"tag-edition-loire-sud","14":"tag-eu","15":"tag-europe","16":"tag-faits-divers-justice","17":"tag-fr","18":"tag-france","19":"tag-loire","20":"tag-news","21":"tag-republique-francaise","22":"tag-saint-etienne","23":"tag-saint-etienne-ville"},"share_on_mastodon":{"url":"https:\/\/pubeurope.com\/@fr\/114936203506821229","error":""},"_links":{"self":[{"href":"https:\/\/www.europesays.com\/fr\/wp-json\/wp\/v2\/posts\/281747","targetHints":{"allow":["GET"]}}],"collection":[{"href":"https:\/\/www.europesays.com\/fr\/wp-json\/wp\/v2\/posts"}],"about":[{"href":"https:\/\/www.europesays.com\/fr\/wp-json\/wp\/v2\/types\/post"}],"author":[{"embeddable":true,"href":"https:\/\/www.europesays.com\/fr\/wp-json\/wp\/v2\/users\/2"}],"replies":[{"embeddable":true,"href":"https:\/\/www.europesays.com\/fr\/wp-json\/wp\/v2\/comments?post=281747"}],"version-history":[{"count":0,"href":"https:\/\/www.europesays.com\/fr\/wp-json\/wp\/v2\/posts\/281747\/revisions"}],"wp:featuredmedia":[{"embeddable":true,"href":"https:\/\/www.europesays.com\/fr\/wp-json\/wp\/v2\/media\/281748"}],"wp:attachment":[{"href":"https:\/\/www.europesays.com\/fr\/wp-json\/wp\/v2\/media?parent=281747"}],"wp:term":[{"taxonomy":"category","embeddable":true,"href":"https:\/\/www.europesays.com\/fr\/wp-json\/wp\/v2\/categories?post=281747"},{"taxonomy":"post_tag","embeddable":true,"href":"https:\/\/www.europesays.com\/fr\/wp-json\/wp\/v2\/tags?post=281747"}],"curies":[{"name":"wp","href":"https:\/\/api.w.org\/{rel}","templated":true}]}}