{"id":281749,"date":"2025-07-29T11:07:13","date_gmt":"2025-07-29T11:07:13","guid":{"rendered":"https:\/\/www.europesays.com\/fr\/281749\/"},"modified":"2025-07-29T11:07:13","modified_gmt":"2025-07-29T11:07:13","slug":"nancy-un-frene-tombe-au-parc-sainte-marie-et-endommage-le-magnolia-arbre-classe","status":"publish","type":"post","link":"https:\/\/www.europesays.com\/fr\/281749\/","title":{"rendered":"Nancy. Un fr\u00eane tombe au parc Sainte-Marie et endommage le magnolia, arbre class\u00e9"},"content":{"rendered":"<p>Les intemp\u00e9ries de ce mois de juillet continuent de faire sentir leurs effets \u00e0 Nancy. Apr\u00e8s l&rsquo;important \u00e9pisode orageux <a href=\"https:\/\/www.estrepublicain.fr\/environnement\/2025\/07\/20\/alerte-orange-chute-d-arbre-rues-et-circulation-coupees\" target=\"_blank\" rel=\"noopener\">qui a frapp\u00e9 la ville le dimanche 20 juillet<\/a>, un nouvel \u00e9pisode pluvieux dimanche a fait de nouveaux d\u00e9g\u00e2ts.\u00a0<\/p>\n<p>Un fr\u00eane plant\u00e9 dans le parc Sainte-Marie s&rsquo;est cass\u00e9 dans la nuit de dimanche \u00e0 lundi. L&rsquo;arbre d&rsquo;une hauteur de 30 m\u00e8tres s&rsquo;est abattu sur le magnolia de Soulanges, un arbre dont la floraison, chaque printemps, est tr\u00e8s attendue et sert de d\u00e9cor \u00e0 de nombreuses photos.\u00a0<\/p>\n<p>Un magnolia centenaire<\/p>\n<p>Dans sa chute, le fr\u00eane a endommag\u00e9 les branches du magnolia. La moiti\u00e9 d&rsquo;entre elles sont \u00e0 terre. L&rsquo;\u00e9tendue des d\u00e9g\u00e2ts ne pourra \u00eatre jug\u00e9e qu&rsquo;une fois l&rsquo;ensemble des branches \u00e9vacu\u00e9es.\u00a0<\/p>\n<p>\u00ab\u00a0Le fr\u00eane, de pr\u00e8s de 70 cm de diam\u00e8tre et de 30 m de haut, montre aujourd\u2019hui quelques signes de fracture interne, certainement li\u00e9s \u00e0 de pr\u00e9c\u00e9dents coups de vent, indique la M\u00e9tropole du Grand Nancy dans un communiqu\u00e9 de presse. Les derniers suivis ne laissaient pas suspecter ces alt\u00e9rations internes.\u00a0\u00bb<\/p>\n<p>Le magnolia avait \u00e9t\u00e9 plant\u00e9 <a href=\"https:\/\/www.estrepublicain.fr\/societe\/2024\/04\/29\/savez-vous-ce-qui-reste-a-nancy-de-l-impressionnante-exposition-internationale-de-1900\" target=\"_blank\" rel=\"noopener\">pour l&rsquo;Exposition de l&rsquo;Est de la France, en 1909<\/a>.<\/p>\n","protected":false},"excerpt":{"rendered":"Les intemp\u00e9ries de ce mois de juillet continuent de faire sentir leurs effets \u00e0 Nancy. Apr\u00e8s l&rsquo;important \u00e9pisode&hellip;\n","protected":false},"author":2,"featured_media":281750,"comment_status":"","ping_status":"","sticky":false,"template":"","format":"standard","meta":{"footnotes":""},"categories":[9635],"tags":[119,1111,11,1704,1777,674,1011,27,775,8423,3457,1702,12,25],"class_list":{"0":"post-281749","1":"post","2":"type-post","3":"status-publish","4":"format-standard","5":"has-post-thumbnail","7":"category-nancy","8":"tag-accident","9":"tag-actu","10":"tag-actualites","11":"tag-edition-nancy-et-agglomeration","12":"tag-eu","13":"tag-europe","14":"tag-fr","15":"tag-france","16":"tag-grand-est","17":"tag-meteorologie-climat","18":"tag-meurthe-et-moselle","19":"tag-nancy","20":"tag-news","21":"tag-republique-francaise"},"share_on_mastodon":{"url":"https:\/\/pubeurope.com\/@fr\/114936207309883488","error":""},"_links":{"self":[{"href":"https:\/\/www.europesays.com\/fr\/wp-json\/wp\/v2\/posts\/281749","targetHints":{"allow":["GET"]}}],"collection":[{"href":"https:\/\/www.europesays.com\/fr\/wp-json\/wp\/v2\/posts"}],"about":[{"href":"https:\/\/www.europesays.com\/fr\/wp-json\/wp\/v2\/types\/post"}],"author":[{"embeddable":true,"href":"https:\/\/www.europesays.com\/fr\/wp-json\/wp\/v2\/users\/2"}],"replies":[{"embeddable":true,"href":"https:\/\/www.europesays.com\/fr\/wp-json\/wp\/v2\/comments?post=281749"}],"version-history":[{"count":0,"href":"https:\/\/www.europesays.com\/fr\/wp-json\/wp\/v2\/posts\/281749\/revisions"}],"wp:featuredmedia":[{"embeddable":true,"href":"https:\/\/www.europesays.com\/fr\/wp-json\/wp\/v2\/media\/281750"}],"wp:attachment":[{"href":"https:\/\/www.europesays.com\/fr\/wp-json\/wp\/v2\/media?parent=281749"}],"wp:term":[{"taxonomy":"category","embeddable":true,"href":"https:\/\/www.europesays.com\/fr\/wp-json\/wp\/v2\/categories?post=281749"},{"taxonomy":"post_tag","embeddable":true,"href":"https:\/\/www.europesays.com\/fr\/wp-json\/wp\/v2\/tags?post=281749"}],"curies":[{"name":"wp","href":"https:\/\/api.w.org\/{rel}","templated":true}]}}