{"id":281751,"date":"2025-07-29T11:09:30","date_gmt":"2025-07-29T11:09:30","guid":{"rendered":"https:\/\/www.europesays.com\/fr\/281751\/"},"modified":"2025-07-29T11:09:30","modified_gmt":"2025-07-29T11:09:30","slug":"les-futurs-entraineurs-envoient-une-carte-postale-de-pologne","status":"publish","type":"post","link":"https:\/\/www.europesays.com\/fr\/281751\/","title":{"rendered":"les futurs entra\u00eeneurs envoient une carte postale de Pologne"},"content":{"rendered":"<p>Ils seront assis c\u00f4te \u00e0 c\u00f4te sur le banc du VNVB, la saison prochaine, mais ils \u00e9taient encore adversaires, dimanche dernier en Pologne, lors de la journ\u00e9e de cl\u00f4ture de la VNL f\u00e9minine (Volleyball Nations League).<\/p>\n<p><a href=\"https:\/\/www.estrepublicain.fr\/sport\/2025\/05\/06\/nicola-vettori-nouveau-coach-du-vandoeuvre-nancy-vb-je-sais-que-l-heritage-est-lourd\" target=\"_blank\" rel=\"noopener\">Nicola Vettori, le successeur italo-polonais d\u2019Andr\u00e9 S\u00e0<\/a> et son futur assistant, <a href=\"https:\/\/www.estrepublicain.fr\/sport\/2025\/05\/28\/tripolitsiotis-et-yoshida-les-entraineurs-adjoints-grec-et-japonais-de-vandoeuvre-nancy\" target=\"_blank\" rel=\"noopener\">le Japonais Shin Yoshida<\/a> , ont envoy\u00e9 un petit clin d\u2019\u0153il au club vandop\u00e9rien, sous la forme d\u2019une photo prise \u00e0 l\u2019issue du match pour la troisi\u00e8me place, entre la Pologne (dont Nicola Vettori est l\u2019un des entra\u00eeneurs adjoints) et le Japon (Shin Yoshida est assistant coach). Petite finale remport\u00e9e par la Pologne de Nicola Vettori (3 \u00e0 1), qui a donc d\u00e9croch\u00e9 la m\u00e9daille de bronze de la comp\u00e9tition.<\/p>\n<p>Ce contenu est bloqu\u00e9 car vous n&rsquo;avez pas accept\u00e9 les cookies et autres traceurs.<\/p>\n<p>En cliquant sur \u00ab J\u2019accepte \u00bb, les cookies et autres traceurs seront d\u00e9pos\u00e9s et vous pourrez visualiser les contenus  (<a href=\"\" class=\"consentModule_policy\" target=\"_blank\" title=\"Consulter la politique de protection des donn\u00e9es du fournisseur\">plus d&rsquo;informations<\/a>).<\/p>\n<p>En cliquant sur \u00ab J\u2019accepte tous les cookies \u00bb, vous autorisez des d\u00e9p\u00f4ts de cookies et autres traceurs pour le stockage de vos donn\u00e9es sur nos sites et applications \u00e0 des fins de personnalisation et de ciblage publicitaire.<\/p>\n<p class=\"consentModule_secondaryText\">Vous gardez la possibilit\u00e9 de retirer votre consentement \u00e0 tout moment en consultant notre <a href=\"https:\/\/www.estrepublicain.fr\/protection-des-donnees\" target=\"_blank\" title=\"Consulter notre politique de protection des donn\u00e9es\" rel=\"noopener\">politique de protection des donn\u00e9es<\/a>. <br \/>&#13;<br \/>\n            <a href=\"https:\/\/www.estrepublicain.fr\/sport\/2025\/07\/29\/javascript:Didomi.notice.show()\" class=\"consentModule_cmp\" target=\"_blank\" rel=\"noopener\">G\u00e9rer mes choix<\/a>&#13;\n        <\/p>\n<p>&#13;<br \/>\n                        J&rsquo;accepte&#13;<br \/>\n            J&rsquo;accepte tous les cookies&#13;\n        <\/p>\n<p>Les deux techniciens seront \u00e0 nouveau appel\u00e9s sous les drapeaux, \u00e0 l\u2019occasion du championnat du monde, qui aura lieu du 22\u00a0ao\u00fbt au 7\u00a0septembre, en Tha\u00eflande.<\/p>\n","protected":false},"excerpt":{"rendered":"Ils seront assis c\u00f4te \u00e0 c\u00f4te sur le banc du VNVB, la saison prochaine, mais ils \u00e9taient encore&hellip;\n","protected":false},"author":2,"featured_media":281752,"comment_status":"","ping_status":"","sticky":false,"template":"","format":"standard","meta":{"footnotes":""},"categories":[9635],"tags":[1111,11,1704,1777,674,1701,1011,27,775,6364,1702,12,25,517,1700,5711,1750,1632],"class_list":{"0":"post-281751","1":"post","2":"type-post","3":"status-publish","4":"format-standard","5":"has-post-thumbnail","7":"category-nancy","8":"tag-actu","9":"tag-actualites","10":"tag-edition-nancy-et-agglomeration","11":"tag-eu","12":"tag-europe","13":"tag-fil-info-sport","14":"tag-fr","15":"tag-france","16":"tag-grand-est","17":"tag-metropole-du-grand-nancy-54b1","18":"tag-nancy","19":"tag-news","20":"tag-republique-francaise","21":"tag-sport","22":"tag-sport-lorrain","23":"tag-vandoeuvre-les-nancy","24":"tag-vnvb","25":"tag-volley-ball"},"share_on_mastodon":{"url":"https:\/\/pubeurope.com\/@fr\/114936215221588968","error":""},"_links":{"self":[{"href":"https:\/\/www.europesays.com\/fr\/wp-json\/wp\/v2\/posts\/281751","targetHints":{"allow":["GET"]}}],"collection":[{"href":"https:\/\/www.europesays.com\/fr\/wp-json\/wp\/v2\/posts"}],"about":[{"href":"https:\/\/www.europesays.com\/fr\/wp-json\/wp\/v2\/types\/post"}],"author":[{"embeddable":true,"href":"https:\/\/www.europesays.com\/fr\/wp-json\/wp\/v2\/users\/2"}],"replies":[{"embeddable":true,"href":"https:\/\/www.europesays.com\/fr\/wp-json\/wp\/v2\/comments?post=281751"}],"version-history":[{"count":0,"href":"https:\/\/www.europesays.com\/fr\/wp-json\/wp\/v2\/posts\/281751\/revisions"}],"wp:featuredmedia":[{"embeddable":true,"href":"https:\/\/www.europesays.com\/fr\/wp-json\/wp\/v2\/media\/281752"}],"wp:attachment":[{"href":"https:\/\/www.europesays.com\/fr\/wp-json\/wp\/v2\/media?parent=281751"}],"wp:term":[{"taxonomy":"category","embeddable":true,"href":"https:\/\/www.europesays.com\/fr\/wp-json\/wp\/v2\/categories?post=281751"},{"taxonomy":"post_tag","embeddable":true,"href":"https:\/\/www.europesays.com\/fr\/wp-json\/wp\/v2\/tags?post=281751"}],"curies":[{"name":"wp","href":"https:\/\/api.w.org\/{rel}","templated":true}]}}