{"id":281759,"date":"2025-07-29T11:13:11","date_gmt":"2025-07-29T11:13:11","guid":{"rendered":"https:\/\/www.europesays.com\/fr\/281759\/"},"modified":"2025-07-29T11:13:11","modified_gmt":"2025-07-29T11:13:11","slug":"pourquoi-cette-superette-a-ete-contrainte-de-baisser-le-rideau","status":"publish","type":"post","link":"https:\/\/www.europesays.com\/fr\/281759\/","title":{"rendered":"pourquoi cette sup\u00e9rette a \u00e9t\u00e9 contrainte de baisser le rideau"},"content":{"rendered":"<p>            Par<br \/>\n        <strong><br \/>\n            <a href=\"https:\/\/actu.fr\/auteur\/metropoop\" title=\"Consulter tous les articles de R\u00e9daction M\u00e9tropolitain\" rel=\"nofollow noopener\" target=\"_blank\">R\u00e9daction M\u00e9tropolitain<\/a><br \/>\n        <\/strong><\/p>\n<p>        Publi\u00e9 le<\/p>\n<p>            29 juil. 2025 \u00e0 13h07        <\/p>\n<p>Depuis <strong>ce samedi 26 juillet 2025<\/strong>, les rideaux m\u00e9talliques de la sup\u00e9rette F\/L restent baiss\u00e9s. Situ\u00e9e rue Eurydice, \u00e0 Montpellier, cette petite surface de proximit\u00e9 a fait l\u2019objet d\u2019une fermeture administrative. Le pr\u00e9fet de l\u2019H\u00e9rault a pris cette d\u00e9cision pour une dur\u00e9e de 45 jours. Elle repose sur deux infractions distinctes.<\/p>\n<p>    <a href=\"https:\/\/www.google.com\/maps\/embed?pb=!1m18!1m12!1m3!1d1109.9337688518247!2d3.8287307265959725!3d43.610568498613155!2m3!1f0!2f0!3f0!3m2!1i1024!2i768!4f13.1!3m3!1m2!1s0x12b6ae7e0d06eb87%3A0xf7d53d4bd465a936!2s18%20Rue%20Eurydice%2C%2034090%20Montpellier!5e0!3m2!1sen!2sfr!4v1753785751769!5m2!1sen!2sfr\" title=\"Ouvrie le lien\" rel=\"nofollow noopener\" target=\"_blank\">Cliquez ici pour visualiser le contenu<\/a><\/p>\n<p>Des infractions multiples<\/p>\n<p class=\" wall-content\">Selon les services de l\u2019\u00c9tat, la sup\u00e9rette ne respectait pas les horaires l\u00e9gaux en vigueur. Les contr\u00f4les ont mis en \u00e9vidence une ouverture au-del\u00e0 des limites autoris\u00e9es. Ce non-respect constitue une infraction \u00e0 la r\u00e9glementation commerciale. Plus grave encore, les agents ont d\u00e9couvert une quantit\u00e9 significative de tabac d\u00e9tenue ill\u00e9galement.<\/p>\n<p>\ud83d\udeac\ud83d\udeab Tabac : que dit la loi en France ?<\/p>\n<p>La d\u00e9tention et la vente de tabac sont strictement encadr\u00e9es en France. Seuls les buralistes agr\u00e9\u00e9s par l\u2019administration des douanes peuvent vendre du tabac. Toute autre forme de revente, y compris dans des sup\u00e9rettes ou des commerces de proximit\u00e9 non autoris\u00e9s, est ill\u00e9gale. Les particuliers peuvent d\u00e9tenir du tabac pour leur consommation personnelle, mais au-del\u00e0 de 200 cigarettes (ou \u00e9quivalent), ils doivent prouver que ce stock provient d\u2019un achat l\u00e9gal dans un autre pays de l\u2019Union europ\u00e9enne. La revente sans agr\u00e9ment constitue un d\u00e9lit douanier passible d\u2019une amende pouvant atteindre cinq fois la valeur des produits saisis, voire d\u2019une peine de prison en cas de r\u00e9cidive.<\/p>\n<p class=\" wall-content\">Suivez toute l\u2019actualit\u00e9 de vos villes et m\u00e9dias favoris en vous inscrivant \u00e0 <a href=\"https:\/\/moncompte.actu.fr\" title=\"D\u00e9couvez Mon Actu\" rel=\"nofollow noopener\" data-trk=\"{&quot;cta&quot;:{&quot;action&quot;:&quot;https:\\\/\\\/moncompte.actu.fr&quot;,&quot;category&quot;:&quot;mon compte&quot;,&quot;from&quot;:&quot;article footer&quot;,&quot;name&quot;:&quot;Mon actu&quot;,&quot;type&quot;:&quot;cta&quot;}}\" target=\"_blank\">Mon Actu<\/a>.<\/p>\n","protected":false},"excerpt":{"rendered":"Par R\u00e9daction M\u00e9tropolitain Publi\u00e9 le 29 juil. 2025 \u00e0 13h07 Depuis ce samedi 26 juillet 2025, les rideaux&hellip;\n","protected":false},"author":2,"featured_media":281760,"comment_status":"","ping_status":"","sticky":false,"template":"","format":"standard","meta":{"footnotes":""},"categories":[9599],"tags":[1111,11,1777,674,118,1011,27,1006,2208,12,2680,25,6582],"class_list":{"0":"post-281759","1":"post","2":"type-post","3":"status-publish","4":"format-standard","5":"has-post-thumbnail","7":"category-montpellier","8":"tag-actu","9":"tag-actualites","10":"tag-eu","11":"tag-europe","12":"tag-faits-divers","13":"tag-fr","14":"tag-france","15":"tag-fraude","16":"tag-montpellier","17":"tag-news","18":"tag-occitanie","19":"tag-republique-francaise","20":"tag-tabac"},"share_on_mastodon":{"url":"https:\/\/pubeurope.com\/@fr\/114936230998057326","error":""},"_links":{"self":[{"href":"https:\/\/www.europesays.com\/fr\/wp-json\/wp\/v2\/posts\/281759","targetHints":{"allow":["GET"]}}],"collection":[{"href":"https:\/\/www.europesays.com\/fr\/wp-json\/wp\/v2\/posts"}],"about":[{"href":"https:\/\/www.europesays.com\/fr\/wp-json\/wp\/v2\/types\/post"}],"author":[{"embeddable":true,"href":"https:\/\/www.europesays.com\/fr\/wp-json\/wp\/v2\/users\/2"}],"replies":[{"embeddable":true,"href":"https:\/\/www.europesays.com\/fr\/wp-json\/wp\/v2\/comments?post=281759"}],"version-history":[{"count":0,"href":"https:\/\/www.europesays.com\/fr\/wp-json\/wp\/v2\/posts\/281759\/revisions"}],"wp:featuredmedia":[{"embeddable":true,"href":"https:\/\/www.europesays.com\/fr\/wp-json\/wp\/v2\/media\/281760"}],"wp:attachment":[{"href":"https:\/\/www.europesays.com\/fr\/wp-json\/wp\/v2\/media?parent=281759"}],"wp:term":[{"taxonomy":"category","embeddable":true,"href":"https:\/\/www.europesays.com\/fr\/wp-json\/wp\/v2\/categories?post=281759"},{"taxonomy":"post_tag","embeddable":true,"href":"https:\/\/www.europesays.com\/fr\/wp-json\/wp\/v2\/tags?post=281759"}],"curies":[{"name":"wp","href":"https:\/\/api.w.org\/{rel}","templated":true}]}}