{"id":281770,"date":"2025-07-29T11:24:16","date_gmt":"2025-07-29T11:24:16","guid":{"rendered":"https:\/\/www.europesays.com\/fr\/281770\/"},"modified":"2025-07-29T11:24:16","modified_gmt":"2025-07-29T11:24:16","slug":"strasbourg-fuite-dhuile-hydraulique-vegetale-dans-le-bassin-des-remparts-les-pompiers-interviennent","status":"publish","type":"post","link":"https:\/\/www.europesays.com\/fr\/281770\/","title":{"rendered":"Strasbourg. Fuite d&rsquo;huile hydraulique v\u00e9g\u00e9tale dans le bassin des Remparts : les pompiers interviennent"},"content":{"rendered":"<p>Les sapeurs-pompiers sont intervenus ce mardi 29 juillet pour une fuite d\u2019huile hydraulique v\u00e9g\u00e9tale sur le bassin des Remparts, pr\u00e8s du quai des Belges, \u00e0 Strasbourg, juste apr\u00e8s le pont Vauban.<\/p>\n<p>Les secours ont d\u00fb proc\u00e9der \u00e0 la mise en place d&rsquo;un barrage de type \u00ab boudin \u00bb et de buvards sur plusieurs centaines de m\u00e8tres. Ce processus permet \u00ab de contenir l\u2019irisation et de la traiter par un \u00e9pandage de dispersant \u00bb, explique le capitaine Bruno Henry, chef de colonne sur l\u2019Eurom\u00e9tropole.<\/p>\n<p>  Une fuite sans danger pour l\u2019environnement<\/p>\n<p>Selon les sapeurs-pompiers du Bas-Rhin, l\u2019origine de la pollution proviendrait d\u2019une grue. \u00ab Ce n\u2019est que de la pollution visuelle \u00bb, reprend le pompier. Il s\u2019agit d\u2019une fuite d\u2019huile hydraulique v\u00e9g\u00e9tale et biod\u00e9gradable. \u00ab Nous sommes intervenus vers 8 h 15 pour lever le doute. C\u2019\u00e9tait visuellement impressionnant. \u00bb<\/p>\n<p>Au plus fort de l\u2019op\u00e9ration, 22 pompiers et sept engins \u00e9taient mobilis\u00e9s, notamment les moyens sp\u00e9cialis\u00e9s en risque chimique et les plongeurs pour la s\u00e9curisation.<\/p>\n<p>Les services du port autonome ont ensuite pris la main pour traiter et faire en sorte que l\u2019huile cesse de se r\u00e9pandre.<\/p>\n","protected":false},"excerpt":{"rendered":"Les sapeurs-pompiers sont intervenus ce mardi 29 juillet pour une fuite d\u2019huile hydraulique v\u00e9g\u00e9tale sur le bassin des&hellip;\n","protected":false},"author":2,"featured_media":281771,"comment_status":"","ping_status":"","sticky":false,"template":"","format":"standard","meta":{"footnotes":""},"categories":[2820],"tags":[119,1111,11,2880,436,1777,674,274,107,1011,27,775,12,25,640],"class_list":{"0":"post-281770","1":"post","2":"type-post","3":"status-publish","4":"format-standard","5":"has-post-thumbnail","7":"category-strasbourg","8":"tag-accident","9":"tag-actu","10":"tag-actualites","11":"tag-edition-strasbourg","12":"tag-environnement","13":"tag-eu","14":"tag-europe","15":"tag-faits-divers-justice","16":"tag-fil-info","17":"tag-fr","18":"tag-france","19":"tag-grand-est","20":"tag-news","21":"tag-republique-francaise","22":"tag-strasbourg"},"share_on_mastodon":{"url":"https:\/\/pubeurope.com\/@fr\/114936274249371764","error":""},"_links":{"self":[{"href":"https:\/\/www.europesays.com\/fr\/wp-json\/wp\/v2\/posts\/281770","targetHints":{"allow":["GET"]}}],"collection":[{"href":"https:\/\/www.europesays.com\/fr\/wp-json\/wp\/v2\/posts"}],"about":[{"href":"https:\/\/www.europesays.com\/fr\/wp-json\/wp\/v2\/types\/post"}],"author":[{"embeddable":true,"href":"https:\/\/www.europesays.com\/fr\/wp-json\/wp\/v2\/users\/2"}],"replies":[{"embeddable":true,"href":"https:\/\/www.europesays.com\/fr\/wp-json\/wp\/v2\/comments?post=281770"}],"version-history":[{"count":0,"href":"https:\/\/www.europesays.com\/fr\/wp-json\/wp\/v2\/posts\/281770\/revisions"}],"wp:featuredmedia":[{"embeddable":true,"href":"https:\/\/www.europesays.com\/fr\/wp-json\/wp\/v2\/media\/281771"}],"wp:attachment":[{"href":"https:\/\/www.europesays.com\/fr\/wp-json\/wp\/v2\/media?parent=281770"}],"wp:term":[{"taxonomy":"category","embeddable":true,"href":"https:\/\/www.europesays.com\/fr\/wp-json\/wp\/v2\/categories?post=281770"},{"taxonomy":"post_tag","embeddable":true,"href":"https:\/\/www.europesays.com\/fr\/wp-json\/wp\/v2\/tags?post=281770"}],"curies":[{"name":"wp","href":"https:\/\/api.w.org\/{rel}","templated":true}]}}