{"id":281774,"date":"2025-07-29T11:26:10","date_gmt":"2025-07-29T11:26:10","guid":{"rendered":"https:\/\/www.europesays.com\/fr\/281774\/"},"modified":"2025-07-29T11:26:10","modified_gmt":"2025-07-29T11:26:10","slug":"pres-de-nice-cette-plage-fermee-en-urgence-la-baignade-interdite","status":"publish","type":"post","link":"https:\/\/www.europesays.com\/fr\/281774\/","title":{"rendered":"Pr\u00e8s de Nice. Cette plage ferm\u00e9e en urgence, la baignade interdite"},"content":{"rendered":"<p>            Par<br \/>\n        <strong><br \/>\n            <a href=\"https:\/\/actu.fr\/auteur\/ugo-maillard\" title=\"Consulter tous les articles de Ugo Maillard\" target=\"_blank\" rel=\"noopener\">Ugo Maillard<\/a><br \/>\n        <\/strong><\/p>\n<p>        Publi\u00e9 le<\/p>\n<p>            29 juil. 2025 \u00e0 12h36        <\/p>\n<p>Aucun risque n\u2019est pris. Les services municipaux de la Ville de <a href=\"https:\/\/actu.fr\/provence-alpes-cote-d-azur\/cagnes-sur-mer_06027\" target=\"_blank\" rel=\"noopener\">Cagnes-sur-Mer<\/a> (<a href=\"https:\/\/actu.fr\/provence-alpes-cote-d-azur\/alpes-maritimes_06\" target=\"_blank\" rel=\"noopener\">Alpes-Maritimes<\/a>) ont pris la d\u00e9cision <strong>d\u2019interdire la baignade<\/strong> et les activit\u00e9s nautiques\u00a0sont interdites sur la <a href=\"https:\/\/actu.fr\/tag\/plages\" target=\"_blank\" rel=\"noopener\">plage<\/a> du Port, a appris <a href=\"https:\/\/actu.fr\/nice\/\" target=\"_blank\" rel=\"noopener\">actu Nice<\/a>.<\/p>\n<p>    <a href=\"https:\/\/www.google.com\/maps\/embed?pb=!1m18!1m12!1m3!1d23092.827617183317!2d7.157943432766801!3d43.65641807110203!2m3!1f0!2f0!3f0!3m2!1i1024!2i768!4f13.1!3m3!1m2!1s0x12cdd3a873c11e99%3A0x8e0c02b9cecb70fe!2sPOSTE%20DE%20SECOURS%20PLAGE%20du%20PORT!5e0!3m2!1sfr!2sfr!4v1753784610557!5m2!1sfr!2sfr\" title=\"Ouvrie le lien\" target=\"_blank\" rel=\"noopener\">Cliquez ici pour visualiser le contenu<\/a><\/p>\n<p class=\" wall-content\">Une mesure de pr\u00e9caution qui est <strong>en vigueur \u00e0 partir de ce mardi 29 juillet<\/strong> et \u00e0 toute heure du jour et de la nuit, pr\u00e9cisent les services de la commune maralpine.<\/p>\n<p>Un incident survenu lundi<\/p>\n<p class=\" wall-content\">Suite \u00e0 un incident survenu le lundi 28 juillet sur le Vallon des Vaux, un<strong> rejet d\u2019eaux dans la mer<\/strong> a \u00e9t\u00e9 constat\u00e9.\u00a0<\/p>\n<p class=\" wall-content\">Il est susceptible de <strong>d\u00e9grader la qualit\u00e9 des eaux de baignade<\/strong> \u00e0 l\u2019embouchure du Vallon des Vaux, sur la plage du Port entre la limite communale avec Saint-Laurent-du-Var et la digue du port du Cros-de-Cagnes.\u00a0<\/p>\n<p class=\" wall-content\">La mairie de Cagnes-sur-Mer indique que la r\u00e9ouverture de la baignade sera communiqu\u00e9e d\u00e8s que possible.<\/p>\n<p class=\" wall-content\">Suivez toute l\u2019actualit\u00e9 de vos villes et m\u00e9dias favoris en vous inscrivant \u00e0 <a href=\"https:\/\/moncompte.actu.fr\" title=\"D\u00e9couvez Mon Actu\" rel=\"nofollow noopener\" data-trk=\"{&quot;cta&quot;:{&quot;action&quot;:&quot;https:\\\/\\\/moncompte.actu.fr&quot;,&quot;category&quot;:&quot;mon compte&quot;,&quot;from&quot;:&quot;article footer&quot;,&quot;name&quot;:&quot;Mon actu&quot;,&quot;type&quot;:&quot;cta&quot;}}\" target=\"_blank\">Mon Actu<\/a>.<\/p>\n","protected":false},"excerpt":{"rendered":"Par Ugo Maillard Publi\u00e9 le 29 juil. 2025 \u00e0 12h36 Aucun risque n\u2019est pris. Les services municipaux de&hellip;\n","protected":false},"author":2,"featured_media":281775,"comment_status":"","ping_status":"","sticky":false,"template":"","format":"standard","meta":{"footnotes":""},"categories":[2819],"tags":[1111,11,1777,674,1011,27,12,2401,8302,882,25,71,104],"class_list":{"0":"post-281774","1":"post","2":"type-post","3":"status-publish","4":"format-standard","5":"has-post-thumbnail","7":"category-nice","8":"tag-actu","9":"tag-actualites","10":"tag-eu","11":"tag-europe","12":"tag-fr","13":"tag-france","14":"tag-news","15":"tag-nice","16":"tag-plages","17":"tag-provence-alpes-cote-dazur","18":"tag-republique-francaise","19":"tag-sante","20":"tag-societe"},"share_on_mastodon":{"url":"https:\/\/pubeurope.com\/@fr\/114936282114373603","error":""},"_links":{"self":[{"href":"https:\/\/www.europesays.com\/fr\/wp-json\/wp\/v2\/posts\/281774","targetHints":{"allow":["GET"]}}],"collection":[{"href":"https:\/\/www.europesays.com\/fr\/wp-json\/wp\/v2\/posts"}],"about":[{"href":"https:\/\/www.europesays.com\/fr\/wp-json\/wp\/v2\/types\/post"}],"author":[{"embeddable":true,"href":"https:\/\/www.europesays.com\/fr\/wp-json\/wp\/v2\/users\/2"}],"replies":[{"embeddable":true,"href":"https:\/\/www.europesays.com\/fr\/wp-json\/wp\/v2\/comments?post=281774"}],"version-history":[{"count":0,"href":"https:\/\/www.europesays.com\/fr\/wp-json\/wp\/v2\/posts\/281774\/revisions"}],"wp:featuredmedia":[{"embeddable":true,"href":"https:\/\/www.europesays.com\/fr\/wp-json\/wp\/v2\/media\/281775"}],"wp:attachment":[{"href":"https:\/\/www.europesays.com\/fr\/wp-json\/wp\/v2\/media?parent=281774"}],"wp:term":[{"taxonomy":"category","embeddable":true,"href":"https:\/\/www.europesays.com\/fr\/wp-json\/wp\/v2\/categories?post=281774"},{"taxonomy":"post_tag","embeddable":true,"href":"https:\/\/www.europesays.com\/fr\/wp-json\/wp\/v2\/tags?post=281774"}],"curies":[{"name":"wp","href":"https:\/\/api.w.org\/{rel}","templated":true}]}}