{"id":281778,"date":"2025-07-29T11:28:30","date_gmt":"2025-07-29T11:28:30","guid":{"rendered":"https:\/\/www.europesays.com\/fr\/281778\/"},"modified":"2025-07-29T11:28:30","modified_gmt":"2025-07-29T11:28:30","slug":"lheure-du-coup-de-grace-pour-les-radios-associatives-a-nantes","status":"publish","type":"post","link":"https:\/\/www.europesays.com\/fr\/281778\/","title":{"rendered":"l&rsquo;heure du \u00ab\u00a0coup de gr\u00e2ce\u00a0\u00bb pour les radios associatives \u00e0 Nantes\u00a0?"},"content":{"rendered":"<p>            Par<br \/>\n        <strong><br \/>\n            <a href=\"https:\/\/actu.fr\/auteur\/emma-derome\" title=\"Consulter tous les articles de Emma Derome\" rel=\"nofollow noopener\" target=\"_blank\">Emma Derome<\/a><br \/>\n        <\/strong><\/p>\n<p>        Publi\u00e9 le<\/p>\n<p>            29 juil. 2025 \u00e0 7h32        <\/p>\n<p>Peut-\u00eatre les \u00e9coutez-vous le matin avant d\u2019aller travailler, le week-end \u00e0 l\u2019heure du d\u00e9jeuner, ou le soir en rentrant du sport\u2009: les radios associatives nantaises, comme <a href=\"https:\/\/www.prun.net\/\" rel=\"nofollow noopener\" target=\"_blank\">Radio Prun<\/a>, <a href=\"https:\/\/www.jetfm.fr\/\" rel=\"nofollow noopener\" target=\"_blank\">Jet FM<\/a>, <a href=\"https:\/\/euradio.fr\/\" rel=\"nofollow noopener\" target=\"_blank\">Euradio Nantes<\/a>, <a href=\"https:\/\/lesonunique.com\/\" rel=\"nofollow noopener\" target=\"_blank\">SUN<\/a>, <a href=\"https:\/\/radio-fidelite.fr\/\" rel=\"nofollow noopener\" target=\"_blank\">Radio Fid\u00e9lit\u00e9<\/a> ou encore <a href=\"https:\/\/www.alternantesfm.net\/\" rel=\"nofollow noopener\" target=\"_blank\">AlterNantes FM<\/a>, sonnent l\u2019alerte.<\/p>\n<p class=\" wall-content\">Dans un recours commun avec d\u2019autres radios r\u00e9gionales, elles ont <strong>saisi la justice administrative<\/strong> contre la R\u00e9gion Pays de la Loire. On vous explique pourquoi.<\/p>\n<p>Des budgets amput\u00e9s de 232\u2009500\u00a0\u20ac<\/p>\n<p class=\" wall-content\"><a href=\"https:\/\/actu.fr\/pays-de-la-loire\/nantes_44109\/nantes-3-000-manifestants-reunis-contre-les-coupes-budgetaires-dans-la-culture_61910625.html\" rel=\"nofollow noopener\" target=\"_blank\">On le sait depuis la fin de l\u2019ann\u00e9e 2024<\/a>, le budget Culture de l\u2019institution dirig\u00e9e par <strong>Christelle Moran\u00e7ais<\/strong> (LR) a \u00e9t\u00e9 s\u00e9rieusement rabot\u00e9 pour 2025. Mais en plus de <a href=\"https:\/\/actu.fr\/pays-de-la-loire\/nantes_44109\/c-est-un-sabordage-a-nantes-les-radios-associatives-mobilisees-pour-leur-survie_61834803.html\" rel=\"nofollow noopener\" target=\"_blank\">supprimer enti\u00e8rement ses aides aux radios locales en 2025<\/a>,<strong> la R\u00e9gion est accus\u00e9e de ne pas avoir respect\u00e9 ses engagements budg\u00e9taires de 2024<\/strong>, en votant <strong>a posteriori<\/strong>, d\u00e9but 2025,<strong> une baisse d\u2019environ 70\u2009%<\/strong> de l\u2019enveloppe promise aux associations pour l\u2019ann\u00e9e pr\u00e9c\u00e9dente.<\/p>\n<p class=\" wall-content\">\u00ab\u2009La R\u00e9gion a d\u00e9cid\u00e9 de modifier arbitrairement les r\u00e8gles et de diviser les aides par trois\u2009\u00bb en 2024, <a href=\"https:\/\/www.lafrap.fr\/72647-communique-de-presse-la-region-pays-de-la-loire-ne-respecte-pas-ses-engagements-12-radios-associatives-saisissent-la-justice.html?fbclid=IwY2xjawLvLn5leHRuA2FlbQIxMAABHiNVtN1BbPaexPUOasyGkk1TFDJl2bIcvjR_KSp1e0D2xMkUtJ1-y2wFln-U_aem_VQ6zCP9A3f3ebwPWN7avPQ\" rel=\"nofollow noopener\" target=\"_blank\">\u00e9crivent dans un communiqu\u00e9 les 12 radios<\/a>\u00a0qui participent au recours, dont certaines se situent aussi en Mayenne, dans le Maine-et-Loire ou en Vend\u00e9e.<\/p>\n<p class=\" wall-content\">\u00ab\u2009Ce r\u00e8glement, parfaitement transparent, est en place depuis 15\u00a0ans. Mais il a \u00e9t\u00e9 modifi\u00e9 en d\u00e9but d\u2019ann\u00e9e, du jour au lendemain, et sans nous avertir\u2009\u00bb, \u00e9taye H\u00e9l\u00e8ne L\u00e9v\u00eaque, directrice adjointe d\u2019<strong>Euradio Nantes<\/strong>, qui voit son enveloppe r\u00e9gionale se r\u00e9duire \u00e0 <strong>un quart de la somme pr\u00e9vue <\/strong>dans son budget pr\u00e9visionnel. \u00ab\u2009Cela a eu <strong>des cons\u00e9quences directes et palpables<\/strong>, puisque nous avons <strong>perdu huit fr\u00e9quences<\/strong> faute de budget pour les assurer, comme celle d\u2019Angers ou de La Roche-sur-Yon. Un r\u00e9seau qui a mis des ann\u00e9es \u00e0 se construire. Pour nous, c\u2019est <strong>une v\u00e9ritable d\u00e9sillusion<\/strong>.\u2009\u00bb<\/p>\n<p>\u00ab\u2009\u00c7a a \u00e9t\u00e9 le coup de gr\u00e2ce\u2009\u00bb<\/p>\n<p class=\" wall-content\">Certaines radios n\u2019ont eu d\u2019autre choix que de <a href=\"https:\/\/actu.fr\/pays-de-la-loire\/nantes_44109\/pres-de-nantes-une-soiree-organisee-pour-sauver-cette-radio-associative-locale_62612881.html\" rel=\"nofollow noopener\" target=\"_blank\">supprimer des emplois<\/a>, comme<strong> Jet FM<\/strong>, bas\u00e9e \u00e0 Saint-Herblain. \u00ab\u2009Nous avions des fragilit\u00e9s budg\u00e9taires pr\u00e9existantes, mais cette annonce, si brutale, a \u00e9t\u00e9 <strong>le coup de gr\u00e2ce<\/strong>\u2009\u00bb, nous explique Valentine Chevalier, sa coordinatrice. Son \u00e9quipe est pass\u00e9e de <strong>sept \u00e0 trois salari\u00e9s en l\u2019espace d\u2019une ann\u00e9e<\/strong>.<\/p>\n<p class=\" wall-content\">\u00ab\u2009Il y a un monde entre se d\u00e9sengager pour l\u2019ann\u00e9e suivante, ce qu\u2019\u00e0 la rigueur on peut entendre, et retirer des financements sur lesquels on comptait.\u2009\u00bb La radio a touch\u00e9 3\u2009000\u00a0euros sur les 12\u2009000\u00a0euros attendus. Un constat partag\u00e9 par <strong>Simon Marty,<\/strong> le directeur de <strong>Radio Fid\u00e9lit\u00e9<\/strong>, aussi touch\u00e9e mais dans une moindre mesure, par la baisse des fonds.<\/p>\n<blockquote class=\"ac-article-quote wall-content\">\n<p>C&rsquo;est comme si votre banquier acceptait votre cr\u00e9dit, mais qu&rsquo;une fois la maison achet\u00e9e, il revenait vers vous pour dire que ce n&rsquo;est plus possible.<\/p>\n<p>    <strong>Simon Marty, directeur de Radio Fid\u00e9lit\u00e9<\/strong>\n            <\/p><\/blockquote>\n<p class=\" wall-content\">Dans leur recours, les radios demandent le r\u00e9examen de la situation des radios associatives et le versement des <strong>232\u2009500\u00a0\u20ac pr\u00e9vus pour 2024<\/strong>. De son c\u00f4t\u00e9, la R\u00e9gion estime que \u00ab\u2009les subventions peuvent \u00eatre retir\u00e9es en fonction des priorit\u00e9s budg\u00e9taires\u2009\u00bb.<\/p>\n<p class=\" wall-content\">\u00ab\u2009Que les priorit\u00e9s changent, c\u2019est une chose, mais <strong>il faut pr\u00e9venir les acteurs qui sont en place ou on les d\u00e9stabilise<\/strong> immanquablement\u2009\u00bb, ajoute Simon Marty. \u00ab\u2009Si cette annonce \u00e9tait intervenue il y a deux\/trois ans, \u00e0 un moment o\u00f9 Radio Fid\u00e9lit\u00e9 avait mal anticip\u00e9 un gros trou d\u2019air au niveau des dons, <strong>on aurait mis la cl\u00e9 sous la porte<\/strong>.\u2009\u00bb<\/p>\n<p>Un recours symbolique<\/p>\n<p class=\" wall-content\">Aujourd\u2019hui, c\u2019est Jet FM qui est particuli\u00e8rement en difficult\u00e9\u2009: la radio n\u2019a <strong>plus de r\u00e9dacteur en chef ni de technicien<\/strong>, ne prend plus de stagiaire, et <strong>se repose beaucoup sur ses b\u00e9n\u00e9voles<\/strong>.<\/p>\n<p class=\" wall-content\">\u00ab\u2009Toute la mani\u00e8re de travailler sur les \u00e9missions a \u00e9t\u00e9 repens\u00e9e, l\u2019activit\u00e9 d\u2019\u00e9ducation aux m\u00e9dias va drastiquement diminuer et se concentrer sur le quartier de Bellevue. Il faut renflouer les caisses\u2009\u00bb, d\u00e9plore Valentine Chevalier.<\/p>\n<p class=\" wall-content\"><strong>Aucune<\/strong> des radios interrog\u00e9es <strong>n\u2019esp\u00e8re vraiment<\/strong> recouvrer les fonds manquant, mais toutes ont quand m\u00eame choisi de participer \u00e0 <strong>ce recours avant tout symbolique<\/strong>. \u00ab\u2009La fa\u00e7on dont cela a \u00e9t\u00e9 fait en dit beaucoup sur la mani\u00e8re dont on consid\u00e8re le secteur associatif en g\u00e9n\u00e9ral\u2009\u00bb, abonde-t-on chez Jet. La d\u00e9cision de la R\u00e9gion n\u2019affecte en effet <strong>pas seulement les radios<\/strong>, mais aussi d\u2019autres acteurs culturels, comme les <strong>th\u00e9\u00e2tres<\/strong>.<\/p>\n<p class=\" wall-content\"><a href=\"https:\/\/www.instagram.com\/p\/DMYCA65MzES\/embed\" title=\"Ouvrir le lien sur Instagram\" rel=\"nofollow noopener\" target=\"_blank\">Visualiser le contenu sur Instagram<\/a><\/p>\n<p>L\u2019\u00c9tat mettra-t-il les radios au pied du mur\u2009?<\/p>\n<p class=\" wall-content\">M\u00eame si ce recours abouti, <strong>la menace gronde d\u2019autre part<\/strong>. Car les stations d\u00e9pendent des collectivit\u00e9s territoriales, mais aussi de l\u2019\u00c9tat. Le <strong>Fonds de Soutien \u00e0 l\u2019Expression Radiophonique (FSER)<\/strong> a d\u00e9j\u00e0 \u00e9t\u00e9 <strong>menac\u00e9<\/strong> par le projet de loi de finance du gouvernement Barnier, avant le <strong>remaniement<\/strong>.<\/p>\n<p class=\" wall-content\">Et les \u00e9conomies annonc\u00e9es par le gouvernement Bayrou ces derni\u00e8res semaines font craindre de nouveaux coups de rabots dans une enveloppe qui fait figure de <strong>source premi\u00e8re de revenu<\/strong> pour certaines radios.<\/p>\n<blockquote class=\"ac-article-quote wall-content\">\n<p>Si on enl\u00e8ve le FSER, on met \u00e0 terre une bonne partie des radios associatives du territoire. <\/p>\n<p>    <strong>Simon Marty, directeur de Radio Fid\u00e9lit\u00e9.<\/strong>\n            <\/p><\/blockquote>\n<p class=\" wall-content\">Les <strong>co\u00fbts \u00e9lev\u00e9s et incompressibles d\u2019une radio<\/strong> (mat\u00e9riel sonore et \u00e9metteur radio \u00e0 renouveler, connexion en streaming, Sacem, salaires, etc.) sont leur principale source de fragilit\u00e9. Il faut par exemple \u00e0 Radio Fid\u00e9lit\u00e9 un minimum de <strong>\u00ab\u200930\u00a0euros chaque heure de chaque jour de l\u2019ann\u00e9e\u2009\u00bb<\/strong> pour \u00e9mettre.<\/p>\n<p class=\" wall-content\">Ces m\u00e9dias de proximit\u00e9, qui ont une importance non n\u00e9gligeable dans les territoires, sont d\u00e9sormais oblig\u00e9s de <strong>diversifier au maximum les sources de financement<\/strong>, en int\u00e9grant notamment <strong>du priv\u00e9<\/strong> (prestations de services, m\u00e9c\u00e8nes, dons\u2026).<\/p>\n<p class=\" wall-content\">\u00abJusqu\u2019ici, on avait des institutions locales relativement engag\u00e9es \u00e0 nos c\u00f4t\u00e9s\u2009\u00bb, rappelle Simon Marty. Pour le moment, la ville de Nantes fait figure d\u2019exception dans ce sombre tableau.<\/p>\n<p class=\" wall-content\">Suivez toute l\u2019actualit\u00e9 de vos villes et m\u00e9dias favoris en vous inscrivant \u00e0 <a href=\"https:\/\/moncompte.actu.fr\" title=\"D\u00e9couvez Mon Actu\" rel=\"nofollow noopener\" data-trk=\"{&quot;cta&quot;:{&quot;action&quot;:&quot;https:\\\/\\\/moncompte.actu.fr&quot;,&quot;category&quot;:&quot;mon compte&quot;,&quot;from&quot;:&quot;article footer&quot;,&quot;name&quot;:&quot;Mon actu&quot;,&quot;type&quot;:&quot;cta&quot;}}\" target=\"_blank\">Mon Actu<\/a>.<\/p>\n<p>                    <script async src=\"\/\/www.instagram.com\/embed.js\"><\/script><\/p>\n","protected":false},"excerpt":{"rendered":"Par Emma Derome Publi\u00e9 le 29 juil. 2025 \u00e0 7h32 Peut-\u00eatre les \u00e9coutez-vous le matin avant d\u2019aller travailler,&hellip;\n","protected":false},"author":2,"featured_media":281779,"comment_status":"","ping_status":"","sticky":false,"template":"","format":"standard","meta":{"footnotes":""},"categories":[2818],"tags":[1111,11,1777,674,1011,27,303,1652,766,12,2636,1825,25],"class_list":{"0":"post-281778","1":"post","2":"type-post","3":"status-publish","4":"format-standard","5":"has-post-thumbnail","7":"category-nantes","8":"tag-actu","9":"tag-actualites","10":"tag-eu","11":"tag-europe","12":"tag-fr","13":"tag-france","14":"tag-justice","15":"tag-loisirs-culture","16":"tag-nantes","17":"tag-news","18":"tag-pays-de-la-loire","19":"tag-radio","20":"tag-republique-francaise"},"share_on_mastodon":{"url":"https:\/\/pubeurope.com\/@fr\/114936289969484316","error":""},"_links":{"self":[{"href":"https:\/\/www.europesays.com\/fr\/wp-json\/wp\/v2\/posts\/281778","targetHints":{"allow":["GET"]}}],"collection":[{"href":"https:\/\/www.europesays.com\/fr\/wp-json\/wp\/v2\/posts"}],"about":[{"href":"https:\/\/www.europesays.com\/fr\/wp-json\/wp\/v2\/types\/post"}],"author":[{"embeddable":true,"href":"https:\/\/www.europesays.com\/fr\/wp-json\/wp\/v2\/users\/2"}],"replies":[{"embeddable":true,"href":"https:\/\/www.europesays.com\/fr\/wp-json\/wp\/v2\/comments?post=281778"}],"version-history":[{"count":0,"href":"https:\/\/www.europesays.com\/fr\/wp-json\/wp\/v2\/posts\/281778\/revisions"}],"wp:featuredmedia":[{"embeddable":true,"href":"https:\/\/www.europesays.com\/fr\/wp-json\/wp\/v2\/media\/281779"}],"wp:attachment":[{"href":"https:\/\/www.europesays.com\/fr\/wp-json\/wp\/v2\/media?parent=281778"}],"wp:term":[{"taxonomy":"category","embeddable":true,"href":"https:\/\/www.europesays.com\/fr\/wp-json\/wp\/v2\/categories?post=281778"},{"taxonomy":"post_tag","embeddable":true,"href":"https:\/\/www.europesays.com\/fr\/wp-json\/wp\/v2\/tags?post=281778"}],"curies":[{"name":"wp","href":"https:\/\/api.w.org\/{rel}","templated":true}]}}