{"id":281780,"date":"2025-07-29T11:29:13","date_gmt":"2025-07-29T11:29:13","guid":{"rendered":"https:\/\/www.europesays.com\/fr\/281780\/"},"modified":"2025-07-29T11:29:13","modified_gmt":"2025-07-29T11:29:13","slug":"a-nantes-une-consultation-fin-aout-pour-departager-les-deux-candidats-lr","status":"publish","type":"post","link":"https:\/\/www.europesays.com\/fr\/281780\/","title":{"rendered":"\u00e0 Nantes, une consultation fin ao\u00fbt pour d\u00e9partager les deux candidats LR"},"content":{"rendered":"<p>La commission nationale d\u2019investiture des R\u00e9publicains laisse aux quelque 800 adh\u00e9rents nantais le soin de d\u00e9partager Julien Bainvel et Foulques Chombart de Lauwe. Le scrutin aura lieu les 30 et 31 ao\u00fbt.<\/p>\n<p class=\"fig-paragraph\">Le choix du vote plut\u00f4t que des ego. La\u00a0<a href=\"http:\/\/www.lefigaro.fr\/elections\/municipales\/legislative-partielle-municipales-2026-a-paris-les-republicains-a-l-heure-du-choix-pour-eviter-la-guerre-des-chefs-entre-barnier-et-dati-20250727\" target=\"_blank\" data-fig-type=\"Article\" rel=\"noopener nofollow\" data-gtm-custom-categorie=\"navigation\" data-gtm-custom-action=\"crossclick\" data-gtm-custom-label=\"Contextuel\" data-gtm-event=\"customEventSPE\" data-fig-domain=\"LEFIGARO\">commission nationale d\u2019investiture des R\u00e9publicains<\/a>\u00a0a tranch\u00e9, lundi, le n\u0153ud gordien qui s\u2019\u00e9tait nou\u00e9 ces derniers mois\u00a0<a href=\"https:\/\/www.lefigaro.fr\/nantes\" target=\"_blank\" data-fig-type=\"Section\" rel=\"sponsored noopener nofollow\" data-gtm-custom-categorie=\"navigation\" data-gtm-custom-action=\"crossclick\" data-gtm-custom-label=\"Contextuel\" data-gtm-event=\"customEventSPE\" data-fig-domain=\"LEFIGARO\">\u00e0 Nantes<\/a>\u00a0(Loire-Atlantique), en validant l\u2019option d\u2019un vote interne. Organis\u00e9e les 30 et 31 ao\u00fbt, une consultation des adh\u00e9rents LR nantais, \u00e0 jour de cotisation le 28 juillet, d\u00e9partagera donc les deux candidats d\u00e9clar\u00e9s de la droite pour les \u00e9lections municipales, Julien Bainvel et Foulques Chombart de Lauwe.<\/p>\n<p class=\"fig-paragraph\">En compagne depuis deux ans et partisan depuis l\u2019hiver d\u2019une primaire \u00e0 droite, Foulques Chombart de Lauwe s\u2019est r\u00e9joui de la d\u00e9cision des instances nationales des R\u00e9publicains, obtenue de haute lutte face \u00e0 des concerts de r\u00e9ticences. \u00abL\u2019opini\u00e2tret\u00e9 paie\u00a0! Que le meilleur gagne\u00bb, lance le conseiller municipal exclu en 2023 du groupe d\u2019opposition \u00e0 la majorit\u00e9 \u00e9colo-socialiste au pouvoir\u00a0<a href=\"http:\/\/www.lefigaro.fr\/nantes\/municipales-2026-a-nantes-la-droite-deja-divisee-apres-le-coup-de-force-d-un-aspirant-a-la-mairie-20231015\" target=\"_blank\" data-fig-type=\"Article\" rel=\"noopener nofollow\" data-gtm-custom-categorie=\"navigation\" data-gtm-custom-action=\"crossclick\" data-gtm-custom-label=\"Contextuel\" data-gtm-event=\"customEventSPE\" data-fig-domain=\"LEFIGARO\">pour s\u2019\u00eatre lanc\u00e9 en cavalier seul dans la course \u00e0 la mairie de Nantes<\/a>. \u00abNous sommes pr\u00eats \u00e0 d\u00e9montrer que l\u2019union fait la force et sera la solution la plus efficace pour contrer la gauche la plus extr\u00eame\u00bb, a r\u00e9agi Julien Bainvel, \u00e9lu municipal, m\u00e9tropolitain et r\u00e9gional, pass\u00e9 \u00e9galement par le conseil d\u00e9partemental.<\/p>\n<p>                                    <a class=\"fig-a11y-skip a11y-hidden\" href=\"#fig-a11y-skip-main-inarticle\"><br \/>\n        Passer la publicit\u00e9<br \/>\n    <\/a><\/p>\n<p>Campagne rapide<\/p>\n<p class=\"fig-paragraph\">Les R\u00e9publicains nantais auront \u00e0 choisir entre deux personnalit\u00e9s mais aussi deux sensibilit\u00e9s politiques. Proche du maire de Cannes,<a href=\"http:\/\/www.lefigaro.fr\/politique\/david-lisnard-appelle-les-formations-de-droite-a-s-entendre-sur-dix-mesures-a-porter-dans-la-course-a-la-presidentielle-2027-20250724\" target=\"_blank\" data-fig-type=\"NewsFlash\" rel=\"noopener nofollow\" data-gtm-custom-categorie=\"navigation\" data-gtm-custom-action=\"crossclick\" data-gtm-custom-label=\"Contextuel\" data-gtm-event=\"customEventSPE\" data-fig-domain=\"LEFIGARO\">\u00a0David Lisnard<\/a>, franc du collier et battant le pav\u00e9 depuis plus de 20 mois en clamant vouloir \u00abvirer\u00bb la maire de Nantes,\u00a0<a href=\"http:\/\/www.lefigaro.fr\/vox\/societe\/explosion-de-l-insecurite-ecologie-punitive-johanna-rolland-est-a-nantes-ce-qu-anne-hidalgo-est-a-paris-20240327\" target=\"_blank\" data-fig-type=\"Article\" rel=\"noopener nofollow\" data-gtm-custom-categorie=\"navigation\" data-gtm-custom-action=\"crossclick\" data-gtm-custom-label=\"Contextuel\" data-gtm-event=\"customEventSPE\" data-fig-domain=\"LEFIGARO\">Johanna Rolland<\/a>, Foulques Chombart de Lauwe assume \u00ab\u00eatre un vrai homme de droite\u00bb prompt \u00e0 \u00abcasser les codes\u00bb. Poulain de la s\u00e9natrice\u00a0<a href=\"http:\/\/www.lefigaro.fr\/nantes\/municipales-2026-laurence-garnier-patronne-de-la-droite-a-nantes-passe-le-flambeau-20250131\" target=\"_blank\" data-fig-type=\"NewsFlash\" rel=\"noopener nofollow\" data-gtm-custom-categorie=\"navigation\" data-gtm-custom-action=\"crossclick\" data-gtm-custom-label=\"Contextuel\" data-gtm-event=\"customEventSPE\" data-fig-domain=\"LEFIGARO\">Laurence Garnier<\/a>, double candidate malheureuse \u00e0 la mairie de Nantes, Julien Bainvel a pour sa part repris sa carte LR au printemps, apr\u00e8s avoir quitt\u00e9 le parti l\u2019ann\u00e9e derni\u00e8re, en r\u00e9action au\u00a0<a href=\"http:\/\/www.lefigaro.fr\/politique\/alliance-avec-le-rn-et-exclusion-de-ciotti-la-droite-lr-en-proie-au-chaos-20240613\" target=\"_blank\" data-fig-type=\"Article\" rel=\"noopener nofollow\" data-gtm-custom-categorie=\"navigation\" data-gtm-custom-action=\"crossclick\" data-gtm-custom-label=\"Contextuel\" data-gtm-event=\"customEventSPE\" data-fig-domain=\"LEFIGARO\">ralliement d\u2019\u00c9ric Ciotti au RN<\/a>. Parfaitement ins\u00e9r\u00e9 dans l\u2019\u00e9cosyst\u00e8me politique local, il se revendique partisan \u00abd\u2019un rassemblement large\u00bb, aux angles plus arrondis susceptibles de moins braquer les habitants de Nantes, bastion socialiste depuis plus de 30 ans.<\/p>\n<p class=\"fig-paragraph\">Les deux candidats doivent d\u00e9sormais mener une campagne interne expresse, en plein mois d\u2019ao\u00fbt &#8211; un calendrier serr\u00e9 impos\u00e9 par l\u2019ouverture, le 1er septembre, du cadre r\u00e9glementaire strict qui r\u00e9git les comptes de campagne li\u00e9s aux municipales. Au moins un d\u00e9bat devrait voir le jour pour pr\u00e9senter les deux projets aux quelque 800 adh\u00e9rents nantais des R\u00e9publicains. Quelle que soit l\u2019issue de la consultation, qui se d\u00e9roulera par voie \u00e9lectronique, les deux hommes se sont engag\u00e9s \u00e0 travailler loyalement avec celui qui remportera le suffrage.<\/p>\n","protected":false},"excerpt":{"rendered":"La commission nationale d\u2019investiture des R\u00e9publicains laisse aux quelque 800 adh\u00e9rents nantais le soin de d\u00e9partager Julien Bainvel&hellip;\n","protected":false},"author":2,"featured_media":281781,"comment_status":"","ping_status":"","sticky":false,"template":"","format":"standard","meta":{"footnotes":""},"categories":[2818],"tags":[1111,11,4188,1777,674,1011,27,766,12,2636,25],"class_list":{"0":"post-281780","1":"post","2":"type-post","3":"status-publish","4":"format-standard","5":"has-post-thumbnail","7":"category-nantes","8":"tag-actu","9":"tag-actualites","10":"tag-elections-municipales","11":"tag-eu","12":"tag-europe","13":"tag-fr","14":"tag-france","15":"tag-nantes","16":"tag-news","17":"tag-pays-de-la-loire","18":"tag-republique-francaise"},"share_on_mastodon":{"url":"https:\/\/pubeurope.com\/@fr\/114936293931790317","error":""},"_links":{"self":[{"href":"https:\/\/www.europesays.com\/fr\/wp-json\/wp\/v2\/posts\/281780","targetHints":{"allow":["GET"]}}],"collection":[{"href":"https:\/\/www.europesays.com\/fr\/wp-json\/wp\/v2\/posts"}],"about":[{"href":"https:\/\/www.europesays.com\/fr\/wp-json\/wp\/v2\/types\/post"}],"author":[{"embeddable":true,"href":"https:\/\/www.europesays.com\/fr\/wp-json\/wp\/v2\/users\/2"}],"replies":[{"embeddable":true,"href":"https:\/\/www.europesays.com\/fr\/wp-json\/wp\/v2\/comments?post=281780"}],"version-history":[{"count":0,"href":"https:\/\/www.europesays.com\/fr\/wp-json\/wp\/v2\/posts\/281780\/revisions"}],"wp:featuredmedia":[{"embeddable":true,"href":"https:\/\/www.europesays.com\/fr\/wp-json\/wp\/v2\/media\/281781"}],"wp:attachment":[{"href":"https:\/\/www.europesays.com\/fr\/wp-json\/wp\/v2\/media?parent=281780"}],"wp:term":[{"taxonomy":"category","embeddable":true,"href":"https:\/\/www.europesays.com\/fr\/wp-json\/wp\/v2\/categories?post=281780"},{"taxonomy":"post_tag","embeddable":true,"href":"https:\/\/www.europesays.com\/fr\/wp-json\/wp\/v2\/tags?post=281780"}],"curies":[{"name":"wp","href":"https:\/\/api.w.org\/{rel}","templated":true}]}}