{"id":281784,"date":"2025-07-29T11:31:10","date_gmt":"2025-07-29T11:31:10","guid":{"rendered":"https:\/\/www.europesays.com\/fr\/281784\/"},"modified":"2025-07-29T11:31:10","modified_gmt":"2025-07-29T11:31:10","slug":"caresses-aux-fesses-baisers-forces-le-directeur-du-crous-de-bordeaux-aquitaine-suspendu-apres-des-accusations-dagressions-sexuelles","status":"publish","type":"post","link":"https:\/\/www.europesays.com\/fr\/281784\/","title":{"rendered":"Caresses aux fesses, baisers forc\u00e9s : le directeur du Crous de Bordeaux-Aquitaine suspendu apr\u00e8s des accusations d\u2019agressions sexuelles"},"content":{"rendered":"<p>Le <a href=\"http:\/\/es\/bienvenue-en-france-comment-le-dispositif-qui-instaure-la-preference-nationale-a-luniversite-est-de-plus-en-plus-utilise\">minist\u00e8re de l\u2019Enseignement sup\u00e9rieur<\/a> a annonc\u00e9, lundi 28\u00a0juillet, suspendre \u00e0 titre conservatoire le directeur g\u00e9n\u00e9ral du Centre r\u00e9gional des \u0153uvres universitaires et scolaires (Crous) de Bordeaux-Aquitaine, en raison de \u00ab\u00a0comportements inappropri\u00e9s\u00a0\u00bb envers des membres f\u00e9minins du personnel. <\/p>\n<p>Une enqu\u00eate administrative le visant avait \u00e9t\u00e9 lanc\u00e9e en f\u00e9vrier dernier, suite au \u00e0 un signalement \u00e0 son encontre de <a href=\"https:\/\/www.humanite.fr\/societe\/feministe\/violences-sexuelles-140-mesures-pour-une-loi-globale-et-ambitieuse\" target=\"_blank\" rel=\"noopener\">faits de harc\u00e8lement et d\u2019agressions sexuelles<\/a>. Selon une source proche du dossier, quatre collaboratrices \u00e0 Bordeaux avaient signal\u00e9 des <a href=\"https:\/\/www.humanite.fr\/societe\/ciivise\/age-minimal-pour-les-reseaux-sociaux-permis-dentraide-entre-jeunes-les-recommandations-des-adolescents-contre-linceste-et-les-violences-sexuelles\" target=\"_blank\" rel=\"noopener\">agressions sexuelles<\/a> et une \u00ab\u00a0relation forc\u00e9e qui a abouti sur des rapports sexuels \u00e0 plusieurs reprises\u00a0\u00bb. <\/p>\n<p>Trois autres victimes auraient \u00e9t\u00e9 identifi\u00e9es \u00e0 Grenoble, o\u00f9 le directeur en question \u00e9tait en poste pr\u00e9c\u00e9demment. Interrog\u00e9 par l\u2019Agence France-Presse (AFP) sur cette affaire, en mai dernier, l\u2019accus\u00e9 avait affirm\u00e9 contester \u00ab\u00a0fermement\u00a0\u00bb les t\u00e9moignages.<\/p>\n<p>Des \u00ab\u00a0tentatives de baisers forc\u00e9s\u00a0\u00bb<\/p>\n<p>Une victime, qui a requis l\u2019anonymat, avait alors accus\u00e9 ce dernier d\u2019\u00eatre \u00e0 l\u2019origine d\u2019un flirt insistant, et ce, pendant plusieurs ann\u00e9es. Le directeur du Crous de Bordeaux-Aquitaine lui aurait ainsi envoy\u00e9 \u00e0 de nombreuses reprises des invitations au restaurant ou \u00e0 des \u00e9v\u00e9nements divers. La situation aurait ensuite bascul\u00e9 lors d\u2019une soir\u00e9e, durant laquelle la victime pr\u00e9sum\u00e9e affirme avoir subi \u00ab\u00a0des caresses dans le bas du dos et au niveau des fesses\u00a0\u00bb et des<a href=\"https:\/\/www.humanite.fr\/culture-et-savoir\/artistes\/ladame-quicolle-lart-de-rue-pour-lutter-contre-les-violences-faites-aux-femmes-et-le-patriarcat\" target=\"_blank\" rel=\"noopener\"> \u00ab\u00a0tentatives de baisers forc\u00e9s\u00a0\u00bb<\/a>.<\/p>\n<p>Apr\u00e8s avoir alert\u00e9 la direction des ressources humaines, sans qu\u2019une proc\u00e9dure soit ouverte, cette derni\u00e8re a saisi la cellule <a href=\"https:\/\/www.humanite.fr\/feminisme\/associations\/jugeons-la-justice-pas-les-femmes-le-podcast-pour-en-finir-avec-les-violences-sexistes-et-sexuelles-au-travail\" target=\"_blank\" rel=\"noopener\">Violences sexistes et sexuelles (VSS)<\/a> du Crous, en 2023, qui avait alors re\u00e7u \u00ab\u00a0au moins cinq ou six signalements\u00a0\u00bb similaires. Mais cela a d\u00e9bouch\u00e9, selon elle, sur un simple \u00ab\u00a0recadrage\u00a0\u00bb du directeur, \u00ab\u00a0pour lui dire d\u2019arr\u00eater les invitations nocturnes\u00a0\u00bb.<\/p>\n<p>Elle d\u00e9plorait ainsi une \u00ab\u00a0absence de r\u00e9action \u00e0 la hauteur des faits\u00a0\u00bb, jusqu\u2019\u00e0 l\u2019ouverture de l\u2019enqu\u00eate de l\u2019Inspection g\u00e9n\u00e9rale de l\u2019\u00c9ducation, du Sport et de la Recherche (IGESR), \u00e0 la suite de l\u2019envoi d\u2019une lettre en d\u00e9cembre. Cette \u00ab\u00a0<a href=\"https:\/\/www.humanite.fr\/societe\/feminicides\/lutte-contre-les-violences-le-gouvernement-juge-quil-en-fait-assez-et-rejette-la-loi-integrale-exigee-par-les-feministes\" target=\"_blank\" rel=\"noopener\">lenteur administrative<\/a> ne va pas dans le sens de la reconnaissance des victimes\u00a0\u00bb, d\u00e9plorait-elle aupr\u00e8s de l\u2019AFP.<\/p>\n<p>L\u2019enqu\u00eate, dont les conclusions ont \u00e9t\u00e9 d\u00e9voil\u00e9es fin juillet, a \u00ab\u00a0d\u00e9montr\u00e9 que la plupart des mentions relatives \u00e0 de potentielles<a href=\"https:\/\/www.humanite.fr\/societe\/ordre-national-des-medecins\/une-femme-medecin-sur-deux-victimes-de-violences-sexistes-et-sexuelles-de-la-part-dun-confrere-selon-lordre-des-medecins\" target=\"_blank\" rel=\"noopener\"> violences sexistes et sexuelles<\/a> \u00e9voqu\u00e9es dans le courriel anonyme sont en grande partie inexactes\u00a0\u00bb, indique le minist\u00e8re charg\u00e9 de l\u2019Enseignement sup\u00e9rieur et de la Recherche. <\/p>\n<p>Des comportements inappropri\u00e9s confirm\u00e9s au Crous de Bordeaux<\/p>\n<p>Les \u00ab\u00a0affirmations relatives \u00e0 sept signalements qui auraient \u00e9t\u00e9 effectu\u00e9s aupr\u00e8s du Cnous (Centre national des \u0153uvres universitaires et scolaires, NDLR) sont fausses et les accusations \u00e0 l\u2019\u00e9gard de son pr\u00e9sident infond\u00e9es\u00a0\u00bb, poursuit le communiqu\u00e9.<\/p>\n<p>Cependant, l\u2019enqu\u00eate a permis d\u2019identifier des \u00ab\u00a0comportements inappropri\u00e9s\u00a0\u00bb de la part du directeur g\u00e9n\u00e9ral \u00ab\u00a0envers plusieurs personnels f\u00e9minins du Crous de Bordeaux\u00a0\u00bb, conduisant \u00e0 sa \u00ab\u00a0suspension imm\u00e9diate \u00e0 titre conservatoire\u00a0\u00bb et au \u00ab\u00a0lancement d\u2019une proc\u00e9dure disciplinaire \u00e0 son encontre\u00a0\u00bb.<\/p>\n<p><a href=\"https:\/\/www.humanite.fr\/societe\/ecole\/un-climat-homophobe-et-raciste-les-conclusions-du-rapport-dinspection-sur-le-college-stanislas-auraient-ete-falsifiees\" target=\"_blank\" rel=\"noopener\">L\u2019enqu\u00eate de l\u2019IGESR<\/a> \u00ab\u00a0ayant \u00e9tabli des faits susceptibles de rev\u00eatir une qualification p\u00e9nale\u00a0\u00bb, le rapport a \u00e9t\u00e9 transmis au procureur de la R\u00e9publique de Bordeaux conform\u00e9ment \u00e0 l\u2019article\u00a040 du code de proc\u00e9dure p\u00e9nale, pr\u00e9cise le minist\u00e8re. Dominique Froment, directrice g\u00e9n\u00e9rale du Crous de Toulouse, est nomm\u00e9e directrice g\u00e9n\u00e9rale par int\u00e9rim de celui de Bordeaux.<\/p>\n<p>Avant de partir, une derni\u00e8re chose\u2026<\/p>\n<p>Contrairement \u00e0 90% des m\u00e9dias fran\u00e7ais aujourd\u2019hui, <strong>l\u2019Humanit\u00e9 ne d\u00e9pend ni de grands groupes ni de milliardaires<\/strong>. Cela signifie que : <\/p>\n<ul class=\"wp-block-list\">\n<li>nous vous apportons des informations impartiales, sans compromis. Mais aussi que <\/li>\n<li>nous n\u2019avons pas les moyens financiers dont b\u00e9n\u00e9ficient les autres m\u00e9dias.<\/li>\n<\/ul>\n<p><strong>L\u2019information ind\u00e9pendante et de qualit\u00e9 a un co\u00fbt<\/strong>. Payez-le.<br \/><a href=\"https:\/\/stage.preprod.humanite.fr\/lhumanite-cest-vous\" data-type=\"link\" data-id=\"https:\/\/stage.preprod.humanite.fr\/lhumanite-cest-vous\" target=\"_blank\" rel=\"noopener\">Je veux en savoir plus<\/a><\/p>\n","protected":false},"excerpt":{"rendered":"Le minist\u00e8re de l\u2019Enseignement sup\u00e9rieur a annonc\u00e9, lundi 28\u00a0juillet, suspendre \u00e0 titre conservatoire le directeur g\u00e9n\u00e9ral du Centre&hellip;\n","protected":false},"author":2,"featured_media":281785,"comment_status":"","ping_status":"","sticky":false,"template":"","format":"standard","meta":{"footnotes":""},"categories":[2817],"tags":[1111,11,1997,13684,1777,674,1011,27,12,2219,25,29939],"class_list":{"0":"post-281784","1":"post","2":"type-post","3":"status-publish","4":"format-standard","5":"has-post-thumbnail","7":"category-bordeaux","8":"tag-actu","9":"tag-actualites","10":"tag-bordeaux","11":"tag-crous","12":"tag-eu","13":"tag-europe","14":"tag-fr","15":"tag-france","16":"tag-news","17":"tag-nouvelle-aquitaine","18":"tag-republique-francaise","19":"tag-vss-violences-sexistes-et-sexuelles"},"share_on_mastodon":{"url":"https:\/\/pubeurope.com\/@fr\/114936301749928607","error":""},"_links":{"self":[{"href":"https:\/\/www.europesays.com\/fr\/wp-json\/wp\/v2\/posts\/281784","targetHints":{"allow":["GET"]}}],"collection":[{"href":"https:\/\/www.europesays.com\/fr\/wp-json\/wp\/v2\/posts"}],"about":[{"href":"https:\/\/www.europesays.com\/fr\/wp-json\/wp\/v2\/types\/post"}],"author":[{"embeddable":true,"href":"https:\/\/www.europesays.com\/fr\/wp-json\/wp\/v2\/users\/2"}],"replies":[{"embeddable":true,"href":"https:\/\/www.europesays.com\/fr\/wp-json\/wp\/v2\/comments?post=281784"}],"version-history":[{"count":0,"href":"https:\/\/www.europesays.com\/fr\/wp-json\/wp\/v2\/posts\/281784\/revisions"}],"wp:featuredmedia":[{"embeddable":true,"href":"https:\/\/www.europesays.com\/fr\/wp-json\/wp\/v2\/media\/281785"}],"wp:attachment":[{"href":"https:\/\/www.europesays.com\/fr\/wp-json\/wp\/v2\/media?parent=281784"}],"wp:term":[{"taxonomy":"category","embeddable":true,"href":"https:\/\/www.europesays.com\/fr\/wp-json\/wp\/v2\/categories?post=281784"},{"taxonomy":"post_tag","embeddable":true,"href":"https:\/\/www.europesays.com\/fr\/wp-json\/wp\/v2\/tags?post=281784"}],"curies":[{"name":"wp","href":"https:\/\/api.w.org\/{rel}","templated":true}]}}