{"id":281786,"date":"2025-07-29T11:32:10","date_gmt":"2025-07-29T11:32:10","guid":{"rendered":"https:\/\/www.europesays.com\/fr\/281786\/"},"modified":"2025-07-29T11:32:10","modified_gmt":"2025-07-29T11:32:10","slug":"le-metro-partiellement-a-larret-ce-mardi-soir-les-stations-non-desservies","status":"publish","type":"post","link":"https:\/\/www.europesays.com\/fr\/281786\/","title":{"rendered":"le m\u00e9tro partiellement \u00e0 l&rsquo;arr\u00eat ce mardi soir, les stations non desservies"},"content":{"rendered":"<p>            Par<br \/>\n        <strong><br \/>\n            <a href=\"https:\/\/actu.fr\/auteur\/guillaume-laurens\" title=\"Consulter tous les articles de Guillaume Laurens\" target=\"_blank\" rel=\"noopener\">Guillaume Laurens<\/a><br \/>\n        <\/strong><\/p>\n<p>        Publi\u00e9 le<\/p>\n<p>            29 juil. 2025 \u00e0 13h24        <\/p>\n<p>Alors que<a href=\"https:\/\/actu.fr\/occitanie\/toulouse_31555\/pourquoi-des-stations-velotoulouse-sont-inaccessibles-ce-mardi-204-bornes-a-l-arret-la-galere-des-usagers_62970180.html\" target=\"_blank\" rel=\"noopener\"> le service <strong>V\u00e9l\u00d4Toulouse<\/strong><\/a> est en panne ce mardi 29\u00a0juillet 2025, une gal\u00e8re de plus \u00e0 l\u2019horizon pour les usagers des services de <a href=\"https:\/\/actu.fr\/tag\/tisseo\" target=\"_blank\" rel=\"noopener\">Tiss\u00e9o<\/a> \u00e0 <strong><a href=\"https:\/\/actu.fr\/toulouse\/\" target=\"_blank\" rel=\"noopener\">Toulouse\u2009<\/a><\/strong>: la <strong>ligne B du m\u00e9tro<\/strong> sera partiellement interrompue dans la soir\u00e9e.<\/p>\n<p>Pas de m\u00e9tro entre Ramonville et Saint-Michel Marcel Langer<\/p>\n<p class=\" wall-content\">Afin de proc\u00e9der aux travaux de raccordement \u00e9lectrique pour le <a href=\"https:\/\/actu.fr\/occitanie\/toulouse_31555\/toulouse-tout-savoir-sur-la-connexion-ligne-b-qui-va-prolonger-le-metro-jusqu-a-labege_40342098.html\" target=\"_blank\" rel=\"noopener\">prolongement de la ligne B<\/a>, qui va rejoindre Lab\u00e8ge, Tiss\u00e9o annonce en effet <strong>l\u2019interruption partielle<\/strong> de la ligne B entre <strong>Ramonville<\/strong> et<strong> Saint-Michel Marcel Langer<\/strong> ce mardi soir, dans <strong>les deux sens<\/strong> de circulation.<\/p>\n<p>Quelles sont les stations non desservies\u2009?<\/p>\n<p class=\" wall-content\">Dans le d\u00e9tail, <strong>sept stations de m\u00e9tro<\/strong> ne sont pas desservies. Il s\u2019agit de\u2009:<\/p>\n<ul class=\" wall-content\">\n<li>Ramonville<\/li>\n<li>Universit\u00e9 Paul Sabatier<\/li>\n<li>Facult\u00e9 de pharmacie<\/li>\n<li>Rangueil<\/li>\n<li>Saouzelong<\/li>\n<li>Saint Agne SNCF<\/li>\n<li>Empalot<\/li>\n<\/ul>\n<p class=\" wall-content\">\u00ab\u2009Le dernier d\u00e9part de Ramonville s\u2019effectue \u00e0 <strong>21h30\u2009\u00bb,<\/strong> annonce par ailleurs Tiss\u00e9o.<\/p>\n<p>Vid\u00e9os : en ce moment sur ActuQuelles solutions alternatives<\/p>\n<p class=\" wall-content\">Afin de permettre aux usagers de poursuivre leur d\u00e9placement, l\u2019autorit\u00e9 des transports en commun dans l\u2019agglo a toutefois mis en place des <strong>bus Relais B\u2019<\/strong> qui effectuent la liaison entre Ramonville et Palais de Justice, \u00ab\u2009avec une <strong>fr\u00e9quence de 10\u00a0minutes\u2009\u00bb<\/strong>, fait-elle valoir.<\/p>\n<p class=\" wall-content\">Ces bus relais circuleront \u00e0 partir de 21h30. Le dernier d\u00e9part de Ramonville est \u00e0 0h00 et celui de Palais de Justice \u00e0 0h32.<\/p>\n<p class=\" wall-content\">La ligne 44 effectue quant \u00e0 elle la liaison entre l\u2019Universit\u00e9 Paul Sabatier et les Carmes.<\/p>\n<p class=\" wall-content\">Suivez toute l\u2019actualit\u00e9 de vos villes et m\u00e9dias favoris en vous inscrivant \u00e0 <a href=\"https:\/\/moncompte.actu.fr\" title=\"D\u00e9couvez Mon Actu\" rel=\"nofollow noopener\" data-trk=\"{&quot;cta&quot;:{&quot;action&quot;:&quot;https:\\\/\\\/moncompte.actu.fr&quot;,&quot;category&quot;:&quot;mon compte&quot;,&quot;from&quot;:&quot;article footer&quot;,&quot;name&quot;:&quot;Mon actu&quot;,&quot;type&quot;:&quot;cta&quot;}}\" target=\"_blank\">Mon Actu<\/a>.<\/p>\n<ul class=\"ac-article-tag wall-content\">\n<li><a href=\"https:\/\/actu.fr\/tag\/metro-de-toulouse\" data-trk=\"{&quot;cta&quot;:{&quot;action&quot;:&quot;M\\u00e9tro de Toulouse&quot;,&quot;category&quot;:&quot;tag&quot;,&quot;from&quot;:&quot;article footer&quot;,&quot;name&quot;:&quot;M\\u00e9tro de Toulouse&quot;,&quot;type&quot;:&quot;cta&quot;}}\" target=\"_blank\" rel=\"noopener\">#M\u00e9tro de Toulouse<\/a><\/li>\n<li><a href=\"https:\/\/actu.fr\/tag\/tisseo\" data-trk=\"{&quot;cta&quot;:{&quot;action&quot;:&quot;Tiss\\u00e9o&quot;,&quot;category&quot;:&quot;tag&quot;,&quot;from&quot;:&quot;article footer&quot;,&quot;name&quot;:&quot;Tiss\\u00e9o&quot;,&quot;type&quot;:&quot;cta&quot;}}\" target=\"_blank\" rel=\"noopener\">#Tiss\u00e9o<\/a><\/li>\n<\/ul>\n","protected":false},"excerpt":{"rendered":"Par Guillaume Laurens Publi\u00e9 le 29 juil. 2025 \u00e0 13h24 Alors que le service V\u00e9l\u00d4Toulouse est en panne&hellip;\n","protected":false},"author":2,"featured_media":281787,"comment_status":"","ping_status":"","sticky":false,"template":"","format":"standard","meta":{"footnotes":""},"categories":[2816],"tags":[1111,11,1777,674,1011,27,10596,12,2680,25,104,5400,2312],"class_list":{"0":"post-281786","1":"post","2":"type-post","3":"status-publish","4":"format-standard","5":"has-post-thumbnail","7":"category-toulouse","8":"tag-actu","9":"tag-actualites","10":"tag-eu","11":"tag-europe","12":"tag-fr","13":"tag-france","14":"tag-metro-de-toulouse","15":"tag-news","16":"tag-occitanie","17":"tag-republique-francaise","18":"tag-societe","19":"tag-tisseo","20":"tag-toulouse"},"share_on_mastodon":{"url":"https:\/\/pubeurope.com\/@fr\/114936305769946668","error":""},"_links":{"self":[{"href":"https:\/\/www.europesays.com\/fr\/wp-json\/wp\/v2\/posts\/281786","targetHints":{"allow":["GET"]}}],"collection":[{"href":"https:\/\/www.europesays.com\/fr\/wp-json\/wp\/v2\/posts"}],"about":[{"href":"https:\/\/www.europesays.com\/fr\/wp-json\/wp\/v2\/types\/post"}],"author":[{"embeddable":true,"href":"https:\/\/www.europesays.com\/fr\/wp-json\/wp\/v2\/users\/2"}],"replies":[{"embeddable":true,"href":"https:\/\/www.europesays.com\/fr\/wp-json\/wp\/v2\/comments?post=281786"}],"version-history":[{"count":0,"href":"https:\/\/www.europesays.com\/fr\/wp-json\/wp\/v2\/posts\/281786\/revisions"}],"wp:featuredmedia":[{"embeddable":true,"href":"https:\/\/www.europesays.com\/fr\/wp-json\/wp\/v2\/media\/281787"}],"wp:attachment":[{"href":"https:\/\/www.europesays.com\/fr\/wp-json\/wp\/v2\/media?parent=281786"}],"wp:term":[{"taxonomy":"category","embeddable":true,"href":"https:\/\/www.europesays.com\/fr\/wp-json\/wp\/v2\/categories?post=281786"},{"taxonomy":"post_tag","embeddable":true,"href":"https:\/\/www.europesays.com\/fr\/wp-json\/wp\/v2\/tags?post=281786"}],"curies":[{"name":"wp","href":"https:\/\/api.w.org\/{rel}","templated":true}]}}