{"id":281790,"date":"2025-07-29T11:34:09","date_gmt":"2025-07-29T11:34:09","guid":{"rendered":"https:\/\/www.europesays.com\/fr\/281790\/"},"modified":"2025-07-29T11:34:09","modified_gmt":"2025-07-29T11:34:09","slug":"nord-malgre-la-crise-du-textile-cette-entreprise-enregistre-22-de-chiffre-daffaires","status":"publish","type":"post","link":"https:\/\/www.europesays.com\/fr\/281790\/","title":{"rendered":"Nord. Malgr\u00e9 la crise du textile, cette entreprise enregistre + 22 % de chiffre d\u2019affaires"},"content":{"rendered":"<p>            Par<br \/>\n        <strong><br \/>\n            <a href=\"https:\/\/actu.fr\/auteur\/bastien-grossin\" title=\"Consulter tous les articles de Bastien Grossin\" target=\"_blank\" rel=\"noopener\">Bastien Grossin<\/a><br \/>\n        <\/strong><\/p>\n<p>        Publi\u00e9 le<\/p>\n<p>            29 juil. 2025 \u00e0 13h07        <\/p>\n<p>Concurrence internationale, fast fashion et baisse de la consommation, le secteur du textile est aujourd\u2019hui en crise. Environ<b>\u00a097\u2009% des v\u00eatements consomm\u00e9s en France sont import\u00e9s <\/b>selon l\u2019ADEME (Agence de la transition \u00e9cologique \u2013 Hauts-de-France). Pourtant, <b>Maison Lemahieu<\/b>, implant\u00e9e \u00e0 <b>Saint-Andr\u00e9-lez-Lille<\/b> dans la m\u00e9tropole europ\u00e9enne de <a href=\"https:\/\/actu.fr\/lille\/\" target=\"_blank\" rel=\"noopener\">Lille<\/a> (Nord), tire son \u00e9pingle du jeu. Entre juillet 2024 et juin 2025, les ventes en ligne de l\u2019entreprise ont bondi de 22 %<b>.<\/b>\u00a0 Pour l\u2019entreprise, cette croissance est due au \u00ab\u2009repositionnement strat\u00e9gique\u2009\u00bb et la proposition de produits locaux et \u00e9thiques. D\u00e9tails.<\/p>\n<p>Un virage strat\u00e9gique<\/p>\n<p class=\" wall-content\">Fond\u00e9e en 1947, la manufacture familiale <b>s\u2019installe \u00e0 Saint-Andr\u00e9-lez-Lille en 1969.<\/b> Longtemps sp\u00e9cialis\u00e9e dans la confection de sous-v\u00eatements et de v\u00eatements de nuit, elle est r<b>eprise en 2018 par Martin Breuvart et Lo\u00efc Baert<\/b>. En 2022, confront\u00e9e \u00e0 une chute brutale de son activit\u00e9, l\u2019entreprise nordiste ouvre son capital \u00e0 cinq entrepreneurs de la r\u00e9gion et devient Maison Lemahieu, une marque fabricante \u00e0 part enti\u00e8re. Ce virage strat\u00e9gique ambitieux semble aujourd\u2019hui porter ses fruits.<\/p>\n<p class=\" wall-content\">En effet, face \u00e0 cette contraction, Maison Lemahieu, revoit son offre et la mani\u00e8re de vendre. Le digital<b> repr\u00e9sente\u00a0d\u00e9sormais 40\u2009% du chiffre d\u2019affaires global de l\u2019entreprise<\/b>. Par ailleurs, deux collections cl\u00e9s ont \u00e9t\u00e9 renouvel\u00e9es\u2009: le pr\u00eat-\u00e0-porter et les sous-v\u00eatements. \u00ab\u2009Ces collections, con\u00e7ues dans une d\u00e9marche \u00e9thique et responsable, incarnent les valeurs de la marque\u2009: sobri\u00e9t\u00e9, intemporalit\u00e9, confort et \u00e9coresponsabilit\u00e9\u2009\u00bb, explique l\u2019entreprise.<\/p>\n<p>100 employ\u00e9s dans les Hauts-de-France<\/p>\n<p class=\" wall-content\">\u00c0 contre-courant de la fast fashion, Maison Lemahieu d\u00e9fend une vision plus respectueuse des salari\u00e9s et de l\u2019environnement. L\u2019entreprise qui emploie environ <b>100 personnes<\/b> dans les Hauts-de-France revendique la p\u00e9rennisation des m\u00e9tiers de la fili\u00e8re textile. \u00ab\u2009Il est possible de produire en France de mani\u00e8re responsable, en r\u00e9mun\u00e9rant justement celles et ceux qui fabriquent les v\u00eatements, tout en r\u00e9duisant l\u2019impact environnemental de la mode.\u2009\u00bb Pour \u00e7a, 100\u2009% de la chaine de production est maitris\u00e9e (dessin, prototypage, tricotage ou encore confection), sont produits dans l\u2019atelier de Saint-Andr\u00e9-lez-Lille.<\/p>\n<p>Visiter les coulisses<\/p>\n<p class=\" wall-content\">Pour faire d\u00e9couvrir ce savoir-faire au plus grand nombre, Maison Lemahieu propose des <b data-end=\"2817\">visites guid\u00e9es de son atelier<\/b>\u2009:<\/p>\n<ul class=\" wall-content\">\n<li data-end=\"2839\"><b data-end=\"2832\">Dur\u00e9e<\/b>\u2009: 1h<\/li>\n<li data-end=\"2923\"><b data-end=\"2851\">Tarif<\/b>\u2009: 7 \u20ac (gratuit pour les moins de 10 ans)<\/li>\n<li data-end=\"2998\"><b data-end=\"2934\">Lieu<\/b>\u2009: 480 avenue de Lattre de Tassigny, 59350 Saint-Andr\u00e9-lez-Lille<\/li>\n<li data-end=\"3119\"><b data-end=\"3028\">R\u00e9servation obligatoire<\/b> sur\u2009: <a href=\"https:\/\/www.lemahieu.com\/content\/37-visite-entreprise\" target=\"_blank\" rel=\"noopener\">www.lemahieu.com\/visiterlesateliers<\/a><\/li>\n<\/ul>\n<p class=\" wall-content\">Les visiteurs peuvent d\u00e9couvrir l\u2019ensemble du processus de fabrication, du tricotage \u00e0 l\u2019exp\u00e9dition, dans un parcours qui traverse les sept ateliers int\u00e9gr\u00e9s de l\u2019entreprise.<\/p>\n<p class=\" wall-content\">Suivez toute l\u2019actualit\u00e9 de vos villes et m\u00e9dias favoris en vous inscrivant \u00e0 <a href=\"https:\/\/moncompte.actu.fr\" title=\"D\u00e9couvez Mon Actu\" rel=\"nofollow noopener\" data-trk=\"{&quot;cta&quot;:{&quot;action&quot;:&quot;https:\\\/\\\/moncompte.actu.fr&quot;,&quot;category&quot;:&quot;mon compte&quot;,&quot;from&quot;:&quot;article footer&quot;,&quot;name&quot;:&quot;Mon actu&quot;,&quot;type&quot;:&quot;cta&quot;}}\" target=\"_blank\">Mon Actu<\/a>.<\/p>\n","protected":false},"excerpt":{"rendered":"Par Bastien Grossin Publi\u00e9 le 29 juil. 2025 \u00e0 13h07 Concurrence internationale, fast fashion et baisse de la&hellip;\n","protected":false},"author":2,"featured_media":281791,"comment_status":"","ping_status":"","sticky":false,"template":"","format":"standard","meta":{"footnotes":""},"categories":[2815],"tags":[1111,11,33,1777,674,1011,27,811,1307,12,25,2422],"class_list":{"0":"post-281790","1":"post","2":"type-post","3":"status-publish","4":"format-standard","5":"has-post-thumbnail","7":"category-lille","8":"tag-actu","9":"tag-actualites","10":"tag-economie","11":"tag-eu","12":"tag-europe","13":"tag-fr","14":"tag-france","15":"tag-hauts-de-france","16":"tag-lille","17":"tag-news","18":"tag-republique-francaise","19":"tag-textile"},"share_on_mastodon":{"url":"https:\/\/pubeurope.com\/@fr\/114936313547717240","error":""},"_links":{"self":[{"href":"https:\/\/www.europesays.com\/fr\/wp-json\/wp\/v2\/posts\/281790","targetHints":{"allow":["GET"]}}],"collection":[{"href":"https:\/\/www.europesays.com\/fr\/wp-json\/wp\/v2\/posts"}],"about":[{"href":"https:\/\/www.europesays.com\/fr\/wp-json\/wp\/v2\/types\/post"}],"author":[{"embeddable":true,"href":"https:\/\/www.europesays.com\/fr\/wp-json\/wp\/v2\/users\/2"}],"replies":[{"embeddable":true,"href":"https:\/\/www.europesays.com\/fr\/wp-json\/wp\/v2\/comments?post=281790"}],"version-history":[{"count":0,"href":"https:\/\/www.europesays.com\/fr\/wp-json\/wp\/v2\/posts\/281790\/revisions"}],"wp:featuredmedia":[{"embeddable":true,"href":"https:\/\/www.europesays.com\/fr\/wp-json\/wp\/v2\/media\/281791"}],"wp:attachment":[{"href":"https:\/\/www.europesays.com\/fr\/wp-json\/wp\/v2\/media?parent=281790"}],"wp:term":[{"taxonomy":"category","embeddable":true,"href":"https:\/\/www.europesays.com\/fr\/wp-json\/wp\/v2\/categories?post=281790"},{"taxonomy":"post_tag","embeddable":true,"href":"https:\/\/www.europesays.com\/fr\/wp-json\/wp\/v2\/tags?post=281790"}],"curies":[{"name":"wp","href":"https:\/\/api.w.org\/{rel}","templated":true}]}}