{"id":281794,"date":"2025-07-29T11:36:11","date_gmt":"2025-07-29T11:36:11","guid":{"rendered":"https:\/\/www.europesays.com\/fr\/281794\/"},"modified":"2025-07-29T11:36:11","modified_gmt":"2025-07-29T11:36:11","slug":"un-poids-lourd-est-couche-sur-les-voies","status":"publish","type":"post","link":"https:\/\/www.europesays.com\/fr\/281794\/","title":{"rendered":"un poids lourd est couch\u00e9 sur les voies"},"content":{"rendered":"<p>Un accident de poids lourd est survenu ce mardi 29\u00a0juillet sur l\u2019autoroute A7 \u00e0 hauteur de Ch\u00e2teauneuf-du-Rh\u00f4ne. Un camion frigorifique immatricul\u00e9 en France charg\u00e9 de fruits et l\u00e9gumes, qui circulait en direction du nord, a \u00e9t\u00e9 victime d\u2019une perte de contr\u00f4le, visiblement suite \u00e0 l\u2019\u00e9clatement d\u2019un pneu du tracteur.<\/p>\n<p>Le poids lourd aurait ensuite percut\u00e9 et projet\u00e9 sur le terre-plein central un autre v\u00e9hicule. Le poids lourd a termin\u00e9 sa course en se couchant au milieu des voies empi\u00e9tant sur les deux sens de circulation.<\/p>\n<p>Ce contenu est bloqu\u00e9 car vous n&rsquo;avez pas accept\u00e9 les cookies et autres traceurs.<\/p>\n<p>En cliquant sur \u00ab J\u2019accepte \u00bb, les cookies et autres traceurs seront d\u00e9pos\u00e9s et vous pourrez visualiser les contenus  (<a href=\"\" class=\"consentModule_policy\" target=\"_blank\" title=\"Consulter la politique de protection des donn\u00e9es du fournisseur\">plus d&rsquo;informations<\/a>).<\/p>\n<p>En cliquant sur \u00ab J\u2019accepte tous les cookies \u00bb, vous autorisez des d\u00e9p\u00f4ts de cookies et autres traceurs pour le stockage de vos donn\u00e9es sur nos sites et applications \u00e0 des fins de personnalisation et de ciblage publicitaire.<\/p>\n<p class=\"consentModule_secondaryText\">Vous gardez la possibilit\u00e9 de retirer votre consentement \u00e0 tout moment en consultant notre <a href=\"https:\/\/www.ledauphine.com\/protection-des-donnees\" target=\"_blank\" title=\"Consulter notre politique de protection des donn\u00e9es\" rel=\"noopener\">politique de protection des donn\u00e9es<\/a>. <br \/>&#13;<br \/>\n            <a href=\"https:\/\/www.ledauphine.com\/faits-divers-justice\/2025\/07\/29\/javascript:Didomi.notice.show()\" class=\"consentModule_cmp\" target=\"_blank\" rel=\"noopener\">G\u00e9rer mes choix<\/a>&#13;\n        <\/p>\n<p>&#13;<br \/>\n                        J&rsquo;accepte&#13;<br \/>\n            J&rsquo;accepte tous les cookies&#13;\n        <\/p>\n<p>  Sortie 18 obligatoire<\/p>\n<p>\u00c0 bord du camion se trouvaient deux chauffeurs indemnes. Les secours ont pris en charge les occupants de la voiture, bless\u00e9s mais aucun pronostic vital ne serait engag\u00e9.<\/p>\n<p>Les gendarmes de l\u2019escadron d\u00e9partemental de s\u00e9curit\u00e9 routi\u00e8re de la Dr\u00f4me sont sur place afin de veiller \u00e0 la s\u00e9curisation du trafic qui est fortement impact\u00e9.<\/p>\n<p>Vinci Autoroute vient de mettre sortie obligatoire \u00e0 la sortie 18.<\/p>\n<p>Ce contenu est bloqu\u00e9 car vous n&rsquo;avez pas accept\u00e9 les cookies et autres traceurs.<\/p>\n<p>En cliquant sur \u00ab J\u2019accepte \u00bb, les cookies et autres traceurs seront d\u00e9pos\u00e9s et vous pourrez visualiser les contenus  (<a href=\"\" class=\"consentModule_policy\" target=\"_blank\" title=\"Consulter la politique de protection des donn\u00e9es du fournisseur\">plus d&rsquo;informations<\/a>).<\/p>\n<p>En cliquant sur \u00ab J\u2019accepte tous les cookies \u00bb, vous autorisez des d\u00e9p\u00f4ts de cookies et autres traceurs pour le stockage de vos donn\u00e9es sur nos sites et applications \u00e0 des fins de personnalisation et de ciblage publicitaire.<\/p>\n<p class=\"consentModule_secondaryText\">Vous gardez la possibilit\u00e9 de retirer votre consentement \u00e0 tout moment en consultant notre <a href=\"https:\/\/www.ledauphine.com\/protection-des-donnees\" target=\"_blank\" title=\"Consulter notre politique de protection des donn\u00e9es\" rel=\"noopener\">politique de protection des donn\u00e9es<\/a>. <br \/>&#13;<br \/>\n            <a href=\"https:\/\/www.ledauphine.com\/faits-divers-justice\/2025\/07\/29\/javascript:Didomi.notice.show()\" class=\"consentModule_cmp\" target=\"_blank\" rel=\"noopener\">G\u00e9rer mes choix<\/a>&#13;\n        <\/p>\n<p>&#13;<br \/>\n                        J&rsquo;accepte&#13;<br \/>\n            J&rsquo;accepte tous les cookies&#13;\n        <\/p>\n<p>Les d\u00e9panneurs auraient d\u00e9but\u00e9 leur intervention sur place avec de gros moyens. La circulation est totalement interrompue en direction de Marseille et la circulation se fait sur 2 des 3 voies en direction de Lyon.<\/p>\n","protected":false},"excerpt":{"rendered":"Un accident de poids lourd est survenu ce mardi 29\u00a0juillet sur l\u2019autoroute A7 \u00e0 hauteur de Ch\u00e2teauneuf-du-Rh\u00f4ne. Un&hellip;\n","protected":false},"author":2,"featured_media":281795,"comment_status":"","ping_status":"","sticky":false,"template":"","format":"standard","meta":{"footnotes":""},"categories":[2814],"tags":[119,1111,11,42119,3542,2730,6436,1777,674,274,107,1011,27,884,12,882,25,2803],"class_list":{"0":"post-281794","1":"post","2":"type-post","3":"status-publish","4":"format-standard","5":"has-post-thumbnail","7":"category-marseille","8":"tag-accident","9":"tag-actu","10":"tag-actualites","11":"tag-chateauneuf-du-rhone","12":"tag-circulation","13":"tag-drome","14":"tag-edition-montelimar-drome-provencale","15":"tag-eu","16":"tag-europe","17":"tag-faits-divers-justice","18":"tag-fil-info","19":"tag-fr","20":"tag-france","21":"tag-marseille","22":"tag-news","23":"tag-provence-alpes-cote-dazur","24":"tag-republique-francaise","25":"tag-transport"},"share_on_mastodon":{"url":"https:\/\/pubeurope.com\/@fr\/114936321400264086","error":""},"_links":{"self":[{"href":"https:\/\/www.europesays.com\/fr\/wp-json\/wp\/v2\/posts\/281794","targetHints":{"allow":["GET"]}}],"collection":[{"href":"https:\/\/www.europesays.com\/fr\/wp-json\/wp\/v2\/posts"}],"about":[{"href":"https:\/\/www.europesays.com\/fr\/wp-json\/wp\/v2\/types\/post"}],"author":[{"embeddable":true,"href":"https:\/\/www.europesays.com\/fr\/wp-json\/wp\/v2\/users\/2"}],"replies":[{"embeddable":true,"href":"https:\/\/www.europesays.com\/fr\/wp-json\/wp\/v2\/comments?post=281794"}],"version-history":[{"count":0,"href":"https:\/\/www.europesays.com\/fr\/wp-json\/wp\/v2\/posts\/281794\/revisions"}],"wp:featuredmedia":[{"embeddable":true,"href":"https:\/\/www.europesays.com\/fr\/wp-json\/wp\/v2\/media\/281795"}],"wp:attachment":[{"href":"https:\/\/www.europesays.com\/fr\/wp-json\/wp\/v2\/media?parent=281794"}],"wp:term":[{"taxonomy":"category","embeddable":true,"href":"https:\/\/www.europesays.com\/fr\/wp-json\/wp\/v2\/categories?post=281794"},{"taxonomy":"post_tag","embeddable":true,"href":"https:\/\/www.europesays.com\/fr\/wp-json\/wp\/v2\/tags?post=281794"}],"curies":[{"name":"wp","href":"https:\/\/api.w.org\/{rel}","templated":true}]}}