{"id":281796,"date":"2025-07-29T11:37:13","date_gmt":"2025-07-29T11:37:13","guid":{"rendered":"https:\/\/www.europesays.com\/fr\/281796\/"},"modified":"2025-07-29T11:37:13","modified_gmt":"2025-07-29T11:37:13","slug":"le-maire-de-marseille-condamne-lagression-sur-fond-dantisemitisme-de-lhumoriste-marie-sinfiltre","status":"publish","type":"post","link":"https:\/\/www.europesays.com\/fr\/281796\/","title":{"rendered":"le maire de Marseille condamne l\u2019agression sur fond d\u2019antis\u00e9mitisme de l\u2019humoriste Marie s\u2019infiltre"},"content":{"rendered":"<p>La com\u00e9dienne Marie s\u2019infiltre a affirm\u00e9 sur les r\u00e9seaux sociaux avoir \u00e9t\u00e9 invectiv\u00e9e parce qu\u2019elle est juive \u00e0 la terrasse d\u2019un caf\u00e9 du Vieux-Port. Beno\u00eet Payan appelle \u00e0 la condamnation des auteurs.<\/p>\n<p class=\"fig-paragraph\">La sc\u00e8ne aurait profond\u00e9ment choqu\u00e9 le maire de Marseille. Sur X,<a href=\"http:\/\/www.lefigaro.fr\/culture\/benoit-payan-et-cinq-adjoints-de-marseille-devant-la-justice-pour-injures-et-diffamation-contre-nicolas-pagnol-20250709\" data-fig-type=\"Article\" data-gtm-custom-categorie=\"navigation\" data-gtm-custom-action=\"crossclick\" data-gtm-custom-label=\"Contextuel\" data-gtm-event=\"customEventSPE\" data-fig-domain=\"LEFIGARO\" target=\"_blank\" rel=\"noopener\">\u00a0Beno\u00eet Payan<\/a>\u00a0condamne l\u2019agression sur fond\u00a0<a href=\"http:\/\/www.lefigaro.fr\/flash-actu\/antisemitisme-a-nancy-une-plaque-en-hommage-a-yitzhak-rabin-detruite-20250728\" data-fig-type=\"NewsFlash\" data-gtm-custom-categorie=\"navigation\" data-gtm-custom-action=\"crossclick\" data-gtm-custom-label=\"Contextuel\" data-gtm-event=\"customEventSPE\" data-fig-domain=\"LEFIGARO\" target=\"_blank\" rel=\"noopener\">d\u2019antis\u00e9mitisme\u00a0<\/a>dont aurait \u00e9t\u00e9 victime l\u2019humoriste<a href=\"http:\/\/www.lefigaro.fr\/flash-actu\/aujourd-hui-aller-a-l-encontre-d-un-jugement-qui-fait-l-unanimite-c-est-le-bucher-social-regrette-marie-s-infiltre-20250214\" data-fig-type=\"NewsFlash\" data-gtm-custom-categorie=\"navigation\" data-gtm-custom-action=\"crossclick\" data-gtm-custom-label=\"Contextuel\" data-gtm-event=\"customEventSPE\" data-fig-domain=\"LEFIGARO\" target=\"_blank\" rel=\"noopener\">\u00a0Marie s\u2019infiltre<\/a>\u00a0\u00e0 la terrasse d\u2019un caf\u00e9 du Vieux-Port ce dimanche.<\/p>\n<p class=\"fig-paragraph\">Sur ses r\u00e9seaux sociaux, la com\u00e9dienne de confession juive a racont\u00e9 \u00eatre partie de la terrasse d\u2019un caf\u00e9 apr\u00e8s que plusieurs individus l\u2019ayant reconnue l\u2019ont prise \u00e0 partie, criant notamment des slogans en faveur de la Palestine.<\/p>\n<p>                                    <a class=\"fig-a11y-skip a11y-hidden\" href=\"#fig-a11y-skip-main-inarticle\"><br \/>\n        Passer la publicit\u00e9<br \/>\n    <\/a><\/p>\n<p>Le maire appelle \u00e0 la condamnation des auteurs<\/p>\n<p class=\"fig-paragraph\">\u00abJamais la violence et l\u2019antis\u00e9mitisme n\u2019auront leur place \u00e0 Marseille, \u00e9crit Beno\u00eet Payan. Ces attaques sont intol\u00e9rables et leurs auteurs doivent \u00eatre condamn\u00e9s avec fermet\u00e9. Marseille sera toujours une ville de tol\u00e9rance et de fraternit\u00e9.\u00bb<\/p>\n<p class=\"fig-paragraph\">Un total de 1570 actes antis\u00e9mites a \u00e9t\u00e9 recens\u00e9 en 2024 en France apr\u00e8s les 1676 en 2023. L\u2019an dernier, 65% des actes antis\u00e9mites ont concern\u00e9 des atteintes aux personnes. La majorit\u00e9 de ces atteintes aux personnes a \u00e9t\u00e9 des propos ou gestes mena\u00e7ants (652), et 106 ont concern\u00e9 des violences physiques.<\/p>\n","protected":false},"excerpt":{"rendered":"La com\u00e9dienne Marie s\u2019infiltre a affirm\u00e9 sur les r\u00e9seaux sociaux avoir \u00e9t\u00e9 invectiv\u00e9e parce qu\u2019elle est juive \u00e0&hellip;\n","protected":false},"author":2,"featured_media":281797,"comment_status":"","ping_status":"","sticky":false,"template":"","format":"standard","meta":{"footnotes":""},"categories":[2814],"tags":[1111,11,1120,6155,6469,3259,1777,674,1011,27,2701,884,12,882,25],"class_list":{"0":"post-281796","1":"post","2":"type-post","3":"status-publish","4":"format-standard","5":"has-post-thumbnail","7":"category-marseille","8":"tag-actu","9":"tag-actualites","10":"tag-agression","11":"tag-antisemitisme","12":"tag-benoit-payan","13":"tag-conflit-israelo-palestinien","14":"tag-eu","15":"tag-europe","16":"tag-fr","17":"tag-france","18":"tag-humoriste","19":"tag-marseille","20":"tag-news","21":"tag-provence-alpes-cote-dazur","22":"tag-republique-francaise"},"share_on_mastodon":{"url":"https:\/\/pubeurope.com\/@fr\/114936325346922321","error":""},"_links":{"self":[{"href":"https:\/\/www.europesays.com\/fr\/wp-json\/wp\/v2\/posts\/281796","targetHints":{"allow":["GET"]}}],"collection":[{"href":"https:\/\/www.europesays.com\/fr\/wp-json\/wp\/v2\/posts"}],"about":[{"href":"https:\/\/www.europesays.com\/fr\/wp-json\/wp\/v2\/types\/post"}],"author":[{"embeddable":true,"href":"https:\/\/www.europesays.com\/fr\/wp-json\/wp\/v2\/users\/2"}],"replies":[{"embeddable":true,"href":"https:\/\/www.europesays.com\/fr\/wp-json\/wp\/v2\/comments?post=281796"}],"version-history":[{"count":0,"href":"https:\/\/www.europesays.com\/fr\/wp-json\/wp\/v2\/posts\/281796\/revisions"}],"wp:featuredmedia":[{"embeddable":true,"href":"https:\/\/www.europesays.com\/fr\/wp-json\/wp\/v2\/media\/281797"}],"wp:attachment":[{"href":"https:\/\/www.europesays.com\/fr\/wp-json\/wp\/v2\/media?parent=281796"}],"wp:term":[{"taxonomy":"category","embeddable":true,"href":"https:\/\/www.europesays.com\/fr\/wp-json\/wp\/v2\/categories?post=281796"},{"taxonomy":"post_tag","embeddable":true,"href":"https:\/\/www.europesays.com\/fr\/wp-json\/wp\/v2\/tags?post=281796"}],"curies":[{"name":"wp","href":"https:\/\/api.w.org\/{rel}","templated":true}]}}