{"id":281798,"date":"2025-07-29T11:38:09","date_gmt":"2025-07-29T11:38:09","guid":{"rendered":"https:\/\/www.europesays.com\/fr\/281798\/"},"modified":"2025-07-29T11:38:09","modified_gmt":"2025-07-29T11:38:09","slug":"trente-infractions-les-gendarmes-tombent-sur-un-champion","status":"publish","type":"post","link":"https:\/\/www.europesays.com\/fr\/281798\/","title":{"rendered":"trente infractions, les gendarmes tombent sur\u00a0\u00ab\u00a0un champion\u00a0\u00bb"},"content":{"rendered":"<p itemprop=\"description\"><strong>Depuis plusieurs mois, les communes de\u00a0Saint-Laurent-de-Mure\u00a0et\u00a0Saint-Bonnet-de-Mure\u00a0subissent un trafic intense de camions.<\/strong><\/p>\n<p>Pour faire respecter\u00a0l\u2019interdiction de transit des poids lourds de plus de 7,5 tonnes\u00a0sur cette ancienne nationale devenue route d\u00e9partementale, les gendarmes de la brigade motoris\u00e9e de Brignais ont\u00a0intensifi\u00e9 leurs contr\u00f4les les 24 et 25 juillet derniers.<\/p>\n<p>R\u00e9sultat :\u00a0une trentaine d\u2019infractions\u00a0ont \u00e9t\u00e9 constat\u00e9es en quelques heures seulement, malgr\u00e9 des panneaux d\u2019interdiction \u00ab\u00a0clairement install\u00e9s\u00a0\u00bb, pr\u00e9cisent les gendarmes. ces derniers ont donc d\u00fb s&rsquo;acquitter d&rsquo;une amende\u00a0de\u00a0135 euros (minor\u00e9e \u00e0 90 euros si elle est r\u00e9gl\u00e9e dans les 45 jours).\u00a0<\/p>\n<p>Cette mesure d\u2019interdiction, issue d\u2019un arr\u00eat\u00e9 pr\u00e9fectoral, vise \u00e0 soulager les habitants d\u2019un axe trop fr\u00e9quent\u00e9. \u00ab\u00a0L\u2019objectif n\u2019est pas de p\u00e9naliser les livraisons locales, mais de lutter contre le trafic de transit qui nuit \u00e0 la s\u00e9curit\u00e9 et \u00e0 la qualit\u00e9 de vie des habitants,\u00a0\u00bb rappellent les militaires.<\/p>\n<p>Parmi eux, un chauffeur a particuli\u00e8rement retenu l\u2019attention des gendarmes\u00a0par le cumul de ses manquements. Chef d\u2019entreprise, \u00ab\u00a0le champion\u00a0\u00bb du week-end\u00a0roulait avec un poids lourd qui n\u2019aurait jamais d\u00fb \u00eatre en circulation.\u00a0Il avait \u00ab\u00a0omis\u00a0\u00bb\u00a0de souscrire une assurance et d\u2019effectuer le contr\u00f4le p\u00e9riodique de son poids lourd avant mise en circulation. Le contrevenant a ainsi vu son\u00a0v\u00e9hicule immobilis\u00e9 et plac\u00e9 en fourri\u00e8re.<\/p>\n<p>Les gendarmes en appellent \u00e0 la responsabilit\u00e9 des transporteurs. L\u2019autoroute voisine est l\u2019alternative logique, mais\u00a0certains la fuient sur les consignes de leurs patrons en raison des p\u00e9ages ou des d\u00e9tours, rel\u00e8vent les forces de l\u2019ordre.<\/p>\n","protected":false},"excerpt":{"rendered":"Depuis plusieurs mois, les communes de\u00a0Saint-Laurent-de-Mure\u00a0et\u00a0Saint-Bonnet-de-Mure\u00a0subissent un trafic intense de camions. Pour faire respecter\u00a0l\u2019interdiction de transit des poids&hellip;\n","protected":false},"author":2,"featured_media":281799,"comment_status":"","ping_status":"","sticky":false,"template":"","format":"standard","meta":{"footnotes":""},"categories":[1889],"tags":[1111,11,2813,2190,2430,1109,251,1112,2811,1777,674,118,1011,27,1922,1110,1114,2428,2810,12,241,316,25,2812,517,800],"class_list":{"0":"post-281798","1":"post","2":"type-post","3":"status-publish","4":"format-standard","5":"has-post-thumbnail","7":"category-lyon","8":"tag-actu","9":"tag-actualites","10":"tag-article","11":"tag-asvel","12":"tag-auvergne-rhone-alpes","13":"tag-breves","14":"tag-culture","15":"tag-depeches","16":"tag-economique","17":"tag-eu","18":"tag-europe","19":"tag-faits-divers","20":"tag-fr","21":"tag-france","22":"tag-info","23":"tag-informations","24":"tag-infos","25":"tag-lyon","26":"tag-lyonmag","27":"tag-news","28":"tag-ol","29":"tag-politique","30":"tag-republique-francaise","31":"tag-sociale","32":"tag-sport","33":"tag-transports"},"share_on_mastodon":{"url":"https:\/\/pubeurope.com\/@fr\/114936329284153337","error":""},"_links":{"self":[{"href":"https:\/\/www.europesays.com\/fr\/wp-json\/wp\/v2\/posts\/281798","targetHints":{"allow":["GET"]}}],"collection":[{"href":"https:\/\/www.europesays.com\/fr\/wp-json\/wp\/v2\/posts"}],"about":[{"href":"https:\/\/www.europesays.com\/fr\/wp-json\/wp\/v2\/types\/post"}],"author":[{"embeddable":true,"href":"https:\/\/www.europesays.com\/fr\/wp-json\/wp\/v2\/users\/2"}],"replies":[{"embeddable":true,"href":"https:\/\/www.europesays.com\/fr\/wp-json\/wp\/v2\/comments?post=281798"}],"version-history":[{"count":0,"href":"https:\/\/www.europesays.com\/fr\/wp-json\/wp\/v2\/posts\/281798\/revisions"}],"wp:featuredmedia":[{"embeddable":true,"href":"https:\/\/www.europesays.com\/fr\/wp-json\/wp\/v2\/media\/281799"}],"wp:attachment":[{"href":"https:\/\/www.europesays.com\/fr\/wp-json\/wp\/v2\/media?parent=281798"}],"wp:term":[{"taxonomy":"category","embeddable":true,"href":"https:\/\/www.europesays.com\/fr\/wp-json\/wp\/v2\/categories?post=281798"},{"taxonomy":"post_tag","embeddable":true,"href":"https:\/\/www.europesays.com\/fr\/wp-json\/wp\/v2\/tags?post=281798"}],"curies":[{"name":"wp","href":"https:\/\/api.w.org\/{rel}","templated":true}]}}