{"id":28180,"date":"2025-04-16T02:26:33","date_gmt":"2025-04-16T02:26:33","guid":{"rendered":"https:\/\/www.europesays.com\/fr\/28180\/"},"modified":"2025-04-16T02:26:33","modified_gmt":"2025-04-16T02:26:33","slug":"schiltigheim-les-eleves-du-lycee-emile-mathis-filment-leur-formation-pour-un-concours","status":"publish","type":"post","link":"https:\/\/www.europesays.com\/fr\/28180\/","title":{"rendered":"Schiltigheim. Les \u00e9l\u00e8ves du lyc\u00e9e \u00c9mile-Mathis filment leur formation pour un concours"},"content":{"rendered":"<p>Plac\u00e9 sous le patronage du minist\u00e8re de l\u2019\u00c9ducation nationale et du celui de l\u2019Enseignement sup\u00e9rieur, \u00ab\u00a0Je filme ma formation\u00a0\u00bb est un concours annuel de vid\u00e9os p\u00e9dagogiques, qui visent \u00e0 faire conna\u00eetre les formations et leurs d\u00e9bouch\u00e9s, ainsi que les \u00e9tablissements qui les proposent.<\/p>\n<p>Au lyc\u00e9e des m\u00e9tiers \u00c9mile-Mathis de Schiltigheim, ce sont trois films qui ont \u00e9t\u00e9 r\u00e9alis\u00e9s par les \u00e9l\u00e8ves. Les&#8230;<\/p>\n","protected":false},"excerpt":{"rendered":"Plac\u00e9 sous le patronage du minist\u00e8re de l\u2019\u00c9ducation nationale et du celui de l\u2019Enseignement sup\u00e9rieur, \u00ab\u00a0Je filme ma&hellip;\n","protected":false},"author":2,"featured_media":28181,"comment_status":"","ping_status":"","sticky":false,"template":"","format":"standard","meta":{"footnotes":""},"categories":[2820],"tags":[1111,11,2880,1057,1777,674,1011,27,775,12,25,5512,640,3265],"class_list":{"0":"post-28180","1":"post","2":"type-post","3":"status-publish","4":"format-standard","5":"has-post-thumbnail","7":"category-strasbourg","8":"tag-actu","9":"tag-actualites","10":"tag-edition-strasbourg","11":"tag-education","12":"tag-eu","13":"tag-europe","14":"tag-fr","15":"tag-france","16":"tag-grand-est","17":"tag-news","18":"tag-republique-francaise","19":"tag-schiltigheim","20":"tag-strasbourg","21":"tag-strasbourg-nord"},"share_on_mastodon":{"url":"https:\/\/pubeurope.com\/@fr\/114345278381641852","error":""},"_links":{"self":[{"href":"https:\/\/www.europesays.com\/fr\/wp-json\/wp\/v2\/posts\/28180","targetHints":{"allow":["GET"]}}],"collection":[{"href":"https:\/\/www.europesays.com\/fr\/wp-json\/wp\/v2\/posts"}],"about":[{"href":"https:\/\/www.europesays.com\/fr\/wp-json\/wp\/v2\/types\/post"}],"author":[{"embeddable":true,"href":"https:\/\/www.europesays.com\/fr\/wp-json\/wp\/v2\/users\/2"}],"replies":[{"embeddable":true,"href":"https:\/\/www.europesays.com\/fr\/wp-json\/wp\/v2\/comments?post=28180"}],"version-history":[{"count":0,"href":"https:\/\/www.europesays.com\/fr\/wp-json\/wp\/v2\/posts\/28180\/revisions"}],"wp:featuredmedia":[{"embeddable":true,"href":"https:\/\/www.europesays.com\/fr\/wp-json\/wp\/v2\/media\/28181"}],"wp:attachment":[{"href":"https:\/\/www.europesays.com\/fr\/wp-json\/wp\/v2\/media?parent=28180"}],"wp:term":[{"taxonomy":"category","embeddable":true,"href":"https:\/\/www.europesays.com\/fr\/wp-json\/wp\/v2\/categories?post=28180"},{"taxonomy":"post_tag","embeddable":true,"href":"https:\/\/www.europesays.com\/fr\/wp-json\/wp\/v2\/tags?post=28180"}],"curies":[{"name":"wp","href":"https:\/\/api.w.org\/{rel}","templated":true}]}}