{"id":281806,"date":"2025-07-29T11:42:10","date_gmt":"2025-07-29T11:42:10","guid":{"rendered":"https:\/\/www.europesays.com\/fr\/281806\/"},"modified":"2025-07-29T11:42:10","modified_gmt":"2025-07-29T11:42:10","slug":"sncf-accident-grave-de-personne-sur-le-rer-c-a-paris-la-circulation-interrompue-sur-une-partie-de-la-ligne","status":"publish","type":"post","link":"https:\/\/www.europesays.com\/fr\/281806\/","title":{"rendered":"SNCF. Accident grave de personne sur le RER C \u00e0 Paris, la circulation interrompue sur une partie de la ligne"},"content":{"rendered":"<p>            Par<br \/>\n        <strong><br \/>\n            <a href=\"https:\/\/actu.fr\/auteur\/redaction-paris\" title=\"Consulter tous les articles de R\u00e9daction Paris\" target=\"_blank\" rel=\"noopener\">R\u00e9daction Paris<\/a><br \/>\n        <\/strong><\/p>\n<p>        Publi\u00e9 le<\/p>\n<p>            29 juil. 2025 \u00e0 11h35        <\/p>\n<p>Alors que le <a href=\"https:\/\/actu.fr\/societe\/circulation-interrompue-sur-le-tram-t11-en-seine-saint-denis-en-raison-d-une-panne_62970398.html\" target=\"_blank\" rel=\"noopener\">T11 est momentan\u00e9ment interrompu<\/a> en Seine-Saint-Denis, au sud de la capitale, c\u2019est le <a href=\"https:\/\/actu.fr\/tag\/rer-c\" target=\"_blank\" rel=\"noopener\">RER C<\/a> qui pr\u00e9sente des difficult\u00e9s de <a href=\"https:\/\/actu.fr\/tag\/circulation\" target=\"_blank\" rel=\"noopener\">circulation<\/a> ce mardi 29\u00a0juillet 2025. En raison d\u2019un <a href=\"https:\/\/actu.fr\/tag\/accident-grave-de-voyageur\" target=\"_blank\" rel=\"noopener\">accident grave de voyageurs<\/a> \u00e0 Paris, <strong>le trafic est \u00e0 l\u2019arr\u00eat<\/strong> sur une partie de la ligne.<\/p>\n<p class=\" wall-content\">\u00ab\u2009Le trafic est interrompu entre <strong>Biblioth\u00e8que-Fran\u00e7ois-Mitterrand<\/strong> et Juvisy et entre Biblioth\u00e8que-Fran\u00e7ois-Mitterrand et Pont-de-Rungis, dans les deux sens de circulation\u2009\u00bb, a annonc\u00e9 la <a href=\"https:\/\/actu.fr\/tag\/sncf\" target=\"_blank\" rel=\"noopener\">SNCF<\/a> sur X.<\/p>\n<p class=\" wall-content\">\n<p class=\" wall-content\">Les gares suivantes sur la branche Saint-Martin d\u2019\u00c9tampes ne sont donc <strong>pas desservies<\/strong>\u2009: Ivry-sur-Seine, Vitry-sur-Seine, Les Ardoines, Choisy-le-Roi, Villeneuve-le-Roi, Ablon, Athis Mons et sur la branche Massy \u2013 Palaiseau\u2009: Les Saules et Orly Ville.<\/p>\n<p class=\" wall-content\">La reprise est pour l\u2019heure estim\u00e9e \u00e0 <strong>13h15<\/strong>.<\/p>\n<p class=\" wall-content\">Suivez toute l\u2019actualit\u00e9 de vos villes et m\u00e9dias favoris en vous inscrivant \u00e0 <a href=\"https:\/\/moncompte.actu.fr\" title=\"D\u00e9couvez Mon Actu\" rel=\"nofollow noopener\" data-trk=\"{&quot;cta&quot;:{&quot;action&quot;:&quot;https:\\\/\\\/moncompte.actu.fr&quot;,&quot;category&quot;:&quot;mon compte&quot;,&quot;from&quot;:&quot;article footer&quot;,&quot;name&quot;:&quot;Mon actu&quot;,&quot;type&quot;:&quot;cta&quot;}}\" target=\"_blank\">Mon Actu<\/a>.<\/p>\n","protected":false},"excerpt":{"rendered":"Par R\u00e9daction Paris Publi\u00e9 le 29 juil. 2025 \u00e0 11h35 Alors que le T11 est momentan\u00e9ment interrompu en&hellip;\n","protected":false},"author":2,"featured_media":32038,"comment_status":"","ping_status":"","sticky":false,"template":"","format":"standard","meta":{"footnotes":""},"categories":[1888],"tags":[7757,1111,1928,11,1927,1777,674,1011,27,12,1926,626,1925,25,6561,2215,104],"class_list":{"0":"post-281806","1":"post","2":"type-post","3":"status-publish","4":"format-standard","5":"has-post-thumbnail","7":"category-paris","8":"tag-accident-grave-de-voyageur","9":"tag-actu","10":"tag-actu-paris","11":"tag-actualites","12":"tag-actualites-paris","13":"tag-eu","14":"tag-europe","15":"tag-fr","16":"tag-france","17":"tag-news","18":"tag-news-paris","19":"tag-paris","20":"tag-paris-news","21":"tag-republique-francaise","22":"tag-rer-c","23":"tag-sncf","24":"tag-societe"},"share_on_mastodon":{"url":"https:\/\/pubeurope.com\/@fr\/114936345266403214","error":""},"_links":{"self":[{"href":"https:\/\/www.europesays.com\/fr\/wp-json\/wp\/v2\/posts\/281806","targetHints":{"allow":["GET"]}}],"collection":[{"href":"https:\/\/www.europesays.com\/fr\/wp-json\/wp\/v2\/posts"}],"about":[{"href":"https:\/\/www.europesays.com\/fr\/wp-json\/wp\/v2\/types\/post"}],"author":[{"embeddable":true,"href":"https:\/\/www.europesays.com\/fr\/wp-json\/wp\/v2\/users\/2"}],"replies":[{"embeddable":true,"href":"https:\/\/www.europesays.com\/fr\/wp-json\/wp\/v2\/comments?post=281806"}],"version-history":[{"count":0,"href":"https:\/\/www.europesays.com\/fr\/wp-json\/wp\/v2\/posts\/281806\/revisions"}],"wp:featuredmedia":[{"embeddable":true,"href":"https:\/\/www.europesays.com\/fr\/wp-json\/wp\/v2\/media\/32038"}],"wp:attachment":[{"href":"https:\/\/www.europesays.com\/fr\/wp-json\/wp\/v2\/media?parent=281806"}],"wp:term":[{"taxonomy":"category","embeddable":true,"href":"https:\/\/www.europesays.com\/fr\/wp-json\/wp\/v2\/categories?post=281806"},{"taxonomy":"post_tag","embeddable":true,"href":"https:\/\/www.europesays.com\/fr\/wp-json\/wp\/v2\/tags?post=281806"}],"curies":[{"name":"wp","href":"https:\/\/api.w.org\/{rel}","templated":true}]}}