{"id":281812,"date":"2025-07-29T11:46:12","date_gmt":"2025-07-29T11:46:12","guid":{"rendered":"https:\/\/www.europesays.com\/fr\/281812\/"},"modified":"2025-07-29T11:46:12","modified_gmt":"2025-07-29T11:46:12","slug":"au-moins-25-morts-dans-des-frappes-russes-nocturnes-dont-17-contre-une-colonie-penitentiaire-liberation","status":"publish","type":"post","link":"https:\/\/www.europesays.com\/fr\/281812\/","title":{"rendered":"au moins 25 morts dans des frappes russes nocturnes, dont 17 contre une colonie p\u00e9nitentiaire \u2013 Lib\u00e9ration"},"content":{"rendered":"<p class=\"sc-ksZaOG ehjQrN text-element\">Malgr\u00e9 l\u2019annonce de Donald Trump <a href=\"https:\/\/www.liberation.fr\/international\/europe\/ukraine-donald-trump-donne-10-a-12-jours-a-poutine-pour-mettre-fin-a-la-guerre-20250728_FVT7QUJEAZBITBLRG2FETZDV2M\/?redirected=1\" target=\"_blank\" rel=\"nofollow noopener\" title=\"https:\/\/www.liberation.fr\/international\/europe\/ukraine-donald-trump-donne-10-a-12-jours-a-poutine-pour-mettre-fin-a-la-guerre-20250728_FVT7QUJEAZBITBLRG2FETZDV2M\/?redirected=1\">qui donne \u00abdix \u00e0 douze jours\u00bb \u00e0 Vladimir Poutine<\/a> pour mettre fin au conflit, les bombardements sur le territoire ukrainien ne faiblissent pas. Au moins 25 personnes ont \u00e9t\u00e9 tu\u00e9es et une cinquantaine d\u2019autres bless\u00e9es dans des frappes russes sur les r\u00e9gions de Zaporijia et Dnipropetrovsk, en Ukraine, dans la nuit du lundi 28 au mardi 29 juillet, selon les autorit\u00e9s ukrainiennes.<\/p>\n<p class=\"sc-ksZaOG ehjQrN text-element\">Dans <a href=\"https:\/\/www.liberation.fr\/international\/europe\/a-zaporijia-en-ukraine-trois-ans-sur-lair-de-la-guerre-20250512_ROY5D7HYJ5GAPMYHTLCOVEVOHY\/\" target=\"_blank\" rel=\"nofollow noopener\" title=\"https:\/\/www.liberation.fr\/international\/europe\/a-zaporijia-en-ukraine-trois-ans-sur-lair-de-la-guerre-20250512_ROY5D7HYJ5GAPMYHTLCOVEVOHY\/\">la r\u00e9gion de Zaporijia<\/a>, une s\u00e9rie de bombardements contre la colonie p\u00e9nitentiaire de Bilenkivska a fait 17 morts et 42 bless\u00e9s, dont un employ\u00e9 de la prison, comptabilise le minist\u00e8re ukrainien de la Justice. Un haut responsable a indiqu\u00e9 \u00e0 l\u2019AFP que 274 personnes, toutes Ukrainiennes, \u00e9taient d\u00e9tenues dans la prison, dans laquelle travaillaient 30 employ\u00e9s au moment de la frappe. Selon ce m\u00eame interlocuteur, qui a pr\u00e9cis\u00e9 qu\u2019aucun prisonnier de guerre russe ne se trouvait dans cet \u00e9tablissement, la Russie \u00absavait qu\u2019elle visait une infrastructure civile\u00bb.<\/p>\n<p class=\"sc-ksZaOG ehjQrN text-element\">De son c\u00f4t\u00e9, le pr\u00e9sident Volodmyr Zelensky a qualifi\u00e9, sur X, la frappe de \u00abd\u00e9lib\u00e9r\u00e9e, intentionnelle, et non accidentelle\u00bb, car \u00ables Russes ne pouvaient ignorer qu\u2019ils visaient des civils dans cet \u00e9tablissement\u00bb. Dans la matin\u00e9e, le m\u00e9diateur ukrainien charg\u00e9 des droits humains, Dmytro Loubinets, a d\u00e9nonc\u00e9, lui aussi sur X, une \u00abviolation flagrante du droit humanitaire international\u00bb et une \u00abnouvelle preuve des crimes de guerre commis par la Russie\u00bb. \u00abLes personnes d\u00e9tenues dans des lieux de d\u00e9tention ne perdent pas leur droit \u00e0 la vie et \u00e0 la protection\u00bb, a-t-il ajout\u00e9.<\/p>\n<p class=\"sc-ksZaOG ehjQrN text-element\">Cette frappe a lieu trois ans jour pour jour apr\u00e8s une attaque a\u00e9rienne contre la prison d\u2019Olenivka dans une partie de la r\u00e9gion ukrainienne de Donetsk (Est) sous occupation russe, qui avait l\u00e0 aussi tu\u00e9 de nombreux d\u00e9tenus ukrainiens.<\/p>\n<p class=\"sc-ksZaOG ehjQrN text-element\">Trois autres attaques dans la r\u00e9gion de Dnipropetrovsk ont fait au moins quatre morts et huit bless\u00e9s, a annonc\u00e9 pour sa part le chef de l\u2019administration r\u00e9gionale, Sergi\u00ef Lysak sur Telegram. Ces attaques \u00e0 l\u2019aide de drones explosifs et de bombes guid\u00e9es ont vis\u00e9 les communaut\u00e9s de Mezhyivska, Dubovykivska et Slovianska, a-t-il pr\u00e9cis\u00e9.<\/p>\n<p class=\"sc-ksZaOG ehjQrN text-element\"><a href=\"https:\/\/www.liberation.fr\/international\/europe\/corbeau-silencieux-cyber-partisans-en-russie-des-dizaines-de-vols-annules-apres-une-attaque-de-hackeurs-contre-la-compagnie-aeroflot-20250728_PC7EBGXU35BEJAYV2GG26K3UVI\/\" target=\"_blank\" rel=\"nofollow noopener\" title=\"https:\/\/www.liberation.fr\/international\/europe\/corbeau-silencieux-cyber-partisans-en-russie-des-dizaines-de-vols-annules-apres-une-attaque-de-hackeurs-contre-la-compagnie-aeroflot-20250728_PC7EBGXU35BEJAYV2GG26K3UVI\/\">En Russie<\/a>, une personne a \u00e9t\u00e9 tu\u00e9e dans la nuit de lundi \u00e0 mardi dans la r\u00e9gion de Rostov par une attaque de drones ukrainiens, a annonc\u00e9 le gouverneur r\u00e9gional Iouri Sliousar. Cette attaque a vis\u00e9 les districts de Salsk, Kamensk-Chakhtinsky, Volgodonsk, Bokovsky et Tarasovsky, a-t-il d\u00e9clar\u00e9 sur Telegram. A Salsk, \u00abune voiture a \u00e9t\u00e9 endommag\u00e9e dans la rue Ostrovsky. Malheureusement, le conducteur qui \u00e9tait dedans est mort\u00bb, a-t-il pr\u00e9cis\u00e9. Des d\u00e9bris de drones sont par ailleurs tomb\u00e9s sur la gare de Salsk, endommageant un train de passagers et un autre de marchandises, sans faire de bless\u00e9s, ont indiqu\u00e9 les chemins de fer russes.<\/p>\n<p class=\"sc-ksZaOG ehjQrN text-element\">Lundi, <a href=\"https:\/\/www.liberation.fr\/international\/amerique\/guerre-en-ukraine-trump-en-aurait-il-enfin-assez-de-poutine-20250712_62IZK4MPF5DMZOTFTIDTG3CEXI\/\" target=\"_blank\" rel=\"nofollow noopener\" title=\"https:\/\/www.liberation.fr\/international\/amerique\/guerre-en-ukraine-trump-en-aurait-il-enfin-assez-de-poutine-20250712_62IZK4MPF5DMZOTFTIDTG3CEXI\/\">le pr\u00e9sident am\u00e9ricain a fix\u00e9 \u00e0 son homologue russe<\/a> \u00abune nouvelle date limite d\u2019environ dix ou douze jours \u00e0 partir d\u2019aujourd\u2019hui\u00bb pour mettre un terme \u00e0 la guerre en Ukraine. \u00abIl n\u2019y a aucune raison d\u2019attendre. Nous ne voyons aucun progr\u00e8s\u00bb, a d\u00e9plor\u00e9 le r\u00e9publicain, qui avait le 14 juillet donn\u00e9 un ultimatum de cinquante jours au chef d\u2019Etat russe. Il envisage notamment des sanctions \u00absecondaires\u00bb, c\u2019est-\u00e0-dire touchant les pays qui ach\u00e8tent des produits russes, par exemple des hydrocarbures, afin d\u2019ass\u00e9cher les revenus de Moscou.<\/p>\n<p class=\"sc-ksZaOG ehjQrN text-element\">Donald Trump s\u2019est dit \u00abtr\u00e8s d\u00e9\u00e7u\u00bb par le ma\u00eetre du Kremlin, qui poursuit ses attaques en Ukraine. \u00abJe pensais vraiment que cela allait s\u2019arr\u00eater. Mais \u00e0 chaque fois que je pense que cela va s\u2019arr\u00eater il tue des gens\u00bb, a-t-il comment\u00e9, ajoutant : \u00abCela ne m\u2019int\u00e9resse plus vraiment de discuter\u00bb avec lui. <a href=\"https:\/\/www.liberation.fr\/international\/europe\/kyiv-propose-a-moscou-de-nouveaux-pourparlers-la-semaine-prochaine-20250719_X45YEGGLMBD5RDORIONTZP2E5I\/\" target=\"_blank\" rel=\"nofollow noopener\" title=\"https:\/\/www.liberation.fr\/international\/europe\/kyiv-propose-a-moscou-de-nouveaux-pourparlers-la-semaine-prochaine-20250719_X45YEGGLMBD5RDORIONTZP2E5I\/\">Le pr\u00e9sident ukrainien, Volodymyr Zelensky<\/a>, a salu\u00e9 la \u00abd\u00e9termination\u00bb et la \u00abposition claire\u00bb de son homologue am\u00e9ricain.<\/p>\n<p class=\"sc-ksZaOG ehjQrN text-element\"><b>Mise \u00e0 jour :<\/b> \u00e0 11 heures avec le bilan des morts et les derni\u00e8res d\u00e9clarations de l\u2019administration ukrainienne ; \u00e0 13h30 avec l\u2019actualisation du bilan.<\/p>\n","protected":false},"excerpt":{"rendered":"Malgr\u00e9 l\u2019annonce de Donald Trump qui donne \u00abdix \u00e0 douze jours\u00bb \u00e0 Vladimir Poutine pour mettre fin au&hellip;\n","protected":false},"author":2,"featured_media":281813,"comment_status":"","ping_status":"","sticky":false,"template":"","format":"standard","meta":{"footnotes":""},"categories":[1591],"tags":[11,75,1887,12,1885,1886,132,220,297],"class_list":{"0":"post-281812","1":"post","2":"type-post","3":"status-publish","4":"format-standard","5":"has-post-thumbnail","7":"category-russie","8":"tag-actualites","9":"tag-donald-trump","10":"tag-federation-de-russie","11":"tag-news","12":"tag-russia","13":"tag-russian-federation","14":"tag-russie","15":"tag-ukraine","16":"tag-ukraine-la-crise"},"share_on_mastodon":{"url":"https:\/\/pubeurope.com\/@fr\/114936360771453765","error":""},"_links":{"self":[{"href":"https:\/\/www.europesays.com\/fr\/wp-json\/wp\/v2\/posts\/281812","targetHints":{"allow":["GET"]}}],"collection":[{"href":"https:\/\/www.europesays.com\/fr\/wp-json\/wp\/v2\/posts"}],"about":[{"href":"https:\/\/www.europesays.com\/fr\/wp-json\/wp\/v2\/types\/post"}],"author":[{"embeddable":true,"href":"https:\/\/www.europesays.com\/fr\/wp-json\/wp\/v2\/users\/2"}],"replies":[{"embeddable":true,"href":"https:\/\/www.europesays.com\/fr\/wp-json\/wp\/v2\/comments?post=281812"}],"version-history":[{"count":0,"href":"https:\/\/www.europesays.com\/fr\/wp-json\/wp\/v2\/posts\/281812\/revisions"}],"wp:featuredmedia":[{"embeddable":true,"href":"https:\/\/www.europesays.com\/fr\/wp-json\/wp\/v2\/media\/281813"}],"wp:attachment":[{"href":"https:\/\/www.europesays.com\/fr\/wp-json\/wp\/v2\/media?parent=281812"}],"wp:term":[{"taxonomy":"category","embeddable":true,"href":"https:\/\/www.europesays.com\/fr\/wp-json\/wp\/v2\/categories?post=281812"},{"taxonomy":"post_tag","embeddable":true,"href":"https:\/\/www.europesays.com\/fr\/wp-json\/wp\/v2\/tags?post=281812"}],"curies":[{"name":"wp","href":"https:\/\/api.w.org\/{rel}","templated":true}]}}