{"id":281816,"date":"2025-07-29T11:48:30","date_gmt":"2025-07-29T11:48:30","guid":{"rendered":"https:\/\/www.europesays.com\/fr\/281816\/"},"modified":"2025-07-29T11:48:30","modified_gmt":"2025-07-29T11:48:30","slug":"un-nouvel-atelier-louis-vuitton-aux-etats-unis-la-strategie-de-bernard-arnault-face-aux-droits-de-douane","status":"publish","type":"post","link":"https:\/\/www.europesays.com\/fr\/281816\/","title":{"rendered":"Un nouvel atelier Louis Vuitton aux \u00c9tats Unis : la strat\u00e9gie de Bernard Arnault face aux droits de douane"},"content":{"rendered":"<p>Bernard Arnault garde les yeux tourn\u00e9s vers les \u00c9tats-Unis. Alors que Donald Trump a entam\u00e9 un v\u00e9ritable bras de fer avec le reste du monde en imposant de nouveaux droits de douane, le PDG du groupe de luxe <a href=\"https:\/\/www.capital.fr\/entreprises-marches\/lvmh-le-n1-du-luxe-du-cac-40-a-nouveau-un-bon-placement-que-dit-lanalyse-technique-1516593\" rel=\"nofollow noopener\" target=\"_blank\">LVMH<\/a>, dont <a href=\"https:\/\/www.capital.fr\/entreprises-marches\/lvmh-le-benefice-du-groupe-chute-dans-le-contexte-des-negociations-commerciales-1516574\" rel=\"nofollow noopener\" target=\"_blank\">les b\u00e9n\u00e9fices<\/a> ont <strong>chut\u00e9 de 22 %<\/strong> (soit 5,7 milliards d&rsquo;euros) au premier semestre, a annonc\u00e9 l\u2019ouverture prochaine d\u2019<strong>un nouvel atelier Louis Vuitton<\/strong>.<\/p>\n<p>Comme le rapporte <a href=\"https:\/\/www.bfmtv.com\/economie\/bernard-arnaud-assure-que-lvmh-ne-peut-pas-se-brouiller-avec-les-etats-unis-sur-les-droits-de-douane-et-annonce-ouvrir-un-nouvel-atelier-pres-de-dallas_AD-202507240459.html\" rel=\"nofollow noopener\" target=\"_blank\">BFMTV<\/a>, ce nouvel atelier ouvrira ses portes fin 2027, voire d\u00e9but 2027 selon une source proche du dossier. Implant\u00e9 \u00e0 Dallas (Texas), il sera situ\u00e9 non loin d\u2019<strong>un autre atelier du groupe inaugur\u00e9 en 2019<\/strong> en pr\u00e9sence de Donald Trump, qui effectuait alors son premier mandat pr\u00e9sidentiel.<\/p>\n<p>25 % des ventes de LVMH aux \u00c9tats-Unis<\/p>\n<p>Il faut dire que cette d\u00e9cision de <a href=\"https:\/\/www.capital.fr\/entreprises-marches\/lvmh-bernard-arnault-nomme-un-proche-michael-burke-pour-le-marche-des-ameriques-1515927\" rel=\"nofollow noopener\" target=\"_blank\">l\u2019homme le plus riche de France<\/a> n\u2019a rien d\u2019un hasard. En effet, le march\u00e9 am\u00e9ricain est une source de revenus non n\u00e9gligeable pour le groupe de luxe fran\u00e7ais, qui r\u00e9alise <strong>25 % de ses ventes aux \u00c9tats-Unis<\/strong>. Sur place, LVMH dispose d\u2019ailleurs d\u00e9j\u00e0 de trois ateliers Louis Vuitton ainsi que de quatre autres de la marque am\u00e9ricaine de joaillerie Tiffany, que l\u2019homme d\u2019affaires avait <a href=\"https:\/\/www.capital.fr\/entreprises-marches\/lvmh-a-t-il-eu-raison-de-racheter-tiffany-pour-15-milliards-le-conseil-bourse-du-jour-1356282\" rel=\"nofollow noopener\" target=\"_blank\">rachet\u00e9e fin 2019<\/a> pour <strong>pr\u00e8s de 15 milliards d\u2019euros<\/strong>. \u00abPour nos clients am\u00e9ricains, acheter un produit Louis Vuitton Made in USA ne pose d\u2019ailleurs aucun probl\u00e8me\u00bb, a expliqu\u00e9 Bernard Arnault. Des propos que son concurrent Fran\u00e7ois-Henri Pinault, qui n\u2019est autre que le PDG du groupe Kering, qui d\u00e9tient plusieurs marques comme Gucci ou Balenciaga, avait fustig\u00e9s, estimant que \u00ab\u00e7a n\u2019aurait pas de sens d\u2019avoir des sacs Gucci italiens fabriqu\u00e9s au Texas\u00bb.<\/p>\n<p>En pleine guerre commerciale lanc\u00e9e par Donald Trump depuis son retour \u00e0 la Maison-Blanche, Bernard Arnault n\u2019avait d\u2019ailleurs pas h\u00e9sit\u00e9 \u00e0 monter au cr\u00e9neau en d\u00e9clarant qu\u2019il \u00e9tait \u00abindispensable\u00bb que l\u2019Union europ\u00e9enne trouve un accord \u00e0 l\u2019amiable avec les \u00c9tats-Unis pour \u00e9viter de p\u00e9naliser les entreprises fran\u00e7aises et europ\u00e9ennes. \u00abNous ne pouvons pas nous permettre de nous brouiller avec les \u00c9tats-Unis et de nous lancer dans une guerre commerciale avec le principal march\u00e9 de nos entreprises\u00bb, avait-il expliqu\u00e9 dans un entretien accord\u00e9 au Figaro.<\/p>\n","protected":false},"excerpt":{"rendered":"Bernard Arnault garde les yeux tourn\u00e9s vers les \u00c9tats-Unis. Alors que Donald Trump a entam\u00e9 un v\u00e9ritable bras&hellip;\n","protected":false},"author":2,"featured_media":281817,"comment_status":"","ping_status":"","sticky":false,"template":"","format":"standard","meta":{"footnotes":""},"categories":[1589],"tags":[11,73,1866,12,1864,1865,1863,308],"class_list":{"0":"post-281816","1":"post","2":"type-post","3":"status-publish","4":"format-standard","5":"has-post-thumbnail","7":"category-etats-unis","8":"tag-actualites","9":"tag-etats-unis","10":"tag-etats-unis-damerique","11":"tag-news","12":"tag-united-states","13":"tag-united-states-of-america","14":"tag-us","15":"tag-usa"},"share_on_mastodon":{"url":"https:\/\/pubeurope.com\/@fr\/114936368697112307","error":""},"_links":{"self":[{"href":"https:\/\/www.europesays.com\/fr\/wp-json\/wp\/v2\/posts\/281816","targetHints":{"allow":["GET"]}}],"collection":[{"href":"https:\/\/www.europesays.com\/fr\/wp-json\/wp\/v2\/posts"}],"about":[{"href":"https:\/\/www.europesays.com\/fr\/wp-json\/wp\/v2\/types\/post"}],"author":[{"embeddable":true,"href":"https:\/\/www.europesays.com\/fr\/wp-json\/wp\/v2\/users\/2"}],"replies":[{"embeddable":true,"href":"https:\/\/www.europesays.com\/fr\/wp-json\/wp\/v2\/comments?post=281816"}],"version-history":[{"count":0,"href":"https:\/\/www.europesays.com\/fr\/wp-json\/wp\/v2\/posts\/281816\/revisions"}],"wp:featuredmedia":[{"embeddable":true,"href":"https:\/\/www.europesays.com\/fr\/wp-json\/wp\/v2\/media\/281817"}],"wp:attachment":[{"href":"https:\/\/www.europesays.com\/fr\/wp-json\/wp\/v2\/media?parent=281816"}],"wp:term":[{"taxonomy":"category","embeddable":true,"href":"https:\/\/www.europesays.com\/fr\/wp-json\/wp\/v2\/categories?post=281816"},{"taxonomy":"post_tag","embeddable":true,"href":"https:\/\/www.europesays.com\/fr\/wp-json\/wp\/v2\/tags?post=281816"}],"curies":[{"name":"wp","href":"https:\/\/api.w.org\/{rel}","templated":true}]}}