{"id":281818,"date":"2025-07-29T11:49:16","date_gmt":"2025-07-29T11:49:16","guid":{"rendered":"https:\/\/www.europesays.com\/fr\/281818\/"},"modified":"2025-07-29T11:49:16","modified_gmt":"2025-07-29T11:49:16","slug":"apres-la-france-la-grande-bretagne-envisage-de-reconnaitre-letat-palestinien","status":"publish","type":"post","link":"https:\/\/www.europesays.com\/fr\/281818\/","title":{"rendered":"Apr\u00e8s la France, la Grande-Bretagne envisage de reconna\u00eetre l&rsquo;\u00c9tat palestinien"},"content":{"rendered":"<p textalign=\"left\" class=\"\">Dans le contexte de l&rsquo;escalade \u00e0 Gaza et de l&rsquo;impasse politique persistante, le Royaume-Uni laisse entendre un possible changement de politique concernant la reconnaissance d&rsquo;un \u00c9tat palestinien.<\/p>\n<p textalign=\"left\" class=\"\">Le ministre britannique des Affaires \u00e9trang\u00e8res, David Lammy, a d\u00e9clar\u00e9 dans une interview que son gouvernement envisageait une telle d\u00e9marche, pr\u00e9cisant que cela d\u00e9pendrait du contexte diplomatique appropri\u00e9 \u2013 notamment en lien avec la possibilit\u00e9 d&rsquo;un futur accord de paix.<\/p>\n<p textalign=\"left\" class=\"\">Selon le rapport, la position du Royaume-Uni se rapproche de celle de la France, qui a r\u00e9cemment exprim\u00e9 un soutien clair \u00e0 la reconnaissance de la Palestine, \u00e0 condition que le processus de paix progresse. <\/p>\n<p><a data-link-preview=\"\" href=\"https:\/\/trt.global\/afrika-fran%C3%A7ais\/article\/e793a73b30e6\" target=\"_blank\" rel=\"noopener noreferrer nofollow\" dir=\"ltr\" class=\"relative flex w-full px-4 py-3 flex-col items-start gap-6 rounded bg-[#F1F1F1] border-l-0 transition-all duration-200 ease-in-out box-border mb-4 hover:bg-[#F9F9F9] hover:shadow-[0_4px_6px_-1px_rgba(0,0,0,0.1),0_-4px_6px_-1px_rgba(0,0,0,0.06),4px_0_6px_-1px_rgba(0,0,0,0.06)] focus:bg-[#F9F9F9] focus:shadow-[0_4px_6px_-1px_rgba(0,0,0,0.1),0_-4px_6px_-1px_rgba(0,0,0,0.06),4px_0_6px_-1px_rgba(0,0,0,0.06)] before:content-[&quot;&quot;] before:absolute before:left-0 before:top-0 before:bottom-0 before:w-[3px] before:rounded-l-md before:bg-[#01ABD9]\"><img decoding=\"async\" class=\"flex justify-center items-center rounded-md !w-20 !h-20 aspect-square flex-shrink-0 sm:rounded md:rounded-md lg:!w-[84px] lg:!h-[84px] lg:rounded xl:rounded-md\" src=\"https:\/\/www.europesays.com\/fr\/wp-content\/uploads\/2025\/07\/1753181674074-2163yc-f8fe9bf55aa032a5a54a7e6ce1a2c3e7a0a26da90294b3971618cab1bfe42ffe.jpg\"\/><\/p>\n<p>RELATED<\/p>\n<p><\/a><\/p>\n<p textalign=\"left\" class=\"\">L&rsquo;Espagne, l&rsquo;Irlande et la Norv\u00e8ge ont \u00e9galement pris des mesures similaires, et l&rsquo;initiative britannique s&rsquo;inscrit dans une tendance vers un consensus plus large en Europe.<\/p>\n<p textalign=\"left\" class=\"\">En Isra\u00ebl, cette initiative britannique suscite des inqui\u00e9tudes. Des responsables politiques \u00e0 J\u00e9rusalem ont exprim\u00e9 leur crainte qu&rsquo;une telle reconnaissance ne renforce les efforts diplomatiques palestiniens sur la sc\u00e8ne internationale \u2013 \u00e0 un moment o\u00f9 Isra\u00ebl poursuit ses op\u00e9rations militaires \u00e0 Gaza et affirme qu&rsquo;une solution politique ne peut \u00eatre envisag\u00e9e sous le feu.<\/p>\n<p textalign=\"left\" class=\"\">Cependant, le gouvernement britannique a soulign\u00e9 que toute reconnaissance future serait effectu\u00e9e en coordination avec ses alli\u00e9s r\u00e9gionaux et internationaux.<\/p>\n","protected":false},"excerpt":{"rendered":"Dans le contexte de l&rsquo;escalade \u00e0 Gaza et de l&rsquo;impasse politique persistante, le Royaume-Uni laisse entendre un possible&hellip;\n","protected":false},"author":2,"featured_media":281819,"comment_status":"","ping_status":"","sticky":false,"template":"","format":"standard","meta":{"footnotes":""},"categories":[1588],"tags":[11,1777,674,12,473,1853,1851,1850,1852],"class_list":{"0":"post-281818","1":"post","2":"type-post","3":"status-publish","4":"format-standard","5":"has-post-thumbnail","7":"category-royaume-uni","8":"tag-actualites","9":"tag-eu","10":"tag-europe","11":"tag-news","12":"tag-royaume-uni","13":"tag-royaume-uni-de-grande-bretagne-et-dirlande-du-nord","14":"tag-uk","15":"tag-united-kingdom","16":"tag-united-kingdom-of-great-britain-and-northern-ireland"},"share_on_mastodon":{"url":"https:\/\/pubeurope.com\/@fr\/114936372640079293","error":""},"_links":{"self":[{"href":"https:\/\/www.europesays.com\/fr\/wp-json\/wp\/v2\/posts\/281818","targetHints":{"allow":["GET"]}}],"collection":[{"href":"https:\/\/www.europesays.com\/fr\/wp-json\/wp\/v2\/posts"}],"about":[{"href":"https:\/\/www.europesays.com\/fr\/wp-json\/wp\/v2\/types\/post"}],"author":[{"embeddable":true,"href":"https:\/\/www.europesays.com\/fr\/wp-json\/wp\/v2\/users\/2"}],"replies":[{"embeddable":true,"href":"https:\/\/www.europesays.com\/fr\/wp-json\/wp\/v2\/comments?post=281818"}],"version-history":[{"count":0,"href":"https:\/\/www.europesays.com\/fr\/wp-json\/wp\/v2\/posts\/281818\/revisions"}],"wp:featuredmedia":[{"embeddable":true,"href":"https:\/\/www.europesays.com\/fr\/wp-json\/wp\/v2\/media\/281819"}],"wp:attachment":[{"href":"https:\/\/www.europesays.com\/fr\/wp-json\/wp\/v2\/media?parent=281818"}],"wp:term":[{"taxonomy":"category","embeddable":true,"href":"https:\/\/www.europesays.com\/fr\/wp-json\/wp\/v2\/categories?post=281818"},{"taxonomy":"post_tag","embeddable":true,"href":"https:\/\/www.europesays.com\/fr\/wp-json\/wp\/v2\/tags?post=281818"}],"curies":[{"name":"wp","href":"https:\/\/api.w.org\/{rel}","templated":true}]}}