{"id":281830,"date":"2025-07-29T11:58:25","date_gmt":"2025-07-29T11:58:25","guid":{"rendered":"https:\/\/www.europesays.com\/fr\/281830\/"},"modified":"2025-07-29T11:58:25","modified_gmt":"2025-07-29T11:58:25","slug":"quels-clubs-risquent-de-lutter-pour-le-maintien-cette-saison","status":"publish","type":"post","link":"https:\/\/www.europesays.com\/fr\/281830\/","title":{"rendered":"Quels clubs risquent de lutter pour le maintien cette saison ?"},"content":{"rendered":"<p style=\"text-align: justify;\"><strong>TOP 2025-2026 \u2013 Bataille toujours plus serr\u00e9e saison apr\u00e8s saison, la lutte pour le maintien promet d\u2019\u00eatre une nouvelle intense lors de l\u2019exercice 2025-2026, et ce, jusqu\u2019\u00e0 l\u2019ultime journ\u00e9e. Tour d\u2019horizon des clubs qui risquent bien de jouer le bas de tableau cette saison.<\/strong><\/p>\n<p style=\"text-align: justify;\">Tandis que les t\u00e9nors du <strong>Top 14<\/strong> s\u2019appr\u00eatent \u00e0 batailler pour une place en phase finale, une autre guerre, plus sourde, mais tout aussi acharn\u00e9e, s\u2019annonce en bas du classement. Comme chaque ann\u00e9e, deux formations seront possiblement contraintes de quitter l\u2019\u00e9lite, l\u2019une directement, l\u2019autre apr\u00e8s un barrage face au finaliste de Pro D2. Et pour cette saison 2025-2026, plusieurs clubs abordent la comp\u00e9tition avec une pression imm\u00e9diate sur les \u00e9paules.<\/p>\n<p>Montauban : la grande inconnue<\/p>\n<p style=\"text-align: justify;\">Promu apr\u00e8s un titre m\u00e9rit\u00e9 en Pro D2, <strong>Montauban<\/strong> retrouve le <strong>Top 14<\/strong> treize ans apr\u00e8s l\u2019avoir quitt\u00e9. Le retour est attendu, l\u2019enthousiasme est r\u00e9el dans le Tarn-et-Garonne, mais les emb\u00fbches sont nombreuses. Comme souvent pour un promu, le premier adversaire n\u2019est pas sur le terrain, mais dans l\u2019\u00e9cart de niveau. <strong>Montauban<\/strong> s\u2019appuie sur la continuit\u00e9 de son groupe et sur un public fid\u00e8le, mais l\u2019absence de plusieurs joueurs d\u2019exp\u00e9rience au plus haut niveau, malgr\u00e9 le recrutement de l\u2019ancien All Black <a href=\"https:\/\/dicodusport.fr\/blog\/transferts-vaea-fifita-signe-en-top-14\/\" rel=\"nofollow noopener\" target=\"_blank\"><strong>Vaea Fifita<\/strong><\/a> (2\u00e8me ligne, 33 ans), risque de peser lourd. Sans oublier que son budget modeste et un calendrier cors\u00e9 d\u00e8s l\u2019entame (d\u00e9placement \u00e0 Paris, r\u00e9ception du LOU, accueil de l\u2019UBB) pourraient bien condamner le club \u00e0 jouer le maintien toute la saison. Reste \u00e0 savoir s\u2019il aura les \u00e9paules pour tenir la distance.<\/p>\n<p><a href=\"https:\/\/dicodusport.fr\/blog\/finale-pro-d2-montauban-fait-tomber-grenoble-et-retrouve-le-top-14\/\" class=\"vlp-link\" title=\"Finale Pro D2 : Montauban fait tomber Grenoble et retrouve le Top 14 !\" rel=\"nofollow noopener\" target=\"_blank\"><img loading=\"lazy\" decoding=\"async\" style=\"max-width: 792px;\" width=\"792\" height=\"445\" class=\"attachment-800x445 size-800x445 perfmatters-lazy\" alt=\"Finale Pro D2 Montauban fait tomber Grenoble et retrouve le Top 14 !\" src=\"https:\/\/www.europesays.com\/fr\/wp-content\/uploads\/2025\/06\/Finale-Pro-D2-Montauban-fait-tomber-Grenoble-et-retrouve-le-Top-14-1-1.png\"  data-\/><\/p>\n<p>Finale Pro D2 : Montauban fait tomber Grenoble et retrouve le Top 14 !<\/p>\n<p>PRO D2 2024\/25 \u2013 Au Stade Ernest-Wallon, l\u2019Union Sportive Montalbanaise l\u2019emporte face au FC Grenoble Rugby, dans une finale pleine de rebondissements (19-24). Sixi\u00e8me de la saison r\u00e9guli\u00e8re, Montauban a d\u00e9jou\u00e9 tous les pronostics pour remporter cette Pro D2 et signer son retour dans l\u2019\u00e9lite du rugby fran\u00e7ais. Pour la troisi\u00e8me fois cons\u00e9cutive, les Is\u00e9rois \u00e9chouent aux portes du Top 14.<\/p>\n<p>Lire l&rsquo;article<\/p>\n<p>dicodusport.fr<\/p>\n<p>Perpignan : l\u2019USAP encore sur le fil ?<\/p>\n<p style=\"text-align: justify;\">\u00c0 <a href=\"https:\/\/dicodusport.fr\/blog\/tag\/perpignan\/\" rel=\"nofollow noopener\" target=\"_blank\"><strong>Perpignan<\/strong><\/a>, les saisons se suivent et se ressemblent. Entre 12\u00e8mes places stressantes et barrages tendus, l\u2019<strong>USAP<\/strong> vit dans une instabilit\u00e9 chronique depuis sa remont\u00e9e. Sauv\u00e9 de justesse face \u00e0 <strong>Grenoble<\/strong> en juin dernier lors du fameux access match, le club catalan esp\u00e8re enfin retrouver un peu de s\u00e9r\u00e9nit\u00e9. Mais les signaux restent faibles. Malgr\u00e9 un staff renouvel\u00e9 et quelques ajustements notables dans l\u2019effectif (<a href=\"https:\/\/dicodusport.fr\/blog\/transferts-rugby-mahamadou-diaby-melvyn-rates-stade-francais-les-infos-du-lundi-30-juin\/\" rel=\"nofollow noopener\" target=\"_blank\">Diaby<\/a>, <a href=\"https:\/\/dicodusport.fr\/blog\/transferts-peceli-yato-va-quitter-clermont-pour-un-autre-club-de-top-14\/\" rel=\"nofollow noopener\" target=\"_blank\">Yato<\/a>, <a href=\"https:\/\/dicodusport.fr\/blog\/transferts-linternational-ecossais-jamie-ritchie-signe-en-top-14\/\" rel=\"nofollow noopener\" target=\"_blank\">Ritchie<\/a>, <a href=\"https:\/\/dicodusport.fr\/blog\/transferts-racing-92-tristan-tedder-affole-le-top-14\/\" rel=\"nofollow noopener\" target=\"_blank\">Tedder<\/a>, <a href=\"https:\/\/dicodusport.fr\/blog\/transferts-toulon-un-club-de-top-14-veut-signer-duncan-paiaaua\/\" rel=\"nofollow noopener\" target=\"_blank\">Paia\u2019aua<\/a>), <strong>Perpignan<\/strong> reste friable hors de ses bases et trop inconstant pour viser plus haut. Reste \u00e0 savoir si le recrutement permettra aux Usapistes de se montrer plus consistants, \u00e0 domicile et \u00e0 l\u2019ext\u00e9rieur. Toujours est-il qu\u2019\u00e0 Aim\u00e9-Giral, ils pourront toujours compter sur le soutien populaire, mais sans une s\u00e9rie positive en d\u00e9but de saison, la zone rouge pourrait rapidement redevenir son quotidien.<\/p>\n<p><a href=\"https:\/\/dicodusport.fr\/blog\/usap-perpignan-quel-xv-type-et-quelle-rotation-pour-la-saison-2025-2026\/\" class=\"vlp-link\" title=\"USAP Perpignan : Quel XV type et quelle rotation pour la saison 2025-2026 ?\" rel=\"nofollow noopener\" target=\"_blank\"><img loading=\"lazy\" decoding=\"async\" style=\"max-width: 792px;\" width=\"792\" height=\"445\" class=\"attachment-800x445 size-800x445 perfmatters-lazy\" alt=\"USAP Perpignan Quel XV type et quelle rotation pour la saison 2025-2026\" src=\"https:\/\/www.europesays.com\/fr\/wp-content\/uploads\/2025\/07\/USAP-Perpignan-Quel-XV-type-et-quelle-rotation-pour-la-saison-2025-2026-.png\"  data-\/><\/p>\n<p>USAP Perpignan : Quel XV type et quelle rotation pour la saison 2025-2026 ?<\/p>\n<p>D\u00e9couvrez le XV type probable de l\u2019USAP pour la saison 2025-2026, les recrues, les d\u00e9parts et les rotations poste par poste apr\u00e8s un mercato ambitieux du club catalan.<\/p>\n<p>Lire l&rsquo;article<\/p>\n<p>dicodusport.fr<\/p>\n<p>Stade Fran\u00e7ais : danger permanent<\/p>\n<p style=\"text-align: justify;\">C\u2019est un nom qui p\u00e8se dans le rugby fran\u00e7ais. Mais sur le terrain, le <strong>Stade Fran\u00e7ais<\/strong> a travers\u00e9 une crise de confiance la saison pass\u00e9e. En effet, les Parisiens ont flirt\u00e9 avec la rel\u00e9gation jusqu\u2019\u00e0 l\u2019avant-derni\u00e8re journ\u00e9e, incapables de gagner le moindre match \u00e0 l\u2019ext\u00e9rieur. Le recrutement a \u00e9t\u00e9 timide (Pa\u00efva, Mapu, Kerr-Barlow, Vili) et le jeu risque encore de manquer de liant. De plus, le club de la Capitale souffre d\u2019un manque de stabilit\u00e9 en coulisses, et le groupe semble encore fragile psychologiquement. S\u2019il ne redresse pas la barre rapidement, le <strong>Stade Fran\u00e7ais <\/strong>pourrait une nouvelle fois se retrouver dans la position du poursuivi, et non du poursuivant.<\/p>\n<p><a href=\"https:\/\/dicodusport.fr\/blog\/transferts-le-stade-francais-annonce-9-departs-et-2-recrues\/\" class=\"vlp-link\" title=\"Transferts : Le Stade Fran\u00e7ais annonce 9 d\u00e9parts et 2 recrues\" rel=\"nofollow noopener\" target=\"_blank\"><img loading=\"lazy\" decoding=\"async\" style=\"max-width: 792px;\" width=\"792\" height=\"445\" class=\"attachment-800x445 size-800x445 perfmatters-lazy\" alt=\"\" src=\"https:\/\/www.europesays.com\/fr\/wp-content\/uploads\/2025\/07\/Transferts-Le-Stade-Francais-annonce-9-departs-et-2-recrues.png\"  data-\/><\/p>\n<p>Transferts : Le Stade Fran\u00e7ais annonce 9 d\u00e9parts et 2 recrues<\/p>\n<p>Le Stade Fran\u00e7ais a fait le point sur son mercato en vue de la saison prochaine, en actant neuf d\u00e9parts ainsi que deux recrues.<\/p>\n<p>Lire l&rsquo;article<\/p>\n<p>dicodusport.fr<\/p>\n<p>Racing 92 : investissement XXL, r\u00e9sultats XS<\/p>\n<p style=\"text-align: justify;\">Le cas du <a href=\"https:\/\/dicodusport.fr\/blog\/transferts-racing-92-2025-arrivees-departs-et-prolongations\/\" rel=\"nofollow noopener\" target=\"_blank\"><strong>Racing 92<\/strong><\/a> intrigue. Dot\u00e9 d\u2019un des plus gros budgets de l\u2019\u00e9lite, avec un effectif truff\u00e9 d\u2019internationaux et des infrastructures des plus modernes, le club des Hauts-de-Seine semblait taill\u00e9 pour jouer le haut de tableau. Pourtant, la derni\u00e8re saison a tourn\u00e9 au fiasco. D\u00e9fensivement d\u00e9pass\u00e9, incapable d\u2019imposer son rythme, le club alto s\u00e9quanais a paru sans solution, ni cap. La perte de leadership sur le terrain a \u00e9t\u00e9 criante, malgr\u00e9 les Farrell et autres Fickou, et le doute s\u2019est install\u00e9 jusque dans les tribunes de Paris La D\u00e9fense Arena. Si le groupe ne se ressaisit pas tr\u00e8s vite, le club pourrait \u00eatre la mauvaise surprise de l\u2019ann\u00e9e. Et nul n\u2019est intouchable dans ce championnat.<\/p>\n<p>Section Paloise : enfin hors de danger ?<\/p>\n<p style=\"text-align: justify;\">Souvent associ\u00e9e \u00e0 la lutte pour la survie ces derni\u00e8res ann\u00e9es, la <a href=\"https:\/\/dicodusport.fr\/blog\/transferts-section-paloise-2025-arrivees-departs-et-prolongations\/\" rel=\"nofollow noopener\" target=\"_blank\"><strong>Section Paloise<\/strong><\/a> aborde cette saison avec un statut un peu diff\u00e9rent. Huiti\u00e8me l\u2019an dernier, <strong>Pau<\/strong> a d\u00e9montr\u00e9 une vraie mont\u00e9e en puissance. Le club a prolong\u00e9 son staff jusqu\u2019en 2027, men\u00e9 un recrutement intelligent, et affiche enfin une ambition coh\u00e9rente. La continuit\u00e9 dans le projet, l\u2019efficacit\u00e9 offensive retrouv\u00e9e, et une meilleure assise d\u00e9fensive pourraient permettre aux B\u00e9arnais de viser le ventre mou, voire un Top 6. Attention toutefois, dans ce championnat dense, tout rel\u00e2chement se paye cher. Le recrutement palois (Laclayat, Montoya, Isa), centr\u00e9 sur le paquet d\u2019avants, montre, en tout cas, la volont\u00e9 de ne plus regarder vers le bas.<\/p>\n<p>\n<a href=\"https:\/\/dicodusport.fr\/blog\/offres\/abonnements-sans-pub\/\" rel=\"nofollow noopener\" target=\"_blank\"><img loading=\"lazy\" decoding=\"async\" class=\"alignnone size-full wp-image-501284 perfmatters-lazy\" alt=\"\" width=\"1200\" height=\"200\" src=\"https:\/\/www.europesays.com\/fr\/wp-content\/uploads\/2025\/04\/Abonnements-sans-pubs-Dicodusport.png\"\/><\/a><br \/><a href=\"https:\/\/dicodusport.fr\/blog\/offres\/abonnements-sans-pub\/\" rel=\"nofollow noopener\" target=\"_blank\"><img loading=\"lazy\" decoding=\"async\" class=\"alignnone size-full wp-image-501296 perfmatters-lazy\" alt=\"\" width=\"400\" height=\"400\" src=\"https:\/\/www.europesays.com\/fr\/wp-content\/uploads\/2025\/04\/Abonnements-sans-pubs-Dicodusport-mobile.png\"\/><\/a><\/p>\n<p>Une lutte toujours plus resserr\u00e9e<\/p>\n<p style=\"text-align: justify;\">La bataille pour le maintien en Top 14 ne se limite plus aux promus ou aux petits budgets. Le niveau global s\u2019est \u00e9lev\u00e9, les \u00e9carts sont minimes, et chaque point pris, chaque bonus d\u00e9fensif gratt\u00e9, peut faire la diff\u00e9rence au printemps, au moment o\u00f9 la d\u00e9cision se fait. Les confrontations directes entre clubs menac\u00e9s p\u00e8seront lourd. Tout comme la capacit\u00e9 \u00e0 g\u00e9rer les doublons pendant les fen\u00eatres internationales.<\/p>\n<p style=\"text-align: justify;\">Si <strong>Montauban<\/strong> appara\u00eet comme le candidat naturel \u00e0 la 14\u00e8me place, l\u2019<strong>USAP<\/strong> et le <strong>Stade Fran\u00e7ais<\/strong> seront sous pression d\u00e8s le mois de septembre. Le <strong>Racing 92<\/strong> pourrait basculer dans la zone rouge si ses lacunes structurelles ne sont pas corrig\u00e9es rapidement. <strong>Pau<\/strong>, de son c\u00f4t\u00e9, semble arm\u00e9 pour s\u2019\u00e9loigner des bas-fonds, mais devra confirmer. Une chose est s\u00fbre, la course au maintien s\u2019annonce, une nouvelle fois, haletante.<\/p>\n<p>\u00c0 lire aussi<br \/>\n<a href=\"https:\/\/dicodusport.fr\/blog\/transferts-ces-demis-de-melee-du-top-14-qui-vont-animer-le-marche\/\" class=\"vlp-link\" title=\"Transferts : Ces demis de m\u00eal\u00e9e du Top 14 qui vont animer le march\u00e9\" rel=\"nofollow noopener\" target=\"_blank\"><img loading=\"lazy\" decoding=\"async\" style=\"max-width: 792px;\" width=\"792\" height=\"445\" class=\"attachment-800x445 size-800x445 perfmatters-lazy\" alt=\"Transferts Ces demis de m\u00eal\u00e9e du Top 14 qui vont animer le march\u00e9\" src=\"https:\/\/www.europesays.com\/fr\/wp-content\/uploads\/2025\/07\/Transferts-Ces-demis-de-melee-du-Top-14-qui-vont-animer-le-marche.png\"  data-\/><\/p>\n<p>Transferts : Ces demis de m\u00eal\u00e9e du Top 14 qui vont animer le march\u00e9<\/p>\n<p>Les demis de m\u00eal\u00e9e vont animer le mercato en vue de la saison 2026-2027. Le Midi Olympique fait le point sur les joueurs \u00e0 l&rsquo;avenir incertain au poste de num\u00e9ro 9.<\/p>\n<p>Lire l&rsquo;article<\/p>\n<p>dicodusport.fr<\/p>\n","protected":false},"excerpt":{"rendered":"TOP 2025-2026 \u2013 Bataille toujours plus serr\u00e9e saison apr\u00e8s saison, la lutte pour le maintien promet d\u2019\u00eatre une&hellip;\n","protected":false},"author":2,"featured_media":281831,"comment_status":"","ping_status":"","sticky":false,"template":"","format":"standard","meta":{"footnotes":""},"categories":[1416],"tags":[1111,2113,1011,27,479,1468,60,478],"class_list":{"0":"post-281830","1":"post","2":"type-post","3":"status-publish","4":"format-standard","5":"has-post-thumbnail","7":"category-rugby","8":"tag-actu","9":"tag-breve","10":"tag-fr","11":"tag-france","12":"tag-rugby","13":"tag-rugby-football","14":"tag-sports","15":"tag-top-14"},"share_on_mastodon":{"url":"https:\/\/pubeurope.com\/@fr\/114936408157530864","error":""},"_links":{"self":[{"href":"https:\/\/www.europesays.com\/fr\/wp-json\/wp\/v2\/posts\/281830","targetHints":{"allow":["GET"]}}],"collection":[{"href":"https:\/\/www.europesays.com\/fr\/wp-json\/wp\/v2\/posts"}],"about":[{"href":"https:\/\/www.europesays.com\/fr\/wp-json\/wp\/v2\/types\/post"}],"author":[{"embeddable":true,"href":"https:\/\/www.europesays.com\/fr\/wp-json\/wp\/v2\/users\/2"}],"replies":[{"embeddable":true,"href":"https:\/\/www.europesays.com\/fr\/wp-json\/wp\/v2\/comments?post=281830"}],"version-history":[{"count":0,"href":"https:\/\/www.europesays.com\/fr\/wp-json\/wp\/v2\/posts\/281830\/revisions"}],"wp:featuredmedia":[{"embeddable":true,"href":"https:\/\/www.europesays.com\/fr\/wp-json\/wp\/v2\/media\/281831"}],"wp:attachment":[{"href":"https:\/\/www.europesays.com\/fr\/wp-json\/wp\/v2\/media?parent=281830"}],"wp:term":[{"taxonomy":"category","embeddable":true,"href":"https:\/\/www.europesays.com\/fr\/wp-json\/wp\/v2\/categories?post=281830"},{"taxonomy":"post_tag","embeddable":true,"href":"https:\/\/www.europesays.com\/fr\/wp-json\/wp\/v2\/tags?post=281830"}],"curies":[{"name":"wp","href":"https:\/\/api.w.org\/{rel}","templated":true}]}}