{"id":281834,"date":"2025-07-29T12:00:18","date_gmt":"2025-07-29T12:00:18","guid":{"rendered":"https:\/\/www.europesays.com\/fr\/281834\/"},"modified":"2025-07-29T12:00:18","modified_gmt":"2025-07-29T12:00:18","slug":"basket-ball-la-sig-accepte-une-place-en-ligue-2-feminine-et-attend-la-validation-de-son-dossier","status":"publish","type":"post","link":"https:\/\/www.europesays.com\/fr\/281834\/","title":{"rendered":"Basket-ball. La SIG accepte une place en Ligue 2 f\u00e9minine et attend la validation de son dossier"},"content":{"rendered":"<p>Le bureau f\u00e9d\u00e9ral de la F\u00e9d\u00e9ration Fran\u00e7aise de Basket-Ball (FFBB), r\u00e9uni le vendredi 25 juillet, a propos\u00e9 une place en Ligue 2 f\u00e9minine \u00e0 la SIG (Nationale 1 f\u00e9minine) . Le club illkirchois a\u00a0r\u00e9pondu favorablement \u00e0 cette proposition et doit maintenant passer devant la Commission de Contr\u00f4le de Gestion (CCG) pour valider cette accession.<\/p>\n<p>&#13;<br \/>\n              Les Derni\u00e8res Nouvelles d&rsquo;Alsace  &#8211; &#13;<br \/>\n        &#13;<br \/>\n          Aujourd&rsquo;hui \u00e0 11:27&#13;<br \/>\n    &#13;<br \/>\n                  | mis \u00e0 jour aujourd&rsquo;hui \u00e0 13:04&#13;<br \/>\n              &#8211; Temps de lecture : &#13;<br \/>\n  &#13;\n<\/p>\n<p>                        &#13;<br \/>\n    &#13;<br \/>\n    &#13;<br \/>\n    <a href=\"https:\/\/cdn-s-www.dna.fr\/images\/3CA14702-C914-49C2-B5CE-4708FD3896F1\/NW_raw\/elise-marx-lors-d-un-match-de-n1f-opposant-la-sig-a-ambitions-girondines-a-illkirch-graffenstaden-le-4-mai-2025-1753786294.jpg\" title=\"Elise Marx lors d&#039;un match de N1F opposant la Sig \u00e0 Ambitions Girondines \u00e0 Illkirch-Graffenstaden le 4 mai 2025.\" class=\"chocolat-image GA-tracking\" data-ga_type=\"click\" data-ga_category=\"D\u00e9tail\" data-ga_action=\"zoomer\" data-ga_label=\"aggrandir image\" target=\"_blank\" rel=\"noopener\">&#13;<br \/>\n        <img src=\"https:\/\/www.europesays.com\/fr\/wp-content\/uploads\/2025\/07\/elise-marx-lors-d-un-match-de-n1f-opposant-la-sig-a-ambitions-girondines-a-illkirch-graffenstaden-le.jpeg\"   alt=\"Elise Marx lors d'un match de N1F opposant la Sig \u00e0 Ambitions Girondines \u00e0 Illkirch-Graffenstaden le 4 mai 2025.\" fetchpriority=\"high\" decoding=\"async\" data-mobile=\"NW_detail_M|1753786294\" data-base=\"NW_detail|1753786294\"\/>&#13;<br \/>\n    <\/a>&#13;<\/p>\n<p>Elise Marx lors d&rsquo;un match de N1F opposant la Sig \u00e0 Ambitions Girondines \u00e0 Illkirch-Graffenstaden le 4 mai 2025.<\/p>\n","protected":false},"excerpt":{"rendered":"Le bureau f\u00e9d\u00e9ral de la F\u00e9d\u00e9ration Fran\u00e7aise de Basket-Ball (FFBB), r\u00e9uni le vendredi 25 juillet, a propos\u00e9 une&hellip;\n","protected":false},"author":2,"featured_media":281835,"comment_status":"","ping_status":"","sticky":false,"template":"","format":"standard","meta":{"footnotes":""},"categories":[1414],"tags":[2389,2649,1465,1791,1464,2880,107,1011,27,3088,517,60,640],"class_list":{"0":"post-281834","1":"post","2":"type-post","3":"status-publish","4":"format-standard","5":"has-post-thumbnail","7":"category-basket","8":"tag-alsace","9":"tag-bas-rhin","10":"tag-basket","11":"tag-basket-ball","12":"tag-basketball","13":"tag-edition-strasbourg","14":"tag-fil-info","15":"tag-fr","16":"tag-france","17":"tag-illkirch-graffenstaden","18":"tag-sport","19":"tag-sports","20":"tag-strasbourg"},"share_on_mastodon":{"url":"https:\/\/pubeurope.com\/@fr\/114936415806418817","error":""},"_links":{"self":[{"href":"https:\/\/www.europesays.com\/fr\/wp-json\/wp\/v2\/posts\/281834","targetHints":{"allow":["GET"]}}],"collection":[{"href":"https:\/\/www.europesays.com\/fr\/wp-json\/wp\/v2\/posts"}],"about":[{"href":"https:\/\/www.europesays.com\/fr\/wp-json\/wp\/v2\/types\/post"}],"author":[{"embeddable":true,"href":"https:\/\/www.europesays.com\/fr\/wp-json\/wp\/v2\/users\/2"}],"replies":[{"embeddable":true,"href":"https:\/\/www.europesays.com\/fr\/wp-json\/wp\/v2\/comments?post=281834"}],"version-history":[{"count":0,"href":"https:\/\/www.europesays.com\/fr\/wp-json\/wp\/v2\/posts\/281834\/revisions"}],"wp:featuredmedia":[{"embeddable":true,"href":"https:\/\/www.europesays.com\/fr\/wp-json\/wp\/v2\/media\/281835"}],"wp:attachment":[{"href":"https:\/\/www.europesays.com\/fr\/wp-json\/wp\/v2\/media?parent=281834"}],"wp:term":[{"taxonomy":"category","embeddable":true,"href":"https:\/\/www.europesays.com\/fr\/wp-json\/wp\/v2\/categories?post=281834"},{"taxonomy":"post_tag","embeddable":true,"href":"https:\/\/www.europesays.com\/fr\/wp-json\/wp\/v2\/tags?post=281834"}],"curies":[{"name":"wp","href":"https:\/\/api.w.org\/{rel}","templated":true}]}}