{"id":281836,"date":"2025-07-29T12:01:16","date_gmt":"2025-07-29T12:01:16","guid":{"rendered":"https:\/\/www.europesays.com\/fr\/281836\/"},"modified":"2025-07-29T12:01:16","modified_gmt":"2025-07-29T12:01:16","slug":"gresini-et-vr46-veulent-prolonger-avec-ducati","status":"publish","type":"post","link":"https:\/\/www.europesays.com\/fr\/281836\/","title":{"rendered":"Gresini et VR46 veulent prolonger avec Ducati"},"content":{"rendered":"<p>Ducati appuie aujourd&rsquo;hui son programme MotoGP sur trois \u00e9quipes\u00a0:\u00a0son team d&rsquo;usine et deux \u00e9quipes dites satellites que sont Gresini Racing et VR46 Racing. Ces deux formations sont li\u00e9es \u00e0 la marque jusqu&rsquo;\u00e0 la fin de la saison prochaine, leurs contrats ayant \u00e9pous\u00e9 la dur\u00e9e du cycle r\u00e9glementaire et de l&rsquo;ensemble des accords pass\u00e9s entre les constructeurs et le championnat.<\/p>\n<p>L&rsquo;ann\u00e9e 2027 verra en effet le MotoGP adopter un <a href=\"https:\/\/fr.motorsport.com\/motogp\/news\/motogp-officialise-reglement-technique-2027\/10607624\/\" target=\"_self\" rel=\"noopener\">nouveau r\u00e8glement technique<\/a>, une \u00e9tape rare et qui servira de marqueur pour sceller de nouveaux accords ou renouveler les investissements en cours.\u00a0Alors que la sup\u00e9riorit\u00e9 de Ducati sur l&rsquo;\u00e8re actuelle n&rsquo;est plus \u00e0 prouver, les deux \u00e9quipes satellites li\u00e9es \u00e0 Borgo Panigale expriment chacune leur volont\u00e9 de prolonger cette union pour vivre ce challenge du renouvellement des motos aux c\u00f4t\u00e9s de la marque qui aura tout gagn\u00e9 ces derni\u00e8res ann\u00e9es.<\/p>\n<p>\u00ab\u00a0Honn\u00eatement, je souhaite poursuivre notre formidable histoire avec Ducati\u00a0\u00bb, a ainsi d\u00e9clar\u00e9 Michele Masini, directeur sportif de Gresini Racing, bien qu&rsquo;il ait pr\u00e9cis\u00e9 ne pas avoir encore entam\u00e9 les discussions. \u00ab\u00a0Notre relation est tr\u00e8s bonne et forte. Et je crois que quand on entre dans une nouvelle \u00e8re, il est tr\u00e8s important d&rsquo;avoir une sorte d&rsquo;\u00e9l\u00e9ment constant et solide.\u00a0\u00bb<\/p>\n<p>Pablo Nieto, team manager pour l&rsquo;\u00e9quipe VR46, a fait \u00e9cho \u00e0 ces propos\u00a0:\u00a0\u00ab\u00a0C&rsquo;est tr\u00e8s important de continuer dans ce projet. Nous avons b\u00e2ti quelque chose ensemble, que nous pouvons faire grandir. Il est tr\u00e8s important que nous continuions avec tout [ce que nous avons]. Nous allons entrer dans cette nouvelle \u00e8re, avec <a href=\"https:\/\/fr.motorsport.com\/motogp\/news\/michelin-quitte-motogp-pirelli-2026\/10700773\/\" target=\"_self\" rel=\"noopener\">un nouveau manufacturier pneumatique qui arrive<\/a> et \u00e7a va \u00eatre l&rsquo;un des points les plus importants. Je pense qu&rsquo;il est tr\u00e8s important que Ducati, Gresini et nous-m\u00eames travaillions ensemble pour essayer de faire quelque chose d&rsquo;important ensemble. Tous les constructeurs progressent mais je sais que nous avons quelque chose d&rsquo;important \u00e0 dire.\u00a0\u00bb<\/p>\n<p>   <img decoding=\"async\" draggable=\"false\" src=\"https:\/\/www.europesays.com\/fr\/wp-content\/uploads\/2025\/07\/1753790474_459_alex-marquez-gresini-racing-fr.jpg\" alt=\"Gresini et VR46 sont les deux seules \u00e9quipes satellites conserv\u00e9es par Ducati.\" width=\"1200\" height=\"800\" loading=\"lazy\"\/> <\/p>\n<p class=\"title\">Gresini et VR46 sont les deux seules \u00e9quipes satellites que conserve Ducati.<\/p>\n<p class=\"photographer\">Photo de : MotoGP<\/p>\n<p>Apr\u00e8s Pramac Racing, qui a longtemps \u00e9t\u00e9 le premier partenaire de Ducati et a r\u00e9ussi \u00e0 remporter le titre pilotes l&rsquo;an dernier, c&rsquo;est aujourd&rsquo;hui VR46 qui dispose d&rsquo;une moto d&rsquo;usine, la seule fournie par Ducati en dehors de son team factory. Bien que sans victoire pour le moment, l&rsquo;\u00e9quipe multiplie les apparitions aux avant-postes cette ann\u00e9e et voit ses deux pilotes figurer aux six premi\u00e8res places du <a href=\"https:\/\/fr.motorsport.com\/motogp\/news\/championnat-marquez-matelas-bezzecchi-quatri%C3%A8me\/10743652\/\" target=\"_self\" rel=\"noopener\">championnat<\/a> \u00e0 la pause.<\/p>\n<p>De son c\u00f4t\u00e9, Gresini s&rsquo;appuie toujours sur un mod\u00e8le de l&rsquo;an dernier, mais <a href=\"https:\/\/fr.motorsport.com\/driver\/alex-marquez\/96324\/\" target=\"_blank\" rel=\"noopener\">\u00c1lex M\u00e1rquez<\/a> l&rsquo;exploite \u00e0 la perfection au point d&rsquo;avoir \u00e9merg\u00e9 comme le num\u00e9ro 2 de cette premi\u00e8re partie de championnat. L&rsquo;\u00e9quipe dirig\u00e9e par Nadia Padovani est la derni\u00e8re arriv\u00e9e dans le clan Ducati, mais elle a gagn\u00e9 chaque ann\u00e9e depuis lors. Elle a aussi eu l&rsquo;honneur d&rsquo;aligner <a href=\"https:\/\/fr.motorsport.com\/driver\/marc-marquez\/92646\/\" target=\"_blank\" rel=\"noopener\">Marc M\u00e1rquez<\/a> l&rsquo;an dernier et est d\u00e9j\u00e0 engag\u00e9e \u00e0 faire rouler <a href=\"https:\/\/fr.motorsport.com\/driver\/fermin-aldeguer\/945314\/\" target=\"_blank\" rel=\"noopener\">Ferm\u00edn Aldeguer<\/a>, sous contrat avec le constructeur, pour deux ans.<\/p>\n<p>\u00ab\u00a0Notre relation avec eux est actuellement plus forte que jamais\u00a0\u00bb, a soulign\u00e9 Michele Masini. \u00ab\u00a0Cette ann\u00e9e, nous nous battons pour quelque chose de grand, nous sommes deuxi\u00e8mes au championnat [pilotes] avec \u00c1lex, deuxi\u00e8mes aussi au classement des \u00e9quipes. Je crois que nous progressons chaque ann\u00e9e, chaque mois et chaque Grand Prix, y compris nos ing\u00e9nieurs, et ce sera crucial au moment d&rsquo;entrer dans ce nouveau r\u00e8glement. Un autre point d&rsquo;interrogation pour nous va \u00eatre le nouveau manufacturier pneumatique car, en partant de z\u00e9ro, il va falloir qu&rsquo;on se montre intelligents avec nos ing\u00e9nieurs et ceux du constructeur. Ce sera une nouvelle \u00e8re synonyme de gros challenge.\u00a0\u00bb<\/p>\n<p>   <img decoding=\"async\" draggable=\"false\" src=\"https:\/\/www.europesays.com\/fr\/wp-content\/uploads\/2025\/07\/1753790476_747_alex-marquez-gresini-racing.jpg\" alt=\"Alex Marquez et Gresini Racing ont gagn\u00e9 le GP d'Espagne cette ann\u00e9e.\" width=\"1200\" height=\"800\" loading=\"lazy\"\/> <\/p>\n<p class=\"title\">\u00c1lex M\u00e1rquez et Gresini Racing ont gagn\u00e9 le GP d&rsquo;Espagne cette ann\u00e9e.<\/p>\n<p class=\"photographer\">Photo de : Gold and Goose Photography \/ LAT Images \/ via Getty Images<\/p>\n<p>La garantie d&rsquo;attirer de grands noms<\/p>\n<p>Le responsable sportif de l&rsquo;\u00e9quipe Gresini a bien conscience de ce qu&rsquo;un tel partenariat apporte, au-del\u00e0 m\u00eame des succ\u00e8s glan\u00e9s en piste\u00a0:\u00a0\u00ab\u00a0Nous sommes reconnaissants envers notre constructeur. Chaque ann\u00e9e, le package de la moto est de plus en plus proche [de celui de l&rsquo;usine], nous pouvons extraire tout le potentiel de la moto et nous continuons bien s\u00fbr \u00e0 nous battre contre les pilotes d&rsquo;usine.\u00a0\u00bb<\/p>\n<p>\u00ab\u00a0Je ne pourrais pas en \u00eatre plus fier car le fait d&rsquo;\u00eatre comp\u00e9titifs nous rend aussi plus attractifs pour les top pilotes et cela nous permet aussi d&rsquo;atteindre des sponsors pour faire grandir notre projet et voir les choses en plus grand.\u00a0\u00bb<\/p>\n<p>Un point de vue partag\u00e9 par Pablo Nieto, alors que l&rsquo;\u00e9quipe VR46 s&rsquo;est li\u00e9e \u00e0 Ducati un peu plus t\u00f4t que Gresini, d\u00e8s son arriv\u00e9e dans la cat\u00e9gorie reine, et qu&rsquo;elle a profit\u00e9 de ce soutien technique pour rapidement trouver sa place.\u00a0\u00ab\u00a0C&rsquo;est tr\u00e8s important pour nous car nous nous battons pour le championnat, face aux constructeurs. \u00c7a signifie que nous pouvons faire quelque chose d&rsquo;important, comme l&rsquo;a fait Pramac l&rsquo;ann\u00e9e derni\u00e8re\u00a0\u00bb, a observ\u00e9 l&rsquo;Espagnol.<\/p>\n<p>\u00ab\u00a0Au fond, \u00e7a signifie aussi que tous les pilotes peuvent avoir envie de venir chez nous, et je pense que c&rsquo;est tr\u00e8s important pour notre sport. Nous ne cessons de nous rapprocher et je crois qu&rsquo;\u00e0 l&rsquo;avenir, il faut que nous soyons tous comme des constructeurs. Ce serait beaucoup mieux \u00e0 la fois pour le championnat et pour les \u00e9quipes.\u00a0\u00bb<\/p>\n<p>Lire aussi :<\/p>\n<p>Dans cet article<\/p>\n<p>Soyez le premier inform\u00e9 et souscrivez aux alertes mails pour recevoir les infos en temps r\u00e9el<\/p>\n<p>    S&rsquo;abonner aux alertes de news<\/p>\n","protected":false},"excerpt":{"rendered":"Ducati appuie aujourd&rsquo;hui son programme MotoGP sur trois \u00e9quipes\u00a0:\u00a0son team d&rsquo;usine et deux \u00e9quipes dites satellites que sont&hellip;\n","protected":false},"author":2,"featured_media":281837,"comment_status":"","ping_status":"","sticky":false,"template":"","format":"standard","meta":{"footnotes":""},"categories":[1413],"tags":[1011,27,3452,1457,1456,1458,60,7276],"class_list":{"0":"post-281836","1":"post","2":"type-post","3":"status-publish","4":"format-standard","5":"has-post-thumbnail","7":"category-moto","8":"tag-fr","9":"tag-france","10":"tag-gresini-racing","11":"tag-moto","12":"tag-motocycle","13":"tag-motogp","14":"tag-sports","15":"tag-team-vr46"},"share_on_mastodon":{"url":"https:\/\/pubeurope.com\/@fr\/114936419988009470","error":""},"_links":{"self":[{"href":"https:\/\/www.europesays.com\/fr\/wp-json\/wp\/v2\/posts\/281836","targetHints":{"allow":["GET"]}}],"collection":[{"href":"https:\/\/www.europesays.com\/fr\/wp-json\/wp\/v2\/posts"}],"about":[{"href":"https:\/\/www.europesays.com\/fr\/wp-json\/wp\/v2\/types\/post"}],"author":[{"embeddable":true,"href":"https:\/\/www.europesays.com\/fr\/wp-json\/wp\/v2\/users\/2"}],"replies":[{"embeddable":true,"href":"https:\/\/www.europesays.com\/fr\/wp-json\/wp\/v2\/comments?post=281836"}],"version-history":[{"count":0,"href":"https:\/\/www.europesays.com\/fr\/wp-json\/wp\/v2\/posts\/281836\/revisions"}],"wp:featuredmedia":[{"embeddable":true,"href":"https:\/\/www.europesays.com\/fr\/wp-json\/wp\/v2\/media\/281837"}],"wp:attachment":[{"href":"https:\/\/www.europesays.com\/fr\/wp-json\/wp\/v2\/media?parent=281836"}],"wp:term":[{"taxonomy":"category","embeddable":true,"href":"https:\/\/www.europesays.com\/fr\/wp-json\/wp\/v2\/categories?post=281836"},{"taxonomy":"post_tag","embeddable":true,"href":"https:\/\/www.europesays.com\/fr\/wp-json\/wp\/v2\/tags?post=281836"}],"curies":[{"name":"wp","href":"https:\/\/api.w.org\/{rel}","templated":true}]}}