{"id":281838,"date":"2025-07-29T12:02:13","date_gmt":"2025-07-29T12:02:13","guid":{"rendered":"https:\/\/www.europesays.com\/fr\/281838\/"},"modified":"2025-07-29T12:02:13","modified_gmt":"2025-07-29T12:02:13","slug":"hongrie-2025-le-programme-du-week-end-fia-f2-et-fia-f3","status":"publish","type":"post","link":"https:\/\/www.europesays.com\/fr\/281838\/","title":{"rendered":"Hongrie 2025, le programme du week-end FIA F2 et FIA F3"},"content":{"rendered":"<p style=\"text-align: justify;\"><strong>Apr\u00e8s le meeting belge, Leonardo Fornaroli est d\u00e9sormais en t\u00eate du classement pilotes FIA F2. Rafael Camara poursuit son aventure en t\u00eate du classement FIA F3.<\/strong><\/p>\n<p style=\"text-align: justify;\">Apr\u00e8s le meeting de Spa Francorchamps, Alex Dunne a \u00e9t\u00e9 p\u00e9nalis\u00e9 de 10 secondes pour non respect de la proc\u00e9dure de d\u00e9part, perdant ainsi sa victoire. Arvid Lindblad, arriv\u00e9 2e de cette course principale FIA F2 a lui \u00e9t\u00e9 disqualifi\u00e9 de la course en raison d&rsquo;une irr\u00e9gularit\u00e9 sur la pression des pneus. C&rsquo;est donc Roman Stanek qui remporte la course principale belge.<\/p>\n<p>Retour sur l&rsquo;\u00e9dition pr\u00e9c\u00e9dente<\/p>\n<p style=\"text-align: justify;\">Lors du meeting 2024,<a href=\"https:\/\/franceracing.fr\/formule-3\/laurens-van-hoepen-en-pole-position-en-hongrie-en-fia-f3\/\" target=\"_blank\" rel=\"noopener nofollow\"> Laurens van Hoepen r\u00e9alise le meilleur temps des essais qualificatifs<\/a> et s&rsquo;\u00e9lance donc de la pole position lors de la course principale. Dino Beganovic s\u2019\u00e9lance depuis la premi\u00e8re place de cette course sprint devant les pilotes Aix Racing, Nikita Bedrin et Tasanapol Inthraphuvasak. Joseph Loake mal positionn\u00e9 sur la grille force la direction de course \u00e0 relancer un tour de formation. Dino Beganovic fait un mauvais d\u00e9part et voit Nikita Bedrin le d\u00e9passer et prendre la t\u00eate de la course. Ce dernier sera intouchable jusqu&rsquo;\u00e0 l&rsquo;arriv\u00e9e. Lors de la course principale, Nikola Tsolov a pris l&rsquo;avantage sur Laurens Van Hoepen. Plusieurs pilotes sont victimes de crevaisons dont le Fran\u00e7ais, Sami Meguetounif. La voiture de s\u00e9curit\u00e9 est appel\u00e9e en piste au tour 22. Arvid Lindblad et Mat\u00edas Zagazeta sont arr\u00eat\u00e9s en piste apr\u00e8s un contact au virage 4. <a href=\"https:\/\/franceracing.fr\/formule-3\/nikita-bedrin-et-nikola-tsolov-remportent-les-courses-de-fia-f3-en-hongrie\/\" target=\"_blank\" rel=\"noopener nofollow\">Nikola Tsolov remporte cette course principale<\/a>.<\/p>\n<p style=\"text-align: justify;\">En FIA F2, <a href=\"https:\/\/franceracing.fr\/formule-2\/paul-aron-en-pole-position-en-hongrie-en-fia-f2\/\" target=\"_blank\" rel=\"noopener nofollow\">Paul Aron r\u00e9alise le meilleur temps des qualifications<\/a> et part de la pole position lors de la course principale. Lors de la course sprint, Richard Verschoor et Kush Maini partent en premi\u00e8re ligne. Richard Verschoor conserve l&rsquo;avantage au d\u00e9part. Kimi Antonelli prend la t\u00eate au 4e tour de la course. Richard Verschoor reprend son bien au 17e tour, apr\u00e8s une erreur de Kimi Antonelli d\u00e9sormais 3e derri\u00e8re Kush Maini.\u00a0 Richard Verschoor franchit la ligne en t\u00eate mais est disqualifi\u00e9 apr\u00e8s la course. la victoire revient \u00e0 Kush Maini. Lors de la course principale, Victor Martins prend un excellent d\u00e9part et prend la premi\u00e8re position d\u00e8s le premier virage. Paul Aron bloque ses roues et perd gros, il est d\u00e9sormais 7e. La voiture de s\u00e9curit\u00e9 entre en piste. Les pilotes qui sont partis en pneus soft rentrent aux stands pour chausser les pneus durs. Andrea Kimi Antonelli relance la course au 11e tour. Apr\u00e8s un accident au 19e tour, la voiture de s\u00e9curit\u00e9 entre \u00e0 nouveau en piste. A la relance Kimi Antonelli remonte dans le peloton et prend la t\u00eate de la course au 29e tour.<a href=\"https:\/\/franceracing.fr\/formule-2\/kush-maini-et-andrea-kimi-antonelli-victorieux-en-fia-f2-en-hongrie\/\" target=\"_blank\" rel=\"noopener nofollow\"> Il remporte cette course principale.<\/a><\/p>\n<p>Le Hungaroring<\/p>\n<p style=\"text-align: justify;\">Le circuit hongrois est long de 4 km 381. Il est compos\u00e9 de 14 virages et d&rsquo;une seule zone DRS. Celle-ci se situe sur la ligne droite d\u00e9part\/arriv\u00e9e. Sa zone de d\u00e9tection est entre les virages 13 et 14. Le record du tour est d\u00e9tenu par <a href=\"https:\/\/franceracing.fr\/driver\/oliver-rowland\" rel=\"nofollow noopener\" target=\"_blank\">Oliver Rowland<\/a> en FIA F2 (2017) et Christian Lundgaard en FIA F3 (2019).<\/p>\n<p style=\"text-align: justify;\">En 2022, les pilotes FIA F3 ont effectu\u00e9 19 tours pour la course sprint et 24 tours pour la course principale. Les pilotes FIA F2 ont effectu\u00e9 28 tours lors de la course sprint et 37 tours pour la course principale dimanche.<\/p>\n<p><img fetchpriority=\"high\" decoding=\"async\" class=\"aligncenter wp-image-176963 size-full\" src=\"data:image\/svg+xml,%3Csvg%20xmlns=\" http:=\"\" alt=\"hungaroring circuit fia f2 F3 2022\" width=\"800\" height=\"450\" data-lazy- data-lazy- data-lazy-src=\"https:\/\/www.europesays.com\/fr\/wp-content\/uploads\/2025\/07\/hungaroring-circuit-fia-f2-F3-2022.jpg\"\/><\/p>\n<p>Le point sur les classements<\/p>\n<p style=\"text-align: justify;\">L&rsquo;\u00e9quipe Trident est toujours solidement en t\u00eate du classement des \u00e9quipes FIA F3. Avec 232 points, elle poss\u00e8de 11 points de mieux que l&rsquo;\u00e9quipe Campos. MP Motorsport est 3e avec 164 points. Du cot\u00e9 des pilotes FIA F3, Rafael Camara est lui aussi solidement attach\u00e9 \u00e0 cette premi\u00e8re place. Le pilote br\u00e9silien poss\u00e8de 126 points, soit 28 points de plus que Nikola Tsolov et 33 points de mieux que Tim Tramnitz. Avec seulement 2 meetings restant au championnat, il faudrait une r\u00e9elle contre-performance du br\u00e9silien pour redonner du suspens au classement. Le pilote Trident est solide, rapide et confiant. Une \u00e9quation difficile \u00e0 r\u00e9soudre pour ses adversaires.<\/p>\n<p><img loading=\"lazy\" decoding=\"async\" class=\"size-full wp-image-244122\" src=\"data:image\/svg+xml,%3Csvg%20xmlns=\" http:=\"\" alt=\"Top 10 pilotes 2025 FIA F3 avant la hongrie, Camara m\u00e8ne devant Tsolov, Tramnitz, Boya, Stenshorne, Stromsted, Nael, Giusti, Taponen et Bilinski\" width=\"800\" height=\"1000\" data-lazy- data-lazy- data-lazy-src=\"https:\/\/www.europesays.com\/fr\/wp-content\/uploads\/2025\/07\/top-10-pilotes-FIA-F3-avant-hongrie-2025.jpeg\"\/><\/p>\n<p style=\"text-align: justify;\">Invicta Racing prend la t\u00eate du classement des \u00e9quipes avec d\u00e9sormais 182 points, 13 points de plus que Campos et 19 de plus que Hitech. Leonardo Fornaroli prend donc les commandes du classement pilote apr\u00e8s la p\u00e9nalit\u00e9 d&rsquo;Alex Dunne en Belgique.\u00a0 Le pilote Invicta poss\u00e8de 125 points, 3 de plus que Richard Verschoor qui souffle apr\u00e8s un meeting belge compliqu\u00e9. Jak Crawford est 3e avec 116 points, Alex Dunne reste \u00e0 la 4e position avec 114 points. Le meeting de Spa nous a bien montr\u00e9 les forces en pr\u00e9sence. Alex Dunne, qui semble mieux se maitriser sous la pression, est un s\u00e9rieux candidat au titre, voire le favori. Mais avec 5 week-end encore devant eux, la course au titre est plus qu&rsquo;incertaine. Ils auront tous \u00e0 coeur de marquer les esprits et de faire le meilleur r\u00e9sultat avant la tr\u00eave estivale.<\/p>\n<p><img loading=\"lazy\" decoding=\"async\" class=\"size-full wp-image-244123\" src=\"data:image\/svg+xml,%3Csvg%20xmlns=\" http:=\"\" alt=\"Top 10 FIA F2 2025 pilote avant la Hongrie Fornaroli m\u00e8ne devant Verschoor, Crawford, Dunne, Browning, Marti, Lindblad, Montoya, Martins et Stanek.\" width=\"800\" height=\"1000\" data-lazy- data-lazy- data-lazy-src=\"https:\/\/www.europesays.com\/fr\/wp-content\/uploads\/2025\/07\/top-10-FIA-F2-2025-avant-la-hongrie.jpeg\"\/><\/p>\n<p>Les horaires du week-end<\/p>\n<p><strong>Vendredi :<\/strong><br \/>9h55 &#8211; 10h40 : Essais Libres FIA F3<br \/>11h05 &#8211; 11h50 : Essais Libres FIA F2<br \/>15h00- 15h30 : Qualifications FIA F3<br \/>15h55 &#8211; 16h25 : Qualifications FIA F2<\/p>\n<p><strong>Samedi :<\/strong><br \/>10h05 &#8211; 10h50 : Course Sprint FIA F3<br \/>14h15 &#8211; 15h00 : Course Sprint FIA F2<\/p>\n<p><strong>Dimanche :<\/strong><br \/>8h30 &#8211; 9h15 : Course Principale FIA F3<br \/>10h00 &#8211; 11h00 : Course Principale FIA F2<\/p>\n","protected":false},"excerpt":{"rendered":"Apr\u00e8s le meeting belge, Leonardo Fornaroli est d\u00e9sormais en t\u00eate du classement pilotes FIA F2. Rafael Camara poursuit&hellip;\n","protected":false},"author":2,"featured_media":281839,"comment_status":"","ping_status":"","sticky":false,"template":"","format":"standard","meta":{"footnotes":""},"categories":[1412],"tags":[1451,1452,1453,1454,1455,1011,27,60],"class_list":{"0":"post-281838","1":"post","2":"type-post","3":"status-publish","4":"format-standard","5":"has-post-thumbnail","7":"category-f1","8":"tag-f1","9":"tag-formula-1","10":"tag-formula1","11":"tag-formule-1","12":"tag-formule1","13":"tag-fr","14":"tag-france","15":"tag-sports"},"share_on_mastodon":{"url":"https:\/\/pubeurope.com\/@fr\/114936423630172100","error":""},"_links":{"self":[{"href":"https:\/\/www.europesays.com\/fr\/wp-json\/wp\/v2\/posts\/281838","targetHints":{"allow":["GET"]}}],"collection":[{"href":"https:\/\/www.europesays.com\/fr\/wp-json\/wp\/v2\/posts"}],"about":[{"href":"https:\/\/www.europesays.com\/fr\/wp-json\/wp\/v2\/types\/post"}],"author":[{"embeddable":true,"href":"https:\/\/www.europesays.com\/fr\/wp-json\/wp\/v2\/users\/2"}],"replies":[{"embeddable":true,"href":"https:\/\/www.europesays.com\/fr\/wp-json\/wp\/v2\/comments?post=281838"}],"version-history":[{"count":0,"href":"https:\/\/www.europesays.com\/fr\/wp-json\/wp\/v2\/posts\/281838\/revisions"}],"wp:featuredmedia":[{"embeddable":true,"href":"https:\/\/www.europesays.com\/fr\/wp-json\/wp\/v2\/media\/281839"}],"wp:attachment":[{"href":"https:\/\/www.europesays.com\/fr\/wp-json\/wp\/v2\/media?parent=281838"}],"wp:term":[{"taxonomy":"category","embeddable":true,"href":"https:\/\/www.europesays.com\/fr\/wp-json\/wp\/v2\/categories?post=281838"},{"taxonomy":"post_tag","embeddable":true,"href":"https:\/\/www.europesays.com\/fr\/wp-json\/wp\/v2\/tags?post=281838"}],"curies":[{"name":"wp","href":"https:\/\/api.w.org\/{rel}","templated":true}]}}