{"id":28184,"date":"2025-04-16T02:28:09","date_gmt":"2025-04-16T02:28:09","guid":{"rendered":"https:\/\/www.europesays.com\/fr\/28184\/"},"modified":"2025-04-16T02:28:09","modified_gmt":"2025-04-16T02:28:09","slug":"apres-une-semaine-de-panne-le-stationnement-redevient-payant-a-cagnes-sur-mer","status":"publish","type":"post","link":"https:\/\/www.europesays.com\/fr\/28184\/","title":{"rendered":"Apr\u00e8s une semaine de panne, le stationnement redevient payant \u00e0 Cagnes-sur-Mer"},"content":{"rendered":"<p>Fini la gratuit\u00e9! Le stationnement va redevenir payant dans les rues de Cagnes-sur-Mer d\u00e8s ce mardi. <a href=\"https:\/\/www.nicematin.com\/vie-locale\/la-stationnement-devient-subitement-gratuit-sur-toute-la-commune-de-cagnes-sur-mer-pour-une-raison-abracadabrantesque-981625\" rel=\"nofollow noopener\" target=\"_blank\">Un dysfonctionnement des horodateurs emp\u00eachait l\u2019encaissement du parking en voirie depuis le lundi 7 avril<\/a>.<\/p>\n<p>Mais \u00ab\u00a0le prestataire a inform\u00e9 la ville que les horodateurs seront en fonction d\u00e8s mardi 15 avril \u00e0 9 heures\u00a0\u00bb, a annonc\u00e9 la mairie ce lundi soir sur ses r\u00e9seaux sociaux.<\/p>\n<p>En ajoutant: \u00ab\u00a0Merci de votre compr\u00e9hension.\u00a0\u00bb Car si la nouvelle est la bienvenue pour les caisses de la commune, elle ne l\u2019est sans doute pas pour l\u2019ensemble des automobilistes!<\/p>\n","protected":false},"excerpt":{"rendered":"Fini la gratuit\u00e9! Le stationnement va redevenir payant dans les rues de Cagnes-sur-Mer d\u00e8s ce mardi. Un dysfonctionnement&hellip;\n","protected":false},"author":2,"featured_media":28185,"comment_status":"","ping_status":"","sticky":false,"template":"","format":"standard","meta":{"footnotes":""},"categories":[2819],"tags":[1111,11,1777,674,1011,27,12,2401,882,25,3366],"class_list":{"0":"post-28184","1":"post","2":"type-post","3":"status-publish","4":"format-standard","5":"has-post-thumbnail","7":"category-nice","8":"tag-actu","9":"tag-actualites","10":"tag-eu","11":"tag-europe","12":"tag-fr","13":"tag-france","14":"tag-news","15":"tag-nice","16":"tag-provence-alpes-cote-dazur","17":"tag-republique-francaise","18":"tag-vie-locale"},"share_on_mastodon":{"url":"https:\/\/pubeurope.com\/@fr\/114345286307232777","error":""},"_links":{"self":[{"href":"https:\/\/www.europesays.com\/fr\/wp-json\/wp\/v2\/posts\/28184","targetHints":{"allow":["GET"]}}],"collection":[{"href":"https:\/\/www.europesays.com\/fr\/wp-json\/wp\/v2\/posts"}],"about":[{"href":"https:\/\/www.europesays.com\/fr\/wp-json\/wp\/v2\/types\/post"}],"author":[{"embeddable":true,"href":"https:\/\/www.europesays.com\/fr\/wp-json\/wp\/v2\/users\/2"}],"replies":[{"embeddable":true,"href":"https:\/\/www.europesays.com\/fr\/wp-json\/wp\/v2\/comments?post=28184"}],"version-history":[{"count":0,"href":"https:\/\/www.europesays.com\/fr\/wp-json\/wp\/v2\/posts\/28184\/revisions"}],"wp:featuredmedia":[{"embeddable":true,"href":"https:\/\/www.europesays.com\/fr\/wp-json\/wp\/v2\/media\/28185"}],"wp:attachment":[{"href":"https:\/\/www.europesays.com\/fr\/wp-json\/wp\/v2\/media?parent=28184"}],"wp:term":[{"taxonomy":"category","embeddable":true,"href":"https:\/\/www.europesays.com\/fr\/wp-json\/wp\/v2\/categories?post=28184"},{"taxonomy":"post_tag","embeddable":true,"href":"https:\/\/www.europesays.com\/fr\/wp-json\/wp\/v2\/tags?post=28184"}],"curies":[{"name":"wp","href":"https:\/\/api.w.org\/{rel}","templated":true}]}}