{"id":281840,"date":"2025-07-29T12:03:11","date_gmt":"2025-07-29T12:03:11","guid":{"rendered":"https:\/\/www.europesays.com\/fr\/281840\/"},"modified":"2025-07-29T12:03:11","modified_gmt":"2025-07-29T12:03:11","slug":"tour-de-france-quentin-rolland-le-speaker-cochonou-qui-a-mis-le-feu-a-la-caravane","status":"publish","type":"post","link":"https:\/\/www.europesays.com\/fr\/281840\/","title":{"rendered":"Tour de France : Quentin Rolland, le speaker Cochonou qui a mis le feu \u00e0 la caravane"},"content":{"rendered":"<p>Sourire viss\u00e9 aux l\u00e8vres puis saucisson \u00e0 la main, Quentin Rolland, originaire de Voiron dans la r\u00e9gion, a v\u00e9cu trois semaines de r\u00eave au c\u0153ur de la caravane Cochonou du Tour de France 2025. De la distribution de goodies \u00e0 l&rsquo;ambiance survolt\u00e9e qu&rsquo;il a assur\u00e9 sur les routes, le speaker revient pour Radio SCOOP sur cette aventure inoubliable entre partage, \u00e9motions et souvenirs plein la t\u00eate.<\/p>\n<p>C&rsquo;\u00e9tait une <b>aventure <\/b>fran\u00e7aise\u00a0\u00ab\u00a0\u00e0 l&rsquo;ancienne\u00a0\u00bb mais tellement dans l&rsquo;air du temps.<\/p>\n<p>Du 5 au 27 juillet, <b>Quentin Rolland<\/b> a travers\u00e9 la France \u00e0 bord d&rsquo;une <b>mythique 2CV<\/b> (deux chevaux) <b>rouge \u00e0 carreaux.\u00a0<\/b><\/p>\n<p><b>Speaker <\/b>de la <b>caravane <\/b>la plus populaire du <b>Tour du France<\/b>, celui qui est originaire de <b>Voiron <\/b>en <b>Auvergne-Rh\u00f4ne-Alpes<\/b> nous raconte son exp\u00e9rience v\u00e9cue avec passion.<\/p>\n<p>\u00ab\u00a0Le bob Cochonou, c&rsquo;est une l\u00e9gende du Tour de France\u00a0\u00bb<\/p>\n<p><b>Radio SCOOP : le fameux bob Cochonou, tout le monde esp\u00e8re obtenir le sien pendant le Tour de France ! Ce n&rsquo;est pas toujours facile de satisfaire tout le monde. Comment vous y \u00eates-vous pris pour distribuer les goodies aux spectateurs ?<\/b><br \/><b><br \/><\/b><br \/><b>Quentin Rolland :<\/b> \u00ab\u00a0le bob <b>Cochonou<\/b>, c&rsquo;est une l\u00e9gende du Tour de France !\u00a0<\/p>\n<p>Ce n&rsquo;est pas facile de satisfaire tout le monde car on en a en quantit\u00e9 limit\u00e9e. C&rsquo;est un cr\u00e8ve-c\u0153ur, mais on fait le maximum pour que chacun puisse repartir avec son souvenir.<br \/>On a une petite technique et un savoir-faire au moment de lancer les goodies. L&rsquo;objectif, c&rsquo;est d&rsquo;envoyer le produit sans jamais prendre de risque, ni pour nous, ni pour le public.\u00a0\u00bb<\/p>\n<p><b>Comment la marque Cochonou est-elle devenue un symbole si fort du Tour de France ?<\/b><\/p>\n<p>\u00ab\u00a0Cochonou, c&rsquo;est plus qu&rsquo;un partenaire. C&rsquo;est une v\u00e9ritable institution. \u00c7a fait <b>plus de 25 ans <\/b>que la <b>marque <\/b>est <b>pr\u00e9sente sur la Grande Boucle<\/b>, donc elle est entr\u00e9e dans l&rsquo;imaginaire collectif.\u00a0<br \/>Il y a le <b>c\u00f4t\u00e9 embl\u00e9matique des 2CV<\/b>, <b>les bobs \u00e0 carreaux Vichy<\/b>, le <b>saucisson<\/b>, tout ce folklore pla\u00eet \u00e9norm\u00e9ment. C&rsquo;est une image tr\u00e8s fran\u00e7aise, conviviale comme on l&rsquo;aime. Les gens s&rsquo;y identifient.<br \/>Et c&rsquo;est justement pour \u00e7a que la <b>caravane Cochonou<\/b> est <b>\u00e9lue depuis plusieurs ann\u00e9es<\/b> la <b>pr\u00e9f\u00e9r\u00e9e des Fran\u00e7ais !<\/b>\u00ab\u00a0<\/p>\n<p>\u00ab\u00a0On partage un moment sympa avec les autres caravaniers\u00a0\u00bb<\/p>\n<p><b>Pouvez-vous nous d\u00e9crire une journ\u00e9e type dans la peau d&rsquo;un speaker Cochonou sur le Tour de France ?<\/b><\/p>\n<p>\u00ab\u00a0On se l\u00e8ve tr\u00e8s t\u00f4t et apr\u00e8s un bon petit d\u00e9jeuner, direction le parking pour la \u00ab\u00a0r\u00e9appro.\u00a0\u00bb\u00a0 On remplit nos glaci\u00e8res avec les produits \u00e0 distribuer, on pr\u00e9pare les pique-niques, on v\u00e9rifie les stocks tout en respectant la cha\u00eene de froid. Ensuite, tout le monde se retrouve sur le parking caravane, deux heures avant le d\u00e9part de l&rsquo;\u00e9tape.<br \/>On bichonne les v\u00e9hicules, on partage un moment sympa avec les autres caravaniers\u2026 et on lance la journ\u00e9e avec des animations : <b>le Quizz Cochonou<\/b><b>*<\/b>, une d\u00e9gustation de saucissons, et m\u00eame une chor\u00e9graphie.<\/p>\n<p>C&rsquo;est bon enfant, super festif. Ensuite, c&rsquo;est parti pour quatre \u00e0 six heures de distribution et d&rsquo;ambiance sur les routes.<br \/>Le soir, on remet les 2CV en mode \u00ab\u00a0route classique\u00a0\u00bb, et on file \u00e0 l&rsquo;h\u00f4tel pour un moment de partage, un bon d\u00eener\u2026 et un peu de repos bien m\u00e9rit\u00e9 !\u00a0\u00bb<br \/><b>*Des questions sont pos\u00e9es sur la ville de d\u00e9part aux caravaniers.<\/b> Chacune des 37 marques repr\u00e9sent\u00e9es sur le Tour constituent une \u00e9quipe. \u00c0 la fin du Tour de France, l&rsquo;\u00e9quipe qui a remport\u00e9 le plus de points glane le \u00ab\u00a0Bouclier des Caravaniers.\u00a0\u00bb C&rsquo;est un troph\u00e9e fabriqu\u00e9 \u00e0 base de planches \u00e0 d\u00e9couper 100% Cochonou. Le titre est remis en jeu chaque ann\u00e9e.<\/p>\n<tr>\n<td class=\"defaut\"><a href=\"https:\/\/www.radioscoop.com\/sport\/javascript:void(0)\" onclick=\"parent.RS.diaporama.addMedia(701978) ;\" target=\"_blank\" rel=\"noopener\"><img loading=\"lazy\" decoding=\"async\" src=\"https:\/\/www.europesays.com\/fr\/wp-content\/uploads\/2025\/07\/1753790590_626_img\" width=\"587\" height=\"640\" border=\"0\" title=\"Quentin Rolland pendant le Tour de France sur la caravane Cochonou. \u00a9 Instagram @cochonouetvous\"\/><\/a><\/td>\n<\/tr>\n<tr\/>\n<p>\u00ab\u00a0Passer \u00e0 50 m\u00e8tres de la maison de mes parents, c&rsquo;\u00e9tait dingue\u00a0\u00bb<\/p>\n<p><b>Quels endroits vous ont particuli\u00e8rement marqu\u00e9 pendant ce Tour 2025 ?<\/b><\/p>\n<p>\u00ab\u00a0Il y en a tellement ! D\u00e9j\u00e0, <b>Saint-Malo<\/b>, o\u00f9 j&rsquo;ai pass\u00e9 des vacances \u00e9tant enfant, ou encore <b>Pau<\/b>, dans les <b>Pyr\u00e9n\u00e9es<\/b>, o\u00f9 vit une partie de ma famille. J&rsquo;ai \u00e9galement pu croiser des coll\u00e8gues dans les <b>Hautes-Pyr\u00e9n\u00e9es<\/b>. Le <b>Mont Ventoux <\/b>\u00e9tait aussi un grand moment, c&rsquo;\u00e9tait la premi\u00e8re fois pour ma part.<\/p>\n<p>Mais deux moments resteront grav\u00e9s tout particuli\u00e8rement. Tout d&rsquo;abord, l&rsquo;arriv\u00e9e \u00e0 <b>Chabeuil <\/b>et <b>Valence<\/b>, l\u00e0 o\u00f9 j&rsquo;ai grandi pendant 15 ans. <b>Passer \u00e0 50 m\u00e8tres de la maison de mes parents<\/b>, c&rsquo;\u00e9tait dingue.<\/p>\n<p>Puis le lendemain avec le d\u00e9part \u00e0 <b>Vif<\/b>, en <b>Is\u00e8re<\/b>. J&rsquo;ai eu l&rsquo;impression de partir depuis chez moi, \u00e9tant originaire de <b>Voiron <\/b>et <b>Grenoble<\/b>.<\/p>\n<p>Sans oublier, bien s\u00fbr, le passage sous la <b>Tour Eiffel <\/b>et les <b>Champs-\u00c9lys\u00e9es <\/b>\u00e0 <b>Paris<\/b>. Magique.\u00a0\u00bb<\/p>\n<p>\u00ab\u00a0Cette ann\u00e9e, le public \u00e9tait particuli\u00e8rement nombreux\u00a0\u00bb<\/p>\n<p><b>Qu&rsquo;est-ce qui vous a le plus marqu\u00e9 sur ce Tour de France 2025 ?<\/b><\/p>\n<p>\u00ab\u00a0Sans h\u00e9siter : l&rsquo;engouement populaire. Cette ann\u00e9e, le public \u00e9tait particuli\u00e8rement nombreux, partout.\u00a0<br \/>M\u00eame dans les coins recul\u00e9s, il y avait une ambiance folle. Des sourires, des cris, des applaudissements\u2026 c&rsquo;\u00e9tait un pur bonheur. Une vraie communion.\u00a0\u00bb<\/p>\n<p>\u00ab\u00a0Un privil\u00e8ge immense et une chance d&rsquo;\u00eatre speaker pour Cochonou\u00a0\u00bb<\/p>\n<p><b>Comment r\u00e9sumeriez-vous votre exp\u00e9rience du Tour de France 2025 avec Cochonou ?<\/b><\/p>\n<p>\u00ab\u00a0C&rsquo;\u00e9tait inou\u00ef. Un privil\u00e8ge immense et une chance d&rsquo;\u00eatre speaker pour Cochonou. On vit un r\u00eave \u00e9veill\u00e9, avec une \u00e9quipe soud\u00e9e, dans l&rsquo;un des \u00e9v\u00e9nements sportifs des plus suivis au monde. Il n&rsquo;y a pas une seconde n\u00e9gative sur le Tour de France.<\/p>\n<p>C&rsquo;est une parenth\u00e8se de vie, un tourbillon d&rsquo;\u00e9nergie, de f\u00eate et de partage. Je repars avec des souvenirs pour la vie.\u00a0\u00bb<\/p>\n<p>Dix tonnes de saucisson Cochonou distribu\u00e9s lors du Tour de France 2025<\/p>\n<p>Pendant le Tour de France 2025, la cochonaille offerte au public ne s&rsquo;est pas compt\u00e9e en kilos, mais avec une unit\u00e9 de masse bien sup\u00e9rieure.\u00a0<br \/><b><br \/><\/b><br \/>Ce sont<b> dix tonnes de saucissons Cochonou<\/b> et <b>100.000 bobs<\/b>\u00a0qui ont \u00e9t\u00e9 distribu\u00e9s aux <b>12 millions de spectateurs <\/b>sur les bords des routes.<\/p>\n<p><img loading=\"lazy\" decoding=\"async\" src=\"https:\/\/www.europesays.com\/fr\/wp-content\/uploads\/2025\/07\/1753790591_22_img\" width=\"350\" height=\"200\" border=\"0\" title=\"Matt\u00c3\u00a9o Vercher a fait le show sur la 13e \u00c3\u00a9tape du Tour de France 2025\"\/><\/p>\n<p>\u25baSport<\/p>\n<p style=\"font-size: 22px;\"><b>Tour de France : quand un cycliste lyonnais fait le show dans les Pyr\u00e9n\u00e9es !<\/b><\/p>\n<p>Lors de la 13e \u00e9tape du Tour de France entre Loudenvielle&#8230;<\/p>\n<p><\/p>\n","protected":false},"excerpt":{"rendered":"Sourire viss\u00e9 aux l\u00e8vres puis saucisson \u00e0 la main, Quentin Rolland, originaire de Voiron dans la r\u00e9gion, a&hellip;\n","protected":false},"author":2,"featured_media":281841,"comment_status":"","ping_status":"","sticky":false,"template":"","format":"standard","meta":{"footnotes":""},"categories":[1411],"tags":[42122,42121,1154,207,1011,27,42123,42120,26083,60,210,2733,7831],"class_list":{"0":"post-281840","1":"post","2":"type-post","3":"status-publish","4":"format-standard","5":"has-post-thumbnail","7":"category-cyclisme","8":"tag-bob-cochonou","9":"tag-chabeuil","10":"tag-cycling","11":"tag-cyclisme","12":"tag-fr","13":"tag-france","14":"tag-infinity-nine-media","15":"tag-quentin-rolland","16":"tag-saucisson","17":"tag-sports","18":"tag-tour-de-france","19":"tag-valence","20":"tag-voiron"},"share_on_mastodon":{"url":"https:\/\/pubeurope.com\/@fr\/114936427821019037","error":""},"_links":{"self":[{"href":"https:\/\/www.europesays.com\/fr\/wp-json\/wp\/v2\/posts\/281840","targetHints":{"allow":["GET"]}}],"collection":[{"href":"https:\/\/www.europesays.com\/fr\/wp-json\/wp\/v2\/posts"}],"about":[{"href":"https:\/\/www.europesays.com\/fr\/wp-json\/wp\/v2\/types\/post"}],"author":[{"embeddable":true,"href":"https:\/\/www.europesays.com\/fr\/wp-json\/wp\/v2\/users\/2"}],"replies":[{"embeddable":true,"href":"https:\/\/www.europesays.com\/fr\/wp-json\/wp\/v2\/comments?post=281840"}],"version-history":[{"count":0,"href":"https:\/\/www.europesays.com\/fr\/wp-json\/wp\/v2\/posts\/281840\/revisions"}],"wp:featuredmedia":[{"embeddable":true,"href":"https:\/\/www.europesays.com\/fr\/wp-json\/wp\/v2\/media\/281841"}],"wp:attachment":[{"href":"https:\/\/www.europesays.com\/fr\/wp-json\/wp\/v2\/media?parent=281840"}],"wp:term":[{"taxonomy":"category","embeddable":true,"href":"https:\/\/www.europesays.com\/fr\/wp-json\/wp\/v2\/categories?post=281840"},{"taxonomy":"post_tag","embeddable":true,"href":"https:\/\/www.europesays.com\/fr\/wp-json\/wp\/v2\/tags?post=281840"}],"curies":[{"name":"wp","href":"https:\/\/api.w.org\/{rel}","templated":true}]}}