{"id":281846,"date":"2025-07-29T12:06:14","date_gmt":"2025-07-29T12:06:14","guid":{"rendered":"https:\/\/www.europesays.com\/fr\/281846\/"},"modified":"2025-07-29T12:06:14","modified_gmt":"2025-07-29T12:06:14","slug":"la-tour-dor-blanc-oeuvre-a-maturation-lente","status":"publish","type":"post","link":"https:\/\/www.europesays.com\/fr\/281846\/","title":{"rendered":"la Tour d\u2019or blanc, \u0153uvre \u00e0 maturation lente"},"content":{"rendered":"<p>C\u2019est une \u0153uvre qui \u00ab\u00a0scelle pour les d\u00e9cennies \u00e0 venir l\u2019histoire de la viticulture amboisienne, la notori\u00e9t\u00e9 du chenin, ainsi que le patrimoine viticole du Val de Loire\u00a0\u00bb. Les mots sont ceux de Matthieu Plou, pr\u00e9sident du Syndicat des vins d\u2019Amboise, prononc\u00e9s le 16\u00a0octobre 2021 \u00e0 l\u2019occasion de l\u2019inauguration de la Tour d\u2019or blanc, sculpture r\u00e9alis\u00e9e par Jean-Michel Othoniel en hommage au monde de la vigne local.<\/p>\n<p>\u00c0 14 m\u00e8tres de haut au milieu du rond-point<\/p>\n<p>Pr\u00e8s de quatre ans apr\u00e8s <a target=\"_self\" href=\"https:\/\/www.lanouvellerepublique.fr\/amboise\/amboise-la-tour-d-or-blanc-officiellement-inauguree\" rel=\"noopener\">son inauguration<\/a>, l\u2019\u0153uvre est aujourd\u2019hui int\u00e9gr\u00e9e au paysage amboisien, install\u00e9e au milieu du rond-point du quartier du Bout-des-Ponts. Compos\u00e9e de trois parties, elle mesure plus de 14\u00a0m de haut et p\u00e8se plus de 2,1 t. Elle est faite d\u2019acier, d\u2019aluminium anodis\u00e9, de verre souffl\u00e9 et de feuille d\u2019or. Ses m\u00e2ts\u00a0sont en acier peint, garnis de quatre ponts en aluminium peint, chacun \u00e9tant serti de dix perles en aluminium dor\u00e9 \u00e0 la feuille d\u2019or jaune&#8230;. <\/p>\n<p>    Cet article a \u00e9t\u00e9 tronqu\u00e9. Abonnez-vous pour lire l&rsquo;article complet sur notre site.<\/p>\n<p style=\"margin: 0 !important; padding: 0 !important; font-size: 12px !important;\">Cet article a \u00e9t\u00e9 tronqu\u00e9. Abonnez-vous pour lire l&rsquo;article complet.<\/p>\n<p>    <a href=\"https:\/\/www.lanouvellerepublique.fr\/abonnements\" style=\"display: inline-block; margin-top: 5px !important; padding: 6px 12px !important; background: #cb1c27; color: white; text-decoration: none; border-radius: 4px; font-size: 12px !important;\" target=\"_blank\" rel=\"noopener\"><br \/>\n      S&rsquo;abonner<br \/>\n    <\/a><\/p>\n","protected":false},"excerpt":{"rendered":"C\u2019est une \u0153uvre qui \u00ab\u00a0scelle pour les d\u00e9cennies \u00e0 venir l\u2019histoire de la viticulture amboisienne, la notori\u00e9t\u00e9 du&hellip;\n","protected":false},"author":2,"featured_media":281847,"comment_status":"","ping_status":"","sticky":false,"template":"","format":"standard","meta":{"footnotes":""},"categories":[1358],"tags":[1392,7502,1348,1384,1385,1386,58,59,1349,1011,27,1387,1393,2551,1352],"class_list":{"0":"post-281846","1":"post","2":"type-post","3":"status-publish","4":"format-standard","5":"has-post-thumbnail","7":"category-arts-et-design","8":"tag-a-la-une-local","9":"tag-amboise","10":"tag-arts","11":"tag-arts-and-design","12":"tag-arts-et-design","13":"tag-design","14":"tag-divertissement","15":"tag-entertainment","16":"tag-expositions","17":"tag-fr","18":"tag-france","19":"tag-indre-et-loire","20":"tag-loisirs","21":"tag-patrimoine","22":"tag-urbanisme"},"share_on_mastodon":{"url":"https:\/\/pubeurope.com\/@fr\/114936439362713297","error":""},"_links":{"self":[{"href":"https:\/\/www.europesays.com\/fr\/wp-json\/wp\/v2\/posts\/281846","targetHints":{"allow":["GET"]}}],"collection":[{"href":"https:\/\/www.europesays.com\/fr\/wp-json\/wp\/v2\/posts"}],"about":[{"href":"https:\/\/www.europesays.com\/fr\/wp-json\/wp\/v2\/types\/post"}],"author":[{"embeddable":true,"href":"https:\/\/www.europesays.com\/fr\/wp-json\/wp\/v2\/users\/2"}],"replies":[{"embeddable":true,"href":"https:\/\/www.europesays.com\/fr\/wp-json\/wp\/v2\/comments?post=281846"}],"version-history":[{"count":0,"href":"https:\/\/www.europesays.com\/fr\/wp-json\/wp\/v2\/posts\/281846\/revisions"}],"wp:featuredmedia":[{"embeddable":true,"href":"https:\/\/www.europesays.com\/fr\/wp-json\/wp\/v2\/media\/281847"}],"wp:attachment":[{"href":"https:\/\/www.europesays.com\/fr\/wp-json\/wp\/v2\/media?parent=281846"}],"wp:term":[{"taxonomy":"category","embeddable":true,"href":"https:\/\/www.europesays.com\/fr\/wp-json\/wp\/v2\/categories?post=281846"},{"taxonomy":"post_tag","embeddable":true,"href":"https:\/\/www.europesays.com\/fr\/wp-json\/wp\/v2\/tags?post=281846"}],"curies":[{"name":"wp","href":"https:\/\/api.w.org\/{rel}","templated":true}]}}