{"id":281848,"date":"2025-07-29T12:07:12","date_gmt":"2025-07-29T12:07:12","guid":{"rendered":"https:\/\/www.europesays.com\/fr\/281848\/"},"modified":"2025-07-29T12:07:12","modified_gmt":"2025-07-29T12:07:12","slug":"rombas-des-ateliers-creatifs-autour-du-livre-jeunesse-avec-lillustratrice-leonie-koelsch","status":"publish","type":"post","link":"https:\/\/www.europesays.com\/fr\/281848\/","title":{"rendered":"Rombas. Des ateliers cr\u00e9atifs autour du livre jeunesse avec l\u2019illustratrice L\u00e9onie Koelsch"},"content":{"rendered":"<p>La sixi\u00e8me \u00e9dition de <a href=\"https:\/\/www.republicain-lorrain.fr\/culture-loisirs\/2025\/06\/24\/un-programme-ludique-et-culturel-autour-du-livre-jeunesse\" target=\"_blank\" rel=\"nofollow noopener\">La Fabrique du livre jeunesse<\/a> se poursuit jusqu\u2019au 23 ao\u00fbt dans le r\u00e9seau des Biblioth\u00e8ques publiques du Grand Est. Il s\u2019agit d\u2019une op\u00e9ration de l\u2018\u00c9t\u00e9 culturel soutenue par le minist\u00e8re de la Culture : un programme pour imaginer, fabriquer, \u00e9crire et r\u00eaver aux c\u00f4t\u00e9s de 30 auteurs illustrateurs jeunesse, tous install\u00e9s en Grand Est ! <\/p>\n<p>La m\u00e9diath\u00e8que La Pl\u00e9iade de Rombas participe \u00e0 cette op\u00e9ration qui profitera aux enfants inscrits au centre a\u00e9r\u00e9 de La Maison de l\u2019enfance et au public de la m\u00e9diath\u00e8que. <\/p>\n<p>L\u2019illustratrice invit\u00e9e est L\u00e9onie Koelsch, elle est en r\u00e9sidence \u00e0 la m\u00e9diath\u00e8que \u00e0 partir de ce mardi 29 juillet et jusqu\u2019au vendredi 1er ao\u00fbt. Rencontre.<\/p>\n<blockquote class=\"question\"><p>L\u00e9onie quel est votre parcours professionnel ?<\/p><\/blockquote>\n<p>\u00ab J\u2019ai commenc\u00e9 par un BTS en graphisme, \u00e0 Illkirch. J\u2019ai ensuite continu\u00e9 ma formation dans d\u2019autres villes avant de finaliser mon apprentissage \u00e0 la Haute \u00e9cole des arts du Rhin de Strasbourg. Je suis aujourd\u2019hui graphiste et illustratrice. J\u2019\u00e9labore des images pour des commanditaires vari\u00e9s : presse, \u00e9dition, structures culturelles, associations, etc. J\u2019anime aussi des ateliers artistiques pour diff\u00e9rents publics. \u00bb<\/p>\n<blockquote class=\"question\"><p>Parlez-nous de La Fabrique du livre jeunesse\u2026<\/p><\/blockquote>\n<p>\u00ab C\u2019est un dispositif mis en place chaque \u00e9t\u00e9 par l\u2019association <a href=\"https:\/\/www.republicain-lorrain.fr\/education\/2025\/03\/25\/les-eleves-de-terminale-en-immersion-dans-l-univers-litteraire-de-leo-henry\" target=\"_blank\" rel=\"nofollow noopener\">Interbibly<\/a>. Elle fait appel \u00e0 des auteurs illustrateurs de la r\u00e9gion qui interviennent dans des biblioth\u00e8ques partenaires. Nous sommes en r\u00e9sidence pendant quatre jours dans une biblioth\u00e8que. \u00bb<\/p>\n<blockquote class=\"question\"><p>Qu\u2019en est-il de votre r\u00e9sidence \u00e0 Rombas ?<\/p><\/blockquote>\n<p>\u00ab Je suis \u00e0 Rombas jusqu\u2019au 1 er ao\u00fbt, j\u2019anime d\u2019abord des ateliers pour les enfants du centre a\u00e9r\u00e9, pendant trois jours. J\u2019accueille, sur ces trois jours, deux groupes d\u2019enfants, qui r\u00e9aliseront une fresque sur le th\u00e8me de la nature, \u00e0 partir de peinture et de papier d\u00e9coup\u00e9. Cette fresque sera ensuite install\u00e9e \u00e0 la m\u00e9diath\u00e8que. \u00bb<\/p>\n<p>  Au programme vendredi 1er ao\u00fbt<\/p>\n<p>La journ\u00e9e du 1 er ao\u00fbt, deux ateliers seront ouverts au public de la m\u00e9diath\u00e8que (en famille, \u00e0 partir de 3 ans, inscriptions au 03 87 67 09 23).<\/p>\n<p>\u2022 \u00c0 10 h, Les Petites peurs. Cet atelier est en lien avec l\u2019album que L\u00e9onie Koelsch a illustr\u00e9, Les Petites peurs du soir. \u00c0 l\u2019aide de pochoirs, les enfants s\u2019amuseront \u00e0 superposer formes et couleurs pour cr\u00e9er une image repr\u00e9sentant les petites peurs qui apparaissent au moment d\u2019aller dormir.<\/p>\n<p>\u2022 \u00c0 13 h 30, L\u2019architecture. \u00c0 partir de formes repr\u00e9sentant des \u00e9l\u00e9ments architecturaux, les enfants cr\u00e9eront des pochoirs pour imaginer un b\u00e2timent.<\/p>\n<p>Pour Marianne Verga-G\u00e9rard, la directrice de la m\u00e9diath\u00e8que La Pl\u00e9iade de Rombas, cette action est importante : \u00ab C\u2019est l\u2019occasion pour les enfants de rencontrer les gens qui font des livres \u00bb.<\/p>\n","protected":false},"excerpt":{"rendered":"La sixi\u00e8me \u00e9dition de La Fabrique du livre jeunesse se poursuit jusqu\u2019au 23 ao\u00fbt dans le r\u00e9seau des&hellip;\n","protected":false},"author":2,"featured_media":281849,"comment_status":"","ping_status":"","sticky":false,"template":"","format":"standard","meta":{"footnotes":""},"categories":[1357],"tags":[1379,20063,1687,58,5598,59,1011,27,1380,42124],"class_list":{"0":"post-281848","1":"post","2":"type-post","3":"status-publish","4":"format-standard","5":"has-post-thumbnail","7":"category-livres","8":"tag-books","9":"tag-cc-du-pays-orne-moselle-57b","10":"tag-culture-loisirs","11":"tag-divertissement","12":"tag-edition-metz-et-agglomeration","13":"tag-entertainment","14":"tag-fr","15":"tag-france","16":"tag-livres","17":"tag-rombas"},"share_on_mastodon":{"url":"https:\/\/pubeurope.com\/@fr\/114936443291451393","error":""},"_links":{"self":[{"href":"https:\/\/www.europesays.com\/fr\/wp-json\/wp\/v2\/posts\/281848","targetHints":{"allow":["GET"]}}],"collection":[{"href":"https:\/\/www.europesays.com\/fr\/wp-json\/wp\/v2\/posts"}],"about":[{"href":"https:\/\/www.europesays.com\/fr\/wp-json\/wp\/v2\/types\/post"}],"author":[{"embeddable":true,"href":"https:\/\/www.europesays.com\/fr\/wp-json\/wp\/v2\/users\/2"}],"replies":[{"embeddable":true,"href":"https:\/\/www.europesays.com\/fr\/wp-json\/wp\/v2\/comments?post=281848"}],"version-history":[{"count":0,"href":"https:\/\/www.europesays.com\/fr\/wp-json\/wp\/v2\/posts\/281848\/revisions"}],"wp:featuredmedia":[{"embeddable":true,"href":"https:\/\/www.europesays.com\/fr\/wp-json\/wp\/v2\/media\/281849"}],"wp:attachment":[{"href":"https:\/\/www.europesays.com\/fr\/wp-json\/wp\/v2\/media?parent=281848"}],"wp:term":[{"taxonomy":"category","embeddable":true,"href":"https:\/\/www.europesays.com\/fr\/wp-json\/wp\/v2\/categories?post=281848"},{"taxonomy":"post_tag","embeddable":true,"href":"https:\/\/www.europesays.com\/fr\/wp-json\/wp\/v2\/tags?post=281848"}],"curies":[{"name":"wp","href":"https:\/\/api.w.org\/{rel}","templated":true}]}}