{"id":281854,"date":"2025-07-29T12:11:10","date_gmt":"2025-07-29T12:11:10","guid":{"rendered":"https:\/\/www.europesays.com\/fr\/281854\/"},"modified":"2025-07-29T12:11:10","modified_gmt":"2025-07-29T12:11:10","slug":"la-tendance-tiktok-des-sun-tatoo-ou-burn-lines-inquiete-les-dermatologues","status":"publish","type":"post","link":"https:\/\/www.europesays.com\/fr\/281854\/","title":{"rendered":"la tendance Tiktok des \u00ab\u00a0Sun tatoo\u00a0\u00bb ou \u00ab\u00a0burn lines\u00a0\u00bb inqui\u00e8te les dermatologues"},"content":{"rendered":"<p>Plusieurs dermatologues s&rsquo;inqui\u00e8tent apr\u00e8s la multiplication de vid\u00e9os sur les r\u00e9seaux sociaux dans lesquelles des jeunes femmes exposent leurs coups de soleil. Cette tendance, appel\u00e9e sun tatoo ou burn lines, repr\u00e9sente un grand danger pour la sant\u00e9.<\/p>\n<p>Une nouvelle tendance sur les r\u00e9seaux sociaux fait peur aux <a href=\"https:\/\/rmc.bfmtv.com\/actualites\/societe\/sante\/cancer-de-la-peau-le-reflexe-creme-solaire-peine-a-s-imposer_AV-202507020612.html\" title=\"Cancer de la peau: le r\u00e9flexe cr\u00e8me solaire peine \u00e0 s\u2019imposer\" class=\"internal_link\" rel=\"nofollow noopener\" target=\"_blank\">professionnels de sant\u00e9<\/a>. Les vid\u00e9os publi\u00e9s sur Tiktok et Instagram avec les hashtags burn lines ou sun tatoo font des millions de vues. Le but: avoir les marques de bronzage, voire tr\u00e8s souvent de coup de soleil, les plus nettes et marqu\u00e9es possible du maillot de bain. Mais aussi des sortes de tatouages \u00e9ph\u00e9m\u00e8res, r\u00e9alis\u00e9s en couvrant certaines parties de la peau avec\u00a0de la cr\u00e8me solaire.<\/p>\n<p>\u00ab\u00a0Ce sont de r\u00e9elles br\u00fblures parce que le but est d&rsquo;avoir un contraste maximum avec la zone prot\u00e9g\u00e9e avec une grosse quantit\u00e9 de cr\u00e8me\u00a0\u00bb, alerte, sur RMC, la dermatologue Catherine Oliveres-Ghouti, membre du <a href=\"https:\/\/rmc.bfmtv.com\/actualites\/sciences-nature\/preparer-sa-peau-au-soleil-les-idees-recues-a-oublier_AN-202507090515.html\" title=\"\u201cPr\u00e9parer\u201d sa peau au soleil: les id\u00e9es re\u00e7ues \u00e0 oublier\" class=\"internal_link\" rel=\"nofollow noopener\" target=\"_blank\">syndicat national des dermatologues et v\u00e9n\u00e9r\u00e9ologues<\/a>. Une tendance qui met, le plus souvent, en sc\u00e8ne des jeunes femmes, souvent adolescentes.<\/p>\n<p>Des br\u00fblures au second degr\u00e9<\/p>\n<p>Pour arriver \u00e0 ce r\u00e9sultat, ces femmes sont pr\u00eates \u00e0 tout, m\u00eame \u00e0 se br\u00fbler la peau en s&rsquo;exposant au soleil sans protection. Chacune distille ses conseils pour y arriver. Pour l&rsquo;une, c&rsquo;est de \u00ab\u00a0l&rsquo;huile de carotte \u00e0 appliquer d\u00e8s maintenant\u00a0\u00bb. Une autre opte pour \u00ab\u00a0de l&rsquo;huile de Mono\u00ef\u00a0\u00bb et se r\u00e9jouit d&rsquo;avoir \u00ab\u00a0cram\u00e9\u00a0\u00bb et d&rsquo;avoir \u00ab\u00a0tellement mal\u00a0\u00bb.<\/p>\n<p><img decoding=\"async\" src=\"https:\/\/www.europesays.com\/fr\/wp-content\/uploads\/2025\/06\/principale-131_7.jpg\"  alt=\"3 questions pour comprendre : Le &quot;sun tattoo&quot;, nouvelle sottise des r\u00e9seaux sociaux - 29\/07\" title=\"3 questions pour comprendre : Le &quot;sun tattoo&quot;, nouvelle sottise des r\u00e9seaux sociaux - 29\/07\"\/>3 questions pour comprendre : Le \u00ab\u00a0sun tattoo\u00a0\u00bb, nouvelle sottise des r\u00e9seaux sociaux &#8211; 29\/07<\/p>\n<p>Ces huiles qui font \u00ab\u00a0frire\u00a0\u00bb permettent \u00ab\u00a0d&rsquo;avoir un contraste maximum\u00a0\u00bb, se d\u00e9sole Catherine Oliveres-Ghouti au micro d&rsquo;<a href=\"https:\/\/rmc.bfmtv.com\/replay-emissions\/apolline-matin\/\" target=\"_blank\" class=\"external_link\" rel=\"nofollow noopener\">Apolline Matin<\/a>. En cherchant sur Tiktok, la sp\u00e9cialiste est tomb\u00e9e sur des \u00ab\u00a0br\u00fblures au second degr\u00e9 avec des cloques\u00a0\u00bb.<\/p>\n<blockquote class=\"embed embed_quote\"><p>\u00ab\u00a0C&rsquo;est compl\u00e8tement inconscient. Les gens qui propagent sur Tiktok ce genre d&rsquo;id\u00e9e sont des criminels\u00a0\u00bb, insiste la sp\u00e9cialiste.<\/p><\/blockquote>\n<p>Cette tendance a pouss\u00e9 le ministre de la Sant\u00e9 Yannick Neuder \u00e0 r\u00e9aliser une vid\u00e9o sur les r\u00e9seaux sociaux pour alerter les jeunes femmes. \u00ab\u00a0Votre peau, c\u2019est votre vie, vous n\u2019en avez qu\u2019une, ne la sacrifiez pas pour 30 secondes de buzz\u00a0\u00bb, a-t-il notamment d\u00e9clar\u00e9.<\/p>\n<p>La dermatologue Catherine Oliveres-Ghouti parle d&rsquo;une tendance \u00ab\u00a0absolument d\u00e9l\u00e9t\u00e8re\u00a0\u00bb qui repr\u00e9sente \u00ab\u00a0un danger imm\u00e9diat car vous allez prendre un coup de soleil monstrueux\u00a0\u00bb, et \u00ab\u00a0\u00e0 terme vous avez un risque major\u00e9 d&rsquo;au moins 50% d&rsquo;avoir un cancer de la peau dans les 10 ou 12 ans \u00e0 venir\u00a0\u00bb. Selon Sant\u00e9 publique France, plus de 85% des cancers de la peau sont li\u00e9s \u00e0 une exposition excessive au soleil.<\/p>\n<blockquote class=\"embed embed_quote\"><p>\u00ab\u00a0Le m\u00e9lanome a tu\u00e9 2.800 personnes l&rsquo;ann\u00e9e derni\u00e8re, c&rsquo;est-\u00e0-dire autant que de gens sur la route\u00a0\u00bb, souligne la dermatologue.<\/p><\/blockquote>\n<p>Membre de la soci\u00e9t\u00e9 fran\u00e7aise de dermatologie, Eve Maubec met, elle aussi, en garde les plus jeunes sur les dangers de l&rsquo;exposition au soleil: \u00ab\u00a0L&rsquo;accumulation de ces expositions r\u00e9p\u00e9t\u00e9es est tr\u00e8s dangereuse. Si vous avez attrap\u00e9 cinq coups de soleil avant l&rsquo;\u00e2ge de 20 ans, vous augmentez vos risques de m\u00e9lanome de 80%.\u00a0\u00bb<\/p>\n<p>Pour \u00e9viter d&rsquo;augmenter ses risques de cancer de la peau, Catherine Oliveres-Ghouti conseille de \u00ab\u00a0se mettre \u00e0 l&rsquo;ombre d&rsquo;un toit\u00a0\u00bb quand c&rsquo;est possible. \u00ab\u00a0La cr\u00e8me entre 11 heures et 16 heures, \u00e7a ne sert \u00e0 rien, on n&rsquo;en met jamais assez\u00a0\u00bb, compl\u00e8te-t-elle. Cette derni\u00e8re ajoute \u00e9galement que les parasols sont pour la plupart \u00ab\u00a0absolument pas protecteurs\u00a0\u00bb.<\/p>\n<p>Juliette Penn et Tanguy Roman Clavelloux<\/p>\n","protected":false},"excerpt":{"rendered":"Plusieurs dermatologues s&rsquo;inqui\u00e8tent apr\u00e8s la multiplication de vid\u00e9os sur les r\u00e9seaux sociaux dans lesquelles des jeunes femmes exposent&hellip;\n","protected":false},"author":2,"featured_media":281855,"comment_status":"","ping_status":"","sticky":false,"template":"","format":"standard","meta":{"footnotes":""},"categories":[10],"tags":[1011,27,72,71],"class_list":{"0":"post-281854","1":"post","2":"type-post","3":"status-publish","4":"format-standard","5":"has-post-thumbnail","7":"category-sante","8":"tag-fr","9":"tag-france","10":"tag-health","11":"tag-sante"},"share_on_mastodon":{"url":"https:\/\/pubeurope.com\/@fr\/114936459092464553","error":""},"_links":{"self":[{"href":"https:\/\/www.europesays.com\/fr\/wp-json\/wp\/v2\/posts\/281854","targetHints":{"allow":["GET"]}}],"collection":[{"href":"https:\/\/www.europesays.com\/fr\/wp-json\/wp\/v2\/posts"}],"about":[{"href":"https:\/\/www.europesays.com\/fr\/wp-json\/wp\/v2\/types\/post"}],"author":[{"embeddable":true,"href":"https:\/\/www.europesays.com\/fr\/wp-json\/wp\/v2\/users\/2"}],"replies":[{"embeddable":true,"href":"https:\/\/www.europesays.com\/fr\/wp-json\/wp\/v2\/comments?post=281854"}],"version-history":[{"count":0,"href":"https:\/\/www.europesays.com\/fr\/wp-json\/wp\/v2\/posts\/281854\/revisions"}],"wp:featuredmedia":[{"embeddable":true,"href":"https:\/\/www.europesays.com\/fr\/wp-json\/wp\/v2\/media\/281855"}],"wp:attachment":[{"href":"https:\/\/www.europesays.com\/fr\/wp-json\/wp\/v2\/media?parent=281854"}],"wp:term":[{"taxonomy":"category","embeddable":true,"href":"https:\/\/www.europesays.com\/fr\/wp-json\/wp\/v2\/categories?post=281854"},{"taxonomy":"post_tag","embeddable":true,"href":"https:\/\/www.europesays.com\/fr\/wp-json\/wp\/v2\/tags?post=281854"}],"curies":[{"name":"wp","href":"https:\/\/api.w.org\/{rel}","templated":true}]}}