{"id":281858,"date":"2025-07-29T12:13:13","date_gmt":"2025-07-29T12:13:13","guid":{"rendered":"https:\/\/www.europesays.com\/fr\/281858\/"},"modified":"2025-07-29T12:13:13","modified_gmt":"2025-07-29T12:13:13","slug":"harry-et-meghan-ils-brisent-le-silence-apres-la-fin-de-leur-contrat-avec-netflix-mais-on-nest-pas-plus-avances","status":"publish","type":"post","link":"https:\/\/www.europesays.com\/fr\/281858\/","title":{"rendered":"Harry et Meghan : ils brisent le silence apr\u00e8s la fin de leur contrat avec Netflix, mais on n&rsquo;est pas plus avanc\u00e9s"},"content":{"rendered":"<p>En 2020, <a href=\"https:\/\/www.closermag.fr\/royautes\/harry-et-meghan-ont-fini-declipser-la-famille-royale-les-sussex-font-all-in-pour-se-reconcilier-3567603\" target=\"_blank\" rel=\"noopener\"><br \/>\nHarry et Meghan<\/a> avaient d\u00e9cid\u00e9 de d\u00e9m\u00e9nager aux Etats-Unis afin<br \/>\nde devenir financi\u00e8rement ind\u00e9pendants. Dans cette qu\u00eate<br \/>\nd\u2019ind\u00e9pendance, les parents d\u2019<a href=\"https:\/\/www.closermag.fr\/royautes\/archie-et-lilibet-seront-des-adultes-insupportables-et-cest-totalement-la-faute-de-meghan-markle-3557113\" target=\"_blank\" rel=\"noopener\">Archie<br \/>\net Lilibet<\/a> avaient sign\u00e9 un <strong>contrat avec<br \/>\nSpotify<\/strong> d\u2019une valeur d\u2019environ 17 millions<br \/>\nd\u2019euros et <strong>Netflix<\/strong>, d\u2019une valeur<br \/>\nd\u2019environ <strong>85 millions d\u2019euros<\/strong>. Si le contrat avec<br \/>\nSpotify s\u2019est termin\u00e9 de mani\u00e8re catastrophique, celui avec le<br \/>\ng\u00e9ant de streaming devrait prendre fin en septembre prochain.<\/p>\n<p>A l\u2019approche de cette <a href=\"https:\/\/www.closermag.fr\/royautes\/harry-et-meghan-la-debandade-des-sussex-avec-netflix-pourrait-augurer-du-pire-pour-buckingham-palace-3566984\" target=\"_blank\" rel=\"noopener\"><br \/>\nfin de contrat<\/a>, des sources de chez Netflix ont<br \/>\naffirm\u00e9 qu\u2019<strong>aucun renouvellement n\u2019\u00e9tait pr\u00e9vu<\/strong>.<br \/>\nCela apr\u00e8s les \u00e9checs d\u2019audience de la docu-s\u00e9rie <strong>With<br \/>\nLove, Meghan<\/strong>, de <strong>Meghan Markle<\/strong> et de<br \/>\n<strong>Polo<\/strong>, celui du <a href=\"https:\/\/www.closermag.fr\/royautes\/le-prince-harry-un-chauve-de-50-ans-fauche-lavenir-du-mari-de-meghan-markle-fait-peine-a-voir-3567203\" target=\"_blank\" rel=\"noopener\"><br \/>\nprince Harry<\/a>. Affirmant que \u00ab\u00a0les chiffres \u00e9taient<br \/>\nlamentables\u00a0\u00bb, un initi\u00e9 de chez Netflix a d\u00e9clar\u00e9 au<br \/>\nSun : \u00ab\u00a0Ils laissent le projet expirer<br \/>\n<strong>sans faire de scandale<\/strong>. Il n&rsquo;y a<br \/>\naucune envie de renouvellement\u00a0\u00bb.<\/p>\n<p><img loading=\"lazy\" decoding=\"async\" aria-describedby=\"caption-attachment-3499550\" itemprop=\"thumbnailUrl\" class=\"size-large wp-image-3499550 img-responsive\" src=\"https:\/\/www.europesays.com\/fr\/wp-content\/uploads\/2025\/07\/bestimage_00631890_000001-683x1024.jpg\" alt=\"Meghan Markle : \" s=\"\" du=\"\" prince=\"\" harry=\"\" elle=\"\" se=\"\" concentre=\"\" sur=\"\" ses=\"\" projets=\"\" futurs=\"\" width=\"683\" height=\"1024\"\/> \u00a9 Bestimage<\/p>\n<p id=\"caption-attachment-3499550\" class=\"wp-caption-text\">Apr\u00e8s<br \/>\ndes mois stressants, s\u00e9par\u00e9e de son mari, Meghan Markle n\u2019aurait<br \/>\nqu\u2019une chose en t\u00eate.<\/p>\n<p>Harry et Meghan : ils brisent enfin le silence !<\/p>\n<p>Face \u00e0 l\u2019effervescence autour de la fin du contrat de<br \/>\n<strong>Harry et Meghan<\/strong> avec Netflix, les<br \/>\nobservateurs royaux attendaient avec impatience les d\u00e9clarations du<br \/>\nduc et de la duchesse de Sussex. R\u00e9cemment, les parents du<br \/>\n<strong>prince Archie<\/strong> et de la <strong>princesse<br \/>\nLilibet<\/strong> ont enfin bris\u00e9 le silence sur leur site web.<br \/>\nSeulement, ils ont plut\u00f4t parl\u00e9 de l\u2019Intelligence Artificielle.<\/p>\n<blockquote class=\"twitter-tweet\"><p><a class=\"twitter-link\" rel=\"noindex, nofollow noopener\" href=\"https:\/\/twitter.com\/Olga03713154\/status\/1948792640981660133\" target=\"_blank\"><\/p><\/blockquote>\n<p>Vraisemblablement, le fils du <a href=\"https:\/\/www.closermag.fr\/royautes\/couronnement-de-charles-iii-ce-role-fou-mais-important-que-kate-middleton-a-joue-en-coulisses-3567680\" target=\"_blank\" rel=\"noopener\"><br \/>\nroi Charles III<\/a> et l\u2019ancienne actrice des<br \/>\n<strong>Suits<\/strong> \u00e9taient tr\u00e8s occup\u00e9s avec leur<br \/>\nfondation Archewell. Des travaux qui gravitent autour de <strong>la<br \/>\ns\u00e9curit\u00e9 des enfants en ligne<\/strong> par l\u2019IA. Dans une nouvelle<br \/>\nd\u00e9claration, <a href=\"https:\/\/www.closermag.fr\/royautes\/meghan-markle-cette-seance-de-mansplaining-infligee-par-harry-etait-passee-inapercue-3567417\" target=\"_blank\" rel=\"noopener\"><br \/>\nMeghan Markle<\/a> et <strong>le prince Harry<\/strong> ont soulign\u00e9<br \/>\nleur soutien aux b\u00e9n\u00e9ficiaires du Responsible Technology Youth<br \/>\nPower Fund qui ont contribu\u00e9 \u00e0 la suppression du moratoire de<br \/>\n10 ans sur l\u2019IA.<\/p>\n<p>Harry et Meghan : totalement investis<br \/>\ndans la protection des enfants en ligne !<\/p>\n<p>Comme l\u2019a rapport\u00e9 l\u2019Express, ce moratoire aurait priv\u00e9<br \/>\nles Etats de pouvoir agir sur l\u2019IA. Cela, par exemple, en<br \/>\nsupprimant <strong>les protections pour la s\u00e9curit\u00e9 des<br \/>\nenfants<\/strong> ainsi que la r\u00e9glementation sur <strong>les<br \/>\ndeepfakes<\/strong>. \u00ab\u00a0Le vote pour supprimer ce moratoire sur<br \/>\nl&rsquo;IA est un petit pas vers la s\u00e9curit\u00e9 de la technologie d\u00e8s la<br \/>\nconception\u00a0\u00bb, ont d\u00e9clar\u00e9 <strong>Harry et Meghan<\/strong> via<br \/>\nle site web de leur fondation.<\/p>\n<blockquote class=\"twitter-tweet\"><p><a class=\"twitter-link\" rel=\"noindex, nofollow noopener\" href=\"https:\/\/twitter.com\/expressceleb\/status\/1950112967791427734\" target=\"_blank\"><\/p><\/blockquote>\n<p>\u00ab\u00a0C&rsquo;est le d\u00e9but d&rsquo;un combat plus long pour garantir que<br \/>\n<strong>l&rsquo;IA reste s\u00fbre<\/strong> et innovante pour<br \/>\ntous et illustre le pouvoir des jeunes et leur d\u00e9termination \u00e0<br \/>\nfaire de notre monde en ligne un espace plus s\u00fbr et plus stimulant<br \/>\npour tous\u00a0\u00bb, ont-ils poursuivi. Une belle initiative, mais qui<br \/>\nne nous en dit pas plus concernant la fin de leur contrat avec<br \/>\nNetflix.<\/p>\n<p><script async src=\"https:\/\/platform.twitter.com\/widgets.js\" charset=\"utf-8\"><\/script><\/p>\n","protected":false},"excerpt":{"rendered":"En 2020, Harry et Meghan avaient d\u00e9cid\u00e9 de d\u00e9m\u00e9nager aux Etats-Unis afin de devenir financi\u00e8rement ind\u00e9pendants. Dans cette&hellip;\n","protected":false},"author":2,"featured_media":281859,"comment_status":"","ping_status":"","sticky":false,"template":"","format":"standard","meta":{"footnotes":""},"categories":[8],"tags":[548,58,59,1011,27,5171],"class_list":{"0":"post-281858","1":"post","2":"type-post","3":"status-publish","4":"format-standard","5":"has-post-thumbnail","7":"category-divertissement","8":"tag-article-simple","9":"tag-divertissement","10":"tag-entertainment","11":"tag-fr","12":"tag-france","13":"tag-harry-et-meghan"},"share_on_mastodon":{"url":"https:\/\/pubeurope.com\/@fr\/114936467157572562","error":""},"_links":{"self":[{"href":"https:\/\/www.europesays.com\/fr\/wp-json\/wp\/v2\/posts\/281858","targetHints":{"allow":["GET"]}}],"collection":[{"href":"https:\/\/www.europesays.com\/fr\/wp-json\/wp\/v2\/posts"}],"about":[{"href":"https:\/\/www.europesays.com\/fr\/wp-json\/wp\/v2\/types\/post"}],"author":[{"embeddable":true,"href":"https:\/\/www.europesays.com\/fr\/wp-json\/wp\/v2\/users\/2"}],"replies":[{"embeddable":true,"href":"https:\/\/www.europesays.com\/fr\/wp-json\/wp\/v2\/comments?post=281858"}],"version-history":[{"count":0,"href":"https:\/\/www.europesays.com\/fr\/wp-json\/wp\/v2\/posts\/281858\/revisions"}],"wp:featuredmedia":[{"embeddable":true,"href":"https:\/\/www.europesays.com\/fr\/wp-json\/wp\/v2\/media\/281859"}],"wp:attachment":[{"href":"https:\/\/www.europesays.com\/fr\/wp-json\/wp\/v2\/media?parent=281858"}],"wp:term":[{"taxonomy":"category","embeddable":true,"href":"https:\/\/www.europesays.com\/fr\/wp-json\/wp\/v2\/categories?post=281858"},{"taxonomy":"post_tag","embeddable":true,"href":"https:\/\/www.europesays.com\/fr\/wp-json\/wp\/v2\/tags?post=281858"}],"curies":[{"name":"wp","href":"https:\/\/api.w.org\/{rel}","templated":true}]}}