{"id":281872,"date":"2025-07-29T12:20:13","date_gmt":"2025-07-29T12:20:13","guid":{"rendered":"https:\/\/www.europesays.com\/fr\/281872\/"},"modified":"2025-07-29T12:20:13","modified_gmt":"2025-07-29T12:20:13","slug":"la-metropole-mise-sur-le-cadre-de-vie-pour-attirer-les-profils-qualifies","status":"publish","type":"post","link":"https:\/\/www.europesays.com\/fr\/281872\/","title":{"rendered":"la M\u00e9tropole mise sur le cadre de vie pour attirer les profils qualifi\u00e9s"},"content":{"rendered":"<p>Et si la qualit\u00e9 de vie devenait un levier de recrutement\u00a0? Pour r\u00e9pondre aux difficult\u00e9s que rencontrent les entreprises \u00e0 embaucher certains profils qualifi\u00e9s, Saint-\u00c9tienne M\u00e9tropole mise sur un nouvel argument\u00a0: le territoire lui-m\u00eame.<\/p>\n<p>Depuis le 7\u00a0juillet, la collectivit\u00e9 propose un outil digital baptis\u00e9 \u00ab\u00a0Vivre ici\u00a0\u00bb, destin\u00e9 \u00e0 accompagner les recruteurs dans la valorisation de leur environnement.<\/p>\n<p>  Un QR code pour aider les entreprises<\/p>\n<p>Pour vanter le cadre de vie st\u00e9phanois, les entreprises pourront int\u00e9grer directement un QR code dans les offres d\u2019emploi en ligne ou sur support imprim\u00e9. L\u2019objectif est clair\u00a0: permettre aux candidats de mieux se projeter dans une installation \u00e0 Saint-\u00c9tienne et faciliter ainsi leur d\u00e9cision.<\/p>\n<p>Le support met en lumi\u00e8re tout ce qui peut peser dans la balance pour un candidat\u00a0: logement, culture, transports, emploi du conjoint, scolarit\u00e9 des enfants\u2026<\/p>\n<p>  \u00ab\u00a0Notre territoire a de solides arguments \u00e0 faire valoir\u00a0\u00bb<\/p>\n<p>\u00ab\u00a0Notre territoire a de solides arguments \u00e0 faire valoir. Ce nouvel outil permet aux recruteurs de les mettre en avant facilement, pour accompagner l\u2019attractivit\u00e9 de leurs offres d\u2019emploi. C\u2019est une mani\u00e8re tr\u00e8s concr\u00e8te de soutenir leur strat\u00e9gie RH\u00a0\u00bb, souligne Nora Berroukeche, vice-pr\u00e9sidente en charge du d\u00e9veloppement \u00e9conomique.<\/p>\n<p>Ce nouveau dispositif s\u2019inscrit dans la d\u00e9marche \u00ab\u00a0Nouveau Monde\u00a0\u00bb, qui guide la politique de marketing territorial de la M\u00e9tropole. Celle-ci vise \u00e0 attirer \u00e0 la fois des \u00e9tudiants et des talents \u00e9conomiques. Un outil de plus pour faire de Saint-\u00c9tienne un territoire o\u00f9 il fait bon vivre\u2026 et travailler.<\/p>\n","protected":false},"excerpt":{"rendered":"Et si la qualit\u00e9 de vie devenait un levier de recrutement\u00a0? Pour r\u00e9pondre aux difficult\u00e9s que rencontrent les&hellip;\n","protected":false},"author":2,"featured_media":281873,"comment_status":"","ping_status":"","sticky":false,"template":"","format":"standard","meta":{"footnotes":""},"categories":[9653],"tags":[1111,11,2430,33,7539,341,1777,674,1011,27,12,25,4001,7538,801,216],"class_list":{"0":"post-281872","1":"post","2":"type-post","3":"status-publish","4":"format-standard","5":"has-post-thumbnail","7":"category-saint-etienne","8":"tag-actu","9":"tag-actualites","10":"tag-auvergne-rhone-alpes","11":"tag-economie","12":"tag-edition-loire-sud","13":"tag-emploi","14":"tag-eu","15":"tag-europe","16":"tag-fr","17":"tag-france","18":"tag-news","19":"tag-republique-francaise","20":"tag-saint-etienne","21":"tag-saint-etienne-ville","22":"tag-social","23":"tag-vie-des-entreprises"},"share_on_mastodon":{"url":"https:\/\/pubeurope.com\/@fr\/114936494373282052","error":""},"_links":{"self":[{"href":"https:\/\/www.europesays.com\/fr\/wp-json\/wp\/v2\/posts\/281872","targetHints":{"allow":["GET"]}}],"collection":[{"href":"https:\/\/www.europesays.com\/fr\/wp-json\/wp\/v2\/posts"}],"about":[{"href":"https:\/\/www.europesays.com\/fr\/wp-json\/wp\/v2\/types\/post"}],"author":[{"embeddable":true,"href":"https:\/\/www.europesays.com\/fr\/wp-json\/wp\/v2\/users\/2"}],"replies":[{"embeddable":true,"href":"https:\/\/www.europesays.com\/fr\/wp-json\/wp\/v2\/comments?post=281872"}],"version-history":[{"count":0,"href":"https:\/\/www.europesays.com\/fr\/wp-json\/wp\/v2\/posts\/281872\/revisions"}],"wp:featuredmedia":[{"embeddable":true,"href":"https:\/\/www.europesays.com\/fr\/wp-json\/wp\/v2\/media\/281873"}],"wp:attachment":[{"href":"https:\/\/www.europesays.com\/fr\/wp-json\/wp\/v2\/media?parent=281872"}],"wp:term":[{"taxonomy":"category","embeddable":true,"href":"https:\/\/www.europesays.com\/fr\/wp-json\/wp\/v2\/categories?post=281872"},{"taxonomy":"post_tag","embeddable":true,"href":"https:\/\/www.europesays.com\/fr\/wp-json\/wp\/v2\/tags?post=281872"}],"curies":[{"name":"wp","href":"https:\/\/api.w.org\/{rel}","templated":true}]}}