{"id":281891,"date":"2025-07-29T12:37:11","date_gmt":"2025-07-29T12:37:11","guid":{"rendered":"https:\/\/www.europesays.com\/fr\/281891\/"},"modified":"2025-07-29T12:37:11","modified_gmt":"2025-07-29T12:37:11","slug":"75-personnes-evacuees-dont-des-enfants-dun-periscolaire","status":"publish","type":"post","link":"https:\/\/www.europesays.com\/fr\/281891\/","title":{"rendered":"75 personnes \u00e9vacu\u00e9es dont des enfants d&rsquo;un p\u00e9riscolaire"},"content":{"rendered":"<p>Les pompiers sont intervenus en fin de matin\u00e9e pour une fuite de gaz \u00e0 Achenheim ce mardi 29 juillet.<\/p>\n<p>En tout, 75 personnes, dont 53 enfants d&rsquo;un centre p\u00e9riscolaire, ont \u00e9t\u00e9 \u00e9vacu\u00e9s. Trois habitants du quartier concern\u00e9 ont \u00e9t\u00e9 confin\u00e9s chez eux. C\u2019est une tractopelle qui a endommag\u00e9 une canalisation, route de Strasbourg, provoquant la fuite de gaz. GRDF a neutralis\u00e9 le probl\u00e8me sur cette canalisation dans la foul\u00e9e.<\/p>\n<p>L&rsquo;incident a n\u00e9cessit\u00e9 le d\u00e9ploiement de 27 pompiers.<\/p>\n","protected":false},"excerpt":{"rendered":"Les pompiers sont intervenus en fin de matin\u00e9e pour une fuite de gaz \u00e0 Achenheim ce mardi 29&hellip;\n","protected":false},"author":2,"featured_media":281892,"comment_status":"","ping_status":"","sticky":false,"template":"","format":"standard","meta":{"footnotes":""},"categories":[2820],"tags":[24061,1111,11,2880,1777,674,274,107,1011,27,775,12,25,640],"class_list":{"0":"post-281891","1":"post","2":"type-post","3":"status-publish","4":"format-standard","5":"has-post-thumbnail","7":"category-strasbourg","8":"tag-achenheim","9":"tag-actu","10":"tag-actualites","11":"tag-edition-strasbourg","12":"tag-eu","13":"tag-europe","14":"tag-faits-divers-justice","15":"tag-fil-info","16":"tag-fr","17":"tag-france","18":"tag-grand-est","19":"tag-news","20":"tag-republique-francaise","21":"tag-strasbourg"},"share_on_mastodon":{"url":"https:\/\/pubeurope.com\/@fr\/114936561267202048","error":""},"_links":{"self":[{"href":"https:\/\/www.europesays.com\/fr\/wp-json\/wp\/v2\/posts\/281891","targetHints":{"allow":["GET"]}}],"collection":[{"href":"https:\/\/www.europesays.com\/fr\/wp-json\/wp\/v2\/posts"}],"about":[{"href":"https:\/\/www.europesays.com\/fr\/wp-json\/wp\/v2\/types\/post"}],"author":[{"embeddable":true,"href":"https:\/\/www.europesays.com\/fr\/wp-json\/wp\/v2\/users\/2"}],"replies":[{"embeddable":true,"href":"https:\/\/www.europesays.com\/fr\/wp-json\/wp\/v2\/comments?post=281891"}],"version-history":[{"count":0,"href":"https:\/\/www.europesays.com\/fr\/wp-json\/wp\/v2\/posts\/281891\/revisions"}],"wp:featuredmedia":[{"embeddable":true,"href":"https:\/\/www.europesays.com\/fr\/wp-json\/wp\/v2\/media\/281892"}],"wp:attachment":[{"href":"https:\/\/www.europesays.com\/fr\/wp-json\/wp\/v2\/media?parent=281891"}],"wp:term":[{"taxonomy":"category","embeddable":true,"href":"https:\/\/www.europesays.com\/fr\/wp-json\/wp\/v2\/categories?post=281891"},{"taxonomy":"post_tag","embeddable":true,"href":"https:\/\/www.europesays.com\/fr\/wp-json\/wp\/v2\/tags?post=281891"}],"curies":[{"name":"wp","href":"https:\/\/api.w.org\/{rel}","templated":true}]}}