{"id":281915,"date":"2025-07-29T12:50:20","date_gmt":"2025-07-29T12:50:20","guid":{"rendered":"https:\/\/www.europesays.com\/fr\/281915\/"},"modified":"2025-07-29T12:50:20","modified_gmt":"2025-07-29T12:50:20","slug":"lom-casse-ses-prix-pour-son-premier-match-au-velodrome-les-places-senvolent-rapidement","status":"publish","type":"post","link":"https:\/\/www.europesays.com\/fr\/281915\/","title":{"rendered":"L&rsquo;OM casse ses prix pour son premier match au V\u00e9lodrome, les places s&rsquo;envolent rapidement"},"content":{"rendered":"<p>            Par<br \/>\n        <strong><br \/>\n            <a href=\"https:\/\/actu.fr\/auteur\/thomas-blanc\" title=\"Consulter tous les articles de Thomas Blanc\" target=\"_blank\" rel=\"noopener\">Thomas Blanc<\/a><br \/>\n        <\/strong><\/p>\n<p>        Publi\u00e9 le<\/p>\n<p>            29 juil. 2025 \u00e0 14h19        <\/p>\n<p>L\u2019<a href=\"https:\/\/actu.fr\/tag\/olympique-de-marseille-om\" target=\"_blank\" rel=\"noopener\">Olympique de Marseille<\/a> jouera son premier match au <a href=\"https:\/\/actu.fr\/tag\/stade-velodrome\" target=\"_blank\" rel=\"noopener\">stade V\u00e9lodrome<\/a> depuis la fin de la saison 2024-2025 ce samedi 02 ao\u00fbt. Pour l\u2019occasion, le club se montre <strong>super agressif<\/strong> sur les prix des places mis en vente.<\/p>\n<p class=\" wall-content\">La rencontre opposera l\u2019Olympique de Marseille au FC S\u00e9ville, \u00ab\u2009un match \u00e0 l\u2019<strong>avant-go\u00fbt d\u2019Europe\u2009<\/strong>\u00bb d\u2019apr\u00e8s le club et de nombreux supporters.<\/p>\n<p>50% de r\u00e9duction<\/p>\n<p class=\" wall-content\">Afin de garantir une grosse ambiance pour le retour de l\u2019OM au stade V\u00e9lodrome, le club met en place une \u00ab\u2009vente flash\u2009\u00bb valable deux jours seulement \u00e0 partir de ce mardi 29\u00a0juillet au matin, elle prendra fin ce jeudi \u00e0 10h.<\/p>\n<p class=\" wall-content\">\n<p class=\" wall-content\">Cette offre comprend la <strong>r\u00e9duction de -50%<\/strong> pour les places des cat\u00e9gories 1 \u00e0 9 des tribunes Ganay et Jean Bouin. Sont donc exclues les cat\u00e9gories 10 et Or et les virages du stade. Les prix se r\u00e9partissent ainsi sur <a href=\"https:\/\/billetterie.om.fr\/fr\/catalogue\/match-om-amical-1\" target=\"_blank\" rel=\"noopener\">la billetterie du club<\/a>\u2009:<\/p>\n<ul class=\" wall-content\">\n<li>10\u00a0euros pour une place en cat\u00e9gorie 9<\/li>\n<li>12,5 euros pour la cat\u00e9gorie 8<\/li>\n<li>15\u00a0euros pour la cat\u00e9gorie 7<\/li>\n<li>17,5 euros pour la cat\u00e9gorie 6<\/li>\n<li>20\u00a0euros pour la cat\u00e9gorie 5<\/li>\n<li>21\u00a0euros pour la cat\u00e9gorie 4<\/li>\n<li>24,5 euros pour la cat\u00e9gorie 3<\/li>\n<li>26\u00a0euros pour la cat\u00e9gorie 2<\/li>\n<li>29,5 euros pour la cat\u00e9gorie 1<\/li>\n<\/ul>\n<p class=\" wall-content\">Pour les places en cat\u00e9gorie Or qui ne font pas partie de l\u2019offre, les tickets sont \u00e0 partir de <strong>62\u00a0euros<\/strong>.<\/p>\n<p class=\" wall-content\">Dans les virages, qui ne font pas partie de cette vente flash, il reste de nombreuses places disponibles \u00e0 la vente et les prix les plus bas sont \u00e0 <strong>12\u00a0euros<\/strong>.<\/p>\n<p class=\" wall-content\">Suivez toute l\u2019actualit\u00e9 de vos villes et m\u00e9dias favoris en vous inscrivant \u00e0 <a href=\"https:\/\/moncompte.actu.fr\" title=\"D\u00e9couvez Mon Actu\" rel=\"nofollow noopener\" data-trk=\"{&quot;cta&quot;:{&quot;action&quot;:&quot;https:\\\/\\\/moncompte.actu.fr&quot;,&quot;category&quot;:&quot;mon compte&quot;,&quot;from&quot;:&quot;article footer&quot;,&quot;name&quot;:&quot;Mon actu&quot;,&quot;type&quot;:&quot;cta&quot;}}\" target=\"_blank\">Mon Actu<\/a>.<\/p>\n<ul class=\"ac-article-tag wall-content\">\n<li><a href=\"https:\/\/actu.fr\/tag\/olympique-de-marseille-om\" data-trk=\"{&quot;cta&quot;:{&quot;action&quot;:&quot;Olympique de Marseille (OM)&quot;,&quot;category&quot;:&quot;tag&quot;,&quot;from&quot;:&quot;article footer&quot;,&quot;name&quot;:&quot;Olympique de Marseille (OM)&quot;,&quot;type&quot;:&quot;cta&quot;}}\" target=\"_blank\" rel=\"noopener\">#Olympique de Marseille (OM)<\/a><\/li>\n<li><a href=\"https:\/\/actu.fr\/tag\/stade-velodrome\" data-trk=\"{&quot;cta&quot;:{&quot;action&quot;:&quot;Stade V\\u00e9lodrome&quot;,&quot;category&quot;:&quot;tag&quot;,&quot;from&quot;:&quot;article footer&quot;,&quot;name&quot;:&quot;Stade V\\u00e9lodrome&quot;,&quot;type&quot;:&quot;cta&quot;}}\" target=\"_blank\" rel=\"noopener\">#Stade V\u00e9lodrome<\/a><\/li>\n<\/ul>\n","protected":false},"excerpt":{"rendered":"Par Thomas Blanc Publi\u00e9 le 29 juil. 2025 \u00e0 14h19 L\u2019Olympique de Marseille jouera son premier match au&hellip;\n","protected":false},"author":2,"featured_media":108540,"comment_status":"","ping_status":"","sticky":false,"template":"","format":"standard","meta":{"footnotes":""},"categories":[2814],"tags":[1111,11,1777,674,1011,27,884,12,2333,882,25,104,1280],"class_list":{"0":"post-281915","1":"post","2":"type-post","3":"status-publish","4":"format-standard","5":"has-post-thumbnail","7":"category-marseille","8":"tag-actu","9":"tag-actualites","10":"tag-eu","11":"tag-europe","12":"tag-fr","13":"tag-france","14":"tag-marseille","15":"tag-news","16":"tag-olympique-de-marseille-om","17":"tag-provence-alpes-cote-dazur","18":"tag-republique-francaise","19":"tag-societe","20":"tag-stade-velodrome"},"share_on_mastodon":{"url":"https:\/\/pubeurope.com\/@fr\/114936612372981080","error":""},"_links":{"self":[{"href":"https:\/\/www.europesays.com\/fr\/wp-json\/wp\/v2\/posts\/281915","targetHints":{"allow":["GET"]}}],"collection":[{"href":"https:\/\/www.europesays.com\/fr\/wp-json\/wp\/v2\/posts"}],"about":[{"href":"https:\/\/www.europesays.com\/fr\/wp-json\/wp\/v2\/types\/post"}],"author":[{"embeddable":true,"href":"https:\/\/www.europesays.com\/fr\/wp-json\/wp\/v2\/users\/2"}],"replies":[{"embeddable":true,"href":"https:\/\/www.europesays.com\/fr\/wp-json\/wp\/v2\/comments?post=281915"}],"version-history":[{"count":0,"href":"https:\/\/www.europesays.com\/fr\/wp-json\/wp\/v2\/posts\/281915\/revisions"}],"wp:featuredmedia":[{"embeddable":true,"href":"https:\/\/www.europesays.com\/fr\/wp-json\/wp\/v2\/media\/108540"}],"wp:attachment":[{"href":"https:\/\/www.europesays.com\/fr\/wp-json\/wp\/v2\/media?parent=281915"}],"wp:term":[{"taxonomy":"category","embeddable":true,"href":"https:\/\/www.europesays.com\/fr\/wp-json\/wp\/v2\/categories?post=281915"},{"taxonomy":"post_tag","embeddable":true,"href":"https:\/\/www.europesays.com\/fr\/wp-json\/wp\/v2\/tags?post=281915"}],"curies":[{"name":"wp","href":"https:\/\/api.w.org\/{rel}","templated":true}]}}