{"id":281916,"date":"2025-07-29T12:51:11","date_gmt":"2025-07-29T12:51:11","guid":{"rendered":"https:\/\/www.europesays.com\/fr\/281916\/"},"modified":"2025-07-29T12:51:11","modified_gmt":"2025-07-29T12:51:11","slug":"le-camion-est-en-cours-de-relevage","status":"publish","type":"post","link":"https:\/\/www.europesays.com\/fr\/281916\/","title":{"rendered":"le camion est en cours de relevage"},"content":{"rendered":"<p>Une trentaine de sapeurs-pompiers sont mobilis\u00e9s sur cette intervention. Les \u00e9quipes ont acc\u00e9d\u00e9 au lieu de l&rsquo;accident gr\u00e2ce \u00e0 une proc\u00e9dure sp\u00e9cifique en lien avec la gendarmerie nationale. Ainsi les secours ont remont\u00e9 les voies \u00e0 contre sens depuis le p\u00e9age de Valence sud.<\/p>\n<p>Les bless\u00e9s, tous l\u00e9gers, ont \u00e9t\u00e9 transport\u00e9s au centre hospitalier de Mont\u00e9limar.<\/p>\n<p>Une fuite de carburant<\/p>\n<p>Apr\u00e8s l&rsquo;accident une importante fuite de carburant a \u00e9t\u00e9 d\u00e9tect\u00e9e au niveau des r\u00e9servoirs du poids lourd. Les sapeurs-pompiers ont proc\u00e9d\u00e9 \u00e0 son obturation avant de permettre au d\u00e9panneur de proc\u00e9der aux op\u00e9rations de relevage. Les \u00e9quipes de Vinci Autoroutes vont ensuite proc\u00e9der au nettoyage de la chauss\u00e9e.<\/p>\n","protected":false},"excerpt":{"rendered":"Une trentaine de sapeurs-pompiers sont mobilis\u00e9s sur cette intervention. Les \u00e9quipes ont acc\u00e9d\u00e9 au lieu de l&rsquo;accident gr\u00e2ce&hellip;\n","protected":false},"author":2,"featured_media":281917,"comment_status":"","ping_status":"","sticky":false,"template":"","format":"standard","meta":{"footnotes":""},"categories":[1889],"tags":[119,1111,11,4646,2430,42119,3542,2730,3827,4645,6436,3859,111,1777,674,274,107,1011,27,2679,108,2428,12,25,2803,4520],"class_list":{"0":"post-281916","1":"post","2":"type-post","3":"status-publish","4":"format-standard","5":"has-post-thumbnail","7":"category-lyon","8":"tag-accident","9":"tag-actu","10":"tag-actualites","11":"tag-ardeche","12":"tag-auvergne-rhone-alpes","13":"tag-chateauneuf-du-rhone","14":"tag-circulation","15":"tag-drome","16":"tag-edition-annonay-nord-ardeche","17":"tag-edition-aubenas-privas-vallee-du-rhone","18":"tag-edition-montelimar-drome-provencale","19":"tag-edition-provencale","20":"tag-edition-vienne-roussillon","21":"tag-eu","22":"tag-europe","23":"tag-faits-divers-justice","24":"tag-fil-info","25":"tag-fr","26":"tag-france","27":"tag-gard","28":"tag-isere","29":"tag-lyon","30":"tag-news","31":"tag-republique-francaise","32":"tag-transport","33":"tag-vaucluse"},"share_on_mastodon":{"url":"https:\/\/pubeurope.com\/@fr\/114936616397490280","error":""},"_links":{"self":[{"href":"https:\/\/www.europesays.com\/fr\/wp-json\/wp\/v2\/posts\/281916","targetHints":{"allow":["GET"]}}],"collection":[{"href":"https:\/\/www.europesays.com\/fr\/wp-json\/wp\/v2\/posts"}],"about":[{"href":"https:\/\/www.europesays.com\/fr\/wp-json\/wp\/v2\/types\/post"}],"author":[{"embeddable":true,"href":"https:\/\/www.europesays.com\/fr\/wp-json\/wp\/v2\/users\/2"}],"replies":[{"embeddable":true,"href":"https:\/\/www.europesays.com\/fr\/wp-json\/wp\/v2\/comments?post=281916"}],"version-history":[{"count":0,"href":"https:\/\/www.europesays.com\/fr\/wp-json\/wp\/v2\/posts\/281916\/revisions"}],"wp:featuredmedia":[{"embeddable":true,"href":"https:\/\/www.europesays.com\/fr\/wp-json\/wp\/v2\/media\/281917"}],"wp:attachment":[{"href":"https:\/\/www.europesays.com\/fr\/wp-json\/wp\/v2\/media?parent=281916"}],"wp:term":[{"taxonomy":"category","embeddable":true,"href":"https:\/\/www.europesays.com\/fr\/wp-json\/wp\/v2\/categories?post=281916"},{"taxonomy":"post_tag","embeddable":true,"href":"https:\/\/www.europesays.com\/fr\/wp-json\/wp\/v2\/tags?post=281916"}],"curies":[{"name":"wp","href":"https:\/\/api.w.org\/{rel}","templated":true}]}}