{"id":281918,"date":"2025-07-29T12:52:12","date_gmt":"2025-07-29T12:52:12","guid":{"rendered":"https:\/\/www.europesays.com\/fr\/281918\/"},"modified":"2025-07-29T12:52:12","modified_gmt":"2025-07-29T12:52:12","slug":"lacces-au-service-velov-perturbe-par-un-incident-de-nombreuses-stations-touchees","status":"publish","type":"post","link":"https:\/\/www.europesays.com\/fr\/281918\/","title":{"rendered":"l\u2019acc\u00e8s au service V\u00e9lo\u2019v perturb\u00e9 par un incident, de nombreuses stations touch\u00e9es"},"content":{"rendered":"<p>Une panne touche ce mardi matin le service V\u00e9lo\u2019v dans toute la M\u00e9tropole de Lyon. L\u2019application permettant de d\u00e9bloquer un v\u00e9lo indique \u00e0 son ouverture un message. \u00ab\u00a0Un incident chez l\u2019op\u00e9rateur Vodafone perturbe actuellement l\u2019acc\u00e8s au service. Nos \u00e9quipes sont pleinement mobilis\u00e9es pour le r\u00e9soudre au plus vite. Nous vous prions de nous excuser pour la g\u00eane occasionn\u00e9e\u00a0\u00bb, peut-on lire.<\/p>\n<p>La carte de l\u2019application montre en effet de nombreuses stations indisponibles. On ignore pour le moment la dur\u00e9e de cet incident et l\u2019heure \u00e0 laquelle le service reprendra normalement. Ce couac arrive alors que la M\u00e9tropole de Lyon et JCDecaux ont annonc\u00e9 ce lundi avoir franchi <a href=\"https:\/\/www.lyonmag.com\/article\/145620\/lyon-tout-roule-pour-velo-v-ou-presque\" target=\"_blank\" rel=\"noopener nofollow\">le cap des 100 000 abonn\u00e9s<\/a>.<\/p>\n<p><img loading=\"lazy\" decoding=\"async\" style=\"display: block; margin-left: auto; margin-right: auto;\" src=\"https:\/\/www.europesays.com\/fr\/wp-content\/uploads\/2025\/07\/velov-carte-31277.jpg\" alt=\"\" width=\"300\" height=\"600\"\/><\/p>\n","protected":false},"excerpt":{"rendered":"Une panne touche ce mardi matin le service V\u00e9lo\u2019v dans toute la M\u00e9tropole de Lyon. L\u2019application permettant de&hellip;\n","protected":false},"author":2,"featured_media":281919,"comment_status":"","ping_status":"","sticky":false,"template":"","format":"standard","meta":{"footnotes":""},"categories":[1889],"tags":[1111,11,2813,2190,2430,1109,251,1112,2811,1777,674,118,1011,27,1922,1110,1114,2428,2810,12,241,316,25,2812,517,800],"class_list":{"0":"post-281918","1":"post","2":"type-post","3":"status-publish","4":"format-standard","5":"has-post-thumbnail","7":"category-lyon","8":"tag-actu","9":"tag-actualites","10":"tag-article","11":"tag-asvel","12":"tag-auvergne-rhone-alpes","13":"tag-breves","14":"tag-culture","15":"tag-depeches","16":"tag-economique","17":"tag-eu","18":"tag-europe","19":"tag-faits-divers","20":"tag-fr","21":"tag-france","22":"tag-info","23":"tag-informations","24":"tag-infos","25":"tag-lyon","26":"tag-lyonmag","27":"tag-news","28":"tag-ol","29":"tag-politique","30":"tag-republique-francaise","31":"tag-sociale","32":"tag-sport","33":"tag-transports"},"share_on_mastodon":{"url":"https:\/\/pubeurope.com\/@fr\/114936620200745021","error":""},"_links":{"self":[{"href":"https:\/\/www.europesays.com\/fr\/wp-json\/wp\/v2\/posts\/281918","targetHints":{"allow":["GET"]}}],"collection":[{"href":"https:\/\/www.europesays.com\/fr\/wp-json\/wp\/v2\/posts"}],"about":[{"href":"https:\/\/www.europesays.com\/fr\/wp-json\/wp\/v2\/types\/post"}],"author":[{"embeddable":true,"href":"https:\/\/www.europesays.com\/fr\/wp-json\/wp\/v2\/users\/2"}],"replies":[{"embeddable":true,"href":"https:\/\/www.europesays.com\/fr\/wp-json\/wp\/v2\/comments?post=281918"}],"version-history":[{"count":0,"href":"https:\/\/www.europesays.com\/fr\/wp-json\/wp\/v2\/posts\/281918\/revisions"}],"wp:featuredmedia":[{"embeddable":true,"href":"https:\/\/www.europesays.com\/fr\/wp-json\/wp\/v2\/media\/281919"}],"wp:attachment":[{"href":"https:\/\/www.europesays.com\/fr\/wp-json\/wp\/v2\/media?parent=281918"}],"wp:term":[{"taxonomy":"category","embeddable":true,"href":"https:\/\/www.europesays.com\/fr\/wp-json\/wp\/v2\/categories?post=281918"},{"taxonomy":"post_tag","embeddable":true,"href":"https:\/\/www.europesays.com\/fr\/wp-json\/wp\/v2\/tags?post=281918"}],"curies":[{"name":"wp","href":"https:\/\/api.w.org\/{rel}","templated":true}]}}