{"id":281926,"date":"2025-07-29T12:57:10","date_gmt":"2025-07-29T12:57:10","guid":{"rendered":"https:\/\/www.europesays.com\/fr\/281926\/"},"modified":"2025-07-29T12:57:10","modified_gmt":"2025-07-29T12:57:10","slug":"paris-dans-le-xixe-cette-bibliotheque-mobile-amene-le-livre-vers-lenfant","status":"publish","type":"post","link":"https:\/\/www.europesays.com\/fr\/281926\/","title":{"rendered":"Paris : dans le XIXe, cette biblioth\u00e8que mobile am\u00e8ne \u00ab le livre vers l\u2019enfant \u00bb"},"content":{"rendered":"<p class=\"paragraph text_align_left lp-f-body-02\">C\u2019est une sorte de fleur g\u00e9ante install\u00e9e sur <a href=\"https:\/\/www.leparisien.fr\/paris-75\/ca-part-en-vrille-dans-le-quartier-rosa-parks-a-paris-les-toxicomanes-plus-nombreux-et-agressifs-12-10-2023-TLJTMOXOXJC6FBW2ILUWPDZ5BY.php\" target=\"_blank\" rel=\"noreferrer nofollow noopener\">l\u2019esplanade Rosa-Parks<\/a> (XIXe), dont les p\u00e9tales sont des hamacs. D\u00e8s 11 heures du matin, certains de ces hamacs sont d\u2019ailleurs d\u00e9j\u00e0 pris d\u2019assaut. Confortablement install\u00e9s, deux gar\u00e7ons d\u00e9vorent des mangas en se balan\u00e7ant, pendant qu\u2019une petite fille tente de se glisser elle aussi dans une toile orange. <\/p>\n<p class=\"paragraph text_align_left lp-f-body-02\">Pr\u00e8s de la station de RER, des passants curieux observent l\u2019installation color\u00e9e : un triporteur dont l\u2019arri\u00e8re est un kiosque \u00e0 livres. Sa mission : faire venir la lecture dans des quartiers de la capitale o\u00f9 les livres ne sont pas une \u00e9vidence. <\/p>\n","protected":false},"excerpt":{"rendered":"C\u2019est une sorte de fleur g\u00e9ante install\u00e9e sur l\u2019esplanade Rosa-Parks (XIXe), dont les p\u00e9tales sont des hamacs. D\u00e8s&hellip;\n","protected":false},"author":2,"featured_media":281927,"comment_status":"","ping_status":"","sticky":false,"template":"","format":"standard","meta":{"footnotes":""},"categories":[1888],"tags":[11,872,1777,674,1011,27,1944,12,626,25],"class_list":{"0":"post-281926","1":"post","2":"type-post","3":"status-publish","4":"format-standard","5":"has-post-thumbnail","7":"category-paris","8":"tag-actualites","9":"tag-culture-et-loisirs","10":"tag-eu","11":"tag-europe","12":"tag-fr","13":"tag-france","14":"tag-ma-ville","15":"tag-news","16":"tag-paris","17":"tag-republique-francaise"},"share_on_mastodon":{"url":"https:\/\/pubeurope.com\/@fr\/114936640050404454","error":""},"_links":{"self":[{"href":"https:\/\/www.europesays.com\/fr\/wp-json\/wp\/v2\/posts\/281926","targetHints":{"allow":["GET"]}}],"collection":[{"href":"https:\/\/www.europesays.com\/fr\/wp-json\/wp\/v2\/posts"}],"about":[{"href":"https:\/\/www.europesays.com\/fr\/wp-json\/wp\/v2\/types\/post"}],"author":[{"embeddable":true,"href":"https:\/\/www.europesays.com\/fr\/wp-json\/wp\/v2\/users\/2"}],"replies":[{"embeddable":true,"href":"https:\/\/www.europesays.com\/fr\/wp-json\/wp\/v2\/comments?post=281926"}],"version-history":[{"count":0,"href":"https:\/\/www.europesays.com\/fr\/wp-json\/wp\/v2\/posts\/281926\/revisions"}],"wp:featuredmedia":[{"embeddable":true,"href":"https:\/\/www.europesays.com\/fr\/wp-json\/wp\/v2\/media\/281927"}],"wp:attachment":[{"href":"https:\/\/www.europesays.com\/fr\/wp-json\/wp\/v2\/media?parent=281926"}],"wp:term":[{"taxonomy":"category","embeddable":true,"href":"https:\/\/www.europesays.com\/fr\/wp-json\/wp\/v2\/categories?post=281926"},{"taxonomy":"post_tag","embeddable":true,"href":"https:\/\/www.europesays.com\/fr\/wp-json\/wp\/v2\/tags?post=281926"}],"curies":[{"name":"wp","href":"https:\/\/api.w.org\/{rel}","templated":true}]}}