{"id":281928,"date":"2025-07-29T12:58:15","date_gmt":"2025-07-29T12:58:15","guid":{"rendered":"https:\/\/www.europesays.com\/fr\/281928\/"},"modified":"2025-07-29T12:58:15","modified_gmt":"2025-07-29T12:58:15","slug":"paris-un-homme-sourd-muet-indique-avoir-ete-victime-dun-viol-en-pleine-rue-un-suspect-interpelle","status":"publish","type":"post","link":"https:\/\/www.europesays.com\/fr\/281928\/","title":{"rendered":"Paris\u00a0: un homme sourd-muet indique avoir \u00e9t\u00e9 victime d\u2019un viol en pleine rue, un suspect interpell\u00e9"},"content":{"rendered":"<p class=\"paragraph text_align_left lp-f-body-02\">C\u2019est un acte odieux qui se serait d\u00e9roul\u00e9 ce lundi 28 juillet dans la capitale. Selon nos informations, un homme a \u00e9t\u00e9 interpell\u00e9 hier apr\u00e8s-midi dans le <a href=\"https:\/\/www.leparisien.fr\/paris-75\/paris-75013\/\" target=\"_blank\" rel=\"noreferrer nofollow noopener\">XIIIe arrondissement de Paris<\/a>, soup\u00e7onn\u00e9 d\u2019avoir viol\u00e9 une personne vuln\u00e9rable, puis de lui avoir vol\u00e9 son t\u00e9l\u00e9phone portable.<\/p>\n<p class=\"paragraph text_align_left lp-f-body-02\">Les faits se seraient d\u00e9roul\u00e9s aux alentours de 14h45, avenue de France, une art\u00e8re fr\u00e9quent\u00e9e du XIIIe arrondissement, situ\u00e9e aux abords de la <a href=\"https:\/\/www.leparisien.fr\/paris-75\/paris-a-la-bnf-les-petites-mains-du-mastodonte-des-bibliotheques-inquietes-de-leur-sort-07-06-2025-KSZBNCALC5GNRDOC7FKTURHL5A.php\" target=\"_blank\" rel=\"noreferrer nofollow noopener\">biblioth\u00e8que Fran\u00e7ois Mitterrand<\/a> et connue pour ses nombreux restaurants et commerces. D\u2019apr\u00e8s une source polici\u00e8re, la victime, un homme sans domicile fixe n\u00e9 en 2000, s\u2019est pr\u00e9sent\u00e9e dans un \u00e9tablissement de restauration pour demander de l\u2019aide et alerter les employ\u00e9s de ce qu\u2019elle venait de subir.<\/p>\n<p>Appr\u00e9hend\u00e9 dans le quartier par la police<\/p>\n<p class=\"paragraph text_align_left lp-f-body-02\">Selon le g\u00e9rant de l\u2019\u00e9tablissement en question, l\u2019homme en d\u00e9tresse \u00e9tant sourd et muet aurait fait part de son t\u00e9moignage aux employ\u00e9s pr\u00e9sents sur les lieux en l\u2019\u00e9crivant sur une feuille de papier. D\u2019apr\u00e8s la victime, son agresseur lui aurait impos\u00e9 une sodomie <a href=\"https:\/\/www.leparisien.fr\/paris-75\/paris-un-homme-tente-de-violer-une-femme-en-pleine-rue-dans-le-xve-arrondissement-21-05-2025-KVKGYIAG3NB5XGQXT4YGZPMWYM.php\" target=\"_blank\" rel=\"noreferrer nofollow noopener\">en pleine rue<\/a>, avant de s\u2019emparer de son t\u00e9l\u00e9phone portable et de prendre la fuite \u00e0 pied. Gr\u00e2ce \u00e0 la description fournie par la victime, les forces de l\u2019ordre ont rapidement appr\u00e9hend\u00e9 l\u2019individu dans le m\u00eame quartier.<\/p>\n<p class=\"paragraph text_align_left lp-f-body-02\">Le mis en cause, connu des services de police pour des faits d\u2019autre nature, a \u00e9t\u00e9 plac\u00e9 en garde \u00e0 vue. Le parquet de Paris confirme de son c\u00f4t\u00e9 qu\u2019une enqu\u00eate a \u00e9t\u00e9 ouverte et confi\u00e9e au 3e district de police judiciaire. Les investigations se poursuivent afin de d\u00e9terminer les circonstances exactes de cette agression et d\u2019\u00e9tablir les responsabilit\u00e9s.<\/p>\n","protected":false},"excerpt":{"rendered":"C\u2019est un acte odieux qui se serait d\u00e9roul\u00e9 ce lundi 28 juillet dans la capitale. Selon nos informations,&hellip;\n","protected":false},"author":2,"featured_media":281929,"comment_status":"","ping_status":"","sticky":false,"template":"","format":"standard","meta":{"footnotes":""},"categories":[1888],"tags":[11,1777,674,1011,27,1944,12,626,25],"class_list":{"0":"post-281928","1":"post","2":"type-post","3":"status-publish","4":"format-standard","5":"has-post-thumbnail","7":"category-paris","8":"tag-actualites","9":"tag-eu","10":"tag-europe","11":"tag-fr","12":"tag-france","13":"tag-ma-ville","14":"tag-news","15":"tag-paris","16":"tag-republique-francaise"},"share_on_mastodon":{"url":"https:\/\/pubeurope.com\/@fr\/114936643789757898","error":""},"_links":{"self":[{"href":"https:\/\/www.europesays.com\/fr\/wp-json\/wp\/v2\/posts\/281928","targetHints":{"allow":["GET"]}}],"collection":[{"href":"https:\/\/www.europesays.com\/fr\/wp-json\/wp\/v2\/posts"}],"about":[{"href":"https:\/\/www.europesays.com\/fr\/wp-json\/wp\/v2\/types\/post"}],"author":[{"embeddable":true,"href":"https:\/\/www.europesays.com\/fr\/wp-json\/wp\/v2\/users\/2"}],"replies":[{"embeddable":true,"href":"https:\/\/www.europesays.com\/fr\/wp-json\/wp\/v2\/comments?post=281928"}],"version-history":[{"count":0,"href":"https:\/\/www.europesays.com\/fr\/wp-json\/wp\/v2\/posts\/281928\/revisions"}],"wp:featuredmedia":[{"embeddable":true,"href":"https:\/\/www.europesays.com\/fr\/wp-json\/wp\/v2\/media\/281929"}],"wp:attachment":[{"href":"https:\/\/www.europesays.com\/fr\/wp-json\/wp\/v2\/media?parent=281928"}],"wp:term":[{"taxonomy":"category","embeddable":true,"href":"https:\/\/www.europesays.com\/fr\/wp-json\/wp\/v2\/categories?post=281928"},{"taxonomy":"post_tag","embeddable":true,"href":"https:\/\/www.europesays.com\/fr\/wp-json\/wp\/v2\/tags?post=281928"}],"curies":[{"name":"wp","href":"https:\/\/api.w.org\/{rel}","templated":true}]}}