{"id":281930,"date":"2025-07-29T12:59:10","date_gmt":"2025-07-29T12:59:10","guid":{"rendered":"https:\/\/www.europesays.com\/fr\/281930\/"},"modified":"2025-07-29T12:59:10","modified_gmt":"2025-07-29T12:59:10","slug":"la-russie-dit-prendre-note-de-la-declaration-de-donald-trump-et-regrette-un-ralentissement-de-la-normalisation-de-ses-relations-avec-washington","status":"publish","type":"post","link":"https:\/\/www.europesays.com\/fr\/281930\/","title":{"rendered":"la Russie dit \u00ab\u00a0prendre note\u00a0\u00bb de la d\u00e9claration de Donald Trump et regrette un \u00ab\u00a0ralentissement\u00a0\u00bb de la normalisation de ses relations avec Washington"},"content":{"rendered":"<p>   La Russie dit \u00ab\u00a0prendre note\u00a0\u00bb de la d\u00e9claration de Donald Trump et\u00a0regrette un \u00ab\u00a0ralentissement\u00a0\u00bb de la normalisation de ses relations avec Washington                        <\/p>\n<p class=\"post__live-container--answer-text post__space-node\">\u00ab\u00a0Nous avons pris note de la d\u00e9claration du pr\u00e9sident Trump hier\u00a0\u00bb, a affirm\u00e9 le porte-parole du Kremlin, Dmitri Peskov, interrog\u00e9 par des journalistes. \u00ab\u00a0Il y a un ralentissement, effectivement\u00a0\u00bb, a-t-il ajout\u00e9, tout en disant que Moscou \u00e9tait \u00ab\u00a0int\u00e9ress\u00e9\u00a0\u00bb par une meilleure \u00ab\u00a0dynamique\u00a0\u00bb dans le processus de normalisation.<\/p>\n<p class=\"post__live-container--answer-text post__space-node\">\u00ab\u00a0L\u2019op\u00e9ration sp\u00e9ciale se poursuit. Et nous continuons \u00e9galement \u00e0 maintenir notre engagement en faveur du processus de paix pour r\u00e9soudre le conflit autour de l\u2019Ukraine et pr\u00e9server nos int\u00e9r\u00eats\u00a0\u00bb, a-t-il ajout\u00e9, en utilisant l\u2019euph\u00e9misme impos\u00e9 par les autorit\u00e9s russes pour \u00e9voquer leur assaut en Ukraine.<\/p>\n<p class=\"post__live-container--answer-text post__space-node\">Apr\u00e8s les frappes nocturnes russes sur l\u2019Ukraine, dont un bombardement qui a fait 17\u00a0morts dans une prison de la r\u00e9gion de Zaporijia, le Kremlin a encore d\u00e9menti viser \u00ab\u00a0des cibles civiles\u00a0\u00bb, affirmant que l\u2019arm\u00e9e russe ne menait des frappes que \u00ab\u00a0sur des infrastructures militaires ou li\u00e9es \u00e0 l\u2019arm\u00e9e\u00a0\u00bb.<\/p>\n","protected":false},"excerpt":{"rendered":"La Russie dit \u00ab\u00a0prendre note\u00a0\u00bb de la d\u00e9claration de Donald Trump et\u00a0regrette un \u00ab\u00a0ralentissement\u00a0\u00bb de la normalisation de&hellip;\n","protected":false},"author":2,"featured_media":281931,"comment_status":"","ping_status":"","sticky":false,"template":"","format":"standard","meta":{"footnotes":""},"categories":[1591],"tags":[11,1887,12,1885,1886,132],"class_list":{"0":"post-281930","1":"post","2":"type-post","3":"status-publish","4":"format-standard","5":"has-post-thumbnail","7":"category-russie","8":"tag-actualites","9":"tag-federation-de-russie","10":"tag-news","11":"tag-russia","12":"tag-russian-federation","13":"tag-russie"},"share_on_mastodon":{"url":"https:\/\/pubeurope.com\/@fr\/114936647731484972","error":""},"_links":{"self":[{"href":"https:\/\/www.europesays.com\/fr\/wp-json\/wp\/v2\/posts\/281930","targetHints":{"allow":["GET"]}}],"collection":[{"href":"https:\/\/www.europesays.com\/fr\/wp-json\/wp\/v2\/posts"}],"about":[{"href":"https:\/\/www.europesays.com\/fr\/wp-json\/wp\/v2\/types\/post"}],"author":[{"embeddable":true,"href":"https:\/\/www.europesays.com\/fr\/wp-json\/wp\/v2\/users\/2"}],"replies":[{"embeddable":true,"href":"https:\/\/www.europesays.com\/fr\/wp-json\/wp\/v2\/comments?post=281930"}],"version-history":[{"count":0,"href":"https:\/\/www.europesays.com\/fr\/wp-json\/wp\/v2\/posts\/281930\/revisions"}],"wp:featuredmedia":[{"embeddable":true,"href":"https:\/\/www.europesays.com\/fr\/wp-json\/wp\/v2\/media\/281931"}],"wp:attachment":[{"href":"https:\/\/www.europesays.com\/fr\/wp-json\/wp\/v2\/media?parent=281930"}],"wp:term":[{"taxonomy":"category","embeddable":true,"href":"https:\/\/www.europesays.com\/fr\/wp-json\/wp\/v2\/categories?post=281930"},{"taxonomy":"post_tag","embeddable":true,"href":"https:\/\/www.europesays.com\/fr\/wp-json\/wp\/v2\/tags?post=281930"}],"curies":[{"name":"wp","href":"https:\/\/api.w.org\/{rel}","templated":true}]}}