{"id":281932,"date":"2025-07-29T13:00:20","date_gmt":"2025-07-29T13:00:20","guid":{"rendered":"https:\/\/www.europesays.com\/fr\/281932\/"},"modified":"2025-07-29T13:00:20","modified_gmt":"2025-07-29T13:00:20","slug":"en-russie-on-rit-avec-amertume-du-russe-lambda-de-la-guerre-et-des-obscenites-de-vladimir-poutine","status":"publish","type":"post","link":"https:\/\/www.europesays.com\/fr\/281932\/","title":{"rendered":"En Russie, on rit avec amertume du \u00abRusse lambda\u00bb, de la guerre et des obsc\u00e9nit\u00e9s de Vladimir Poutine"},"content":{"rendered":"<p><strong>L&rsquo;humour aux quatre coins du monde<\/strong><\/p>\n<p>De la Chine \u00e0 l&rsquo;Argentine en passant par la Russie et les Etats-Unis, comment rit-on aujourd&rsquo;hui, et de quoi? En quatre exemples contrast\u00e9s, petit tour du monde des blagues et de ce qu&rsquo;elles disent d&rsquo;un pays et de ses d\u00e9fis.<\/p>\n<p><strong>Episodes pr\u00e9c\u00e9dents:<\/strong><\/p>\n<p>    R\u00e9sum\u00e9 en 20 secondes<\/p>\n<p>        En savoir plus sur ce type de contenu<\/p>\n<p>Ce r\u00e9sum\u00e9 peut avoir \u00e9t\u00e9 \u00e9crit avec l&rsquo;assistance d\u2019une IA g\u00e9n\u00e9rative. <a href=\"https:\/\/www.letemps.ch\/cyber\/l-usage-de-l-ia-generative-par-les-journalistes-du-temps\" target=\"_blank\" rel=\"noopener\">En savoir plus<\/a><\/p>\n<p class=\"article__abstract-call-to-action\" data-ariato=\"TrackableElement\" data-trackable-element-type=\"article_abstract_cta\" data-trackable-element-location=\"article_header\" data-trackable-element-id=\"501578\">\n        <a data-event=\"click-&gt;clicked\" href=\"https:\/\/www.letemps.ch\/abonnements\" target=\"_blank\" rel=\"noopener\">Abonnez-vous<\/a> pour acc\u00e9der au r\u00e9sum\u00e9 en 20 secondes.\n      <\/p>\n<p>Parfois, une anekdot \u2013 une histoire courte \u00e0 la mode russe \u2013 t\u00e9moigne mieux de l\u2019\u00e9tat d\u2019esprit d\u2019un peuple qu\u2019une longue \u00e9tude sociologique. En voici une: \u00abUn p\u00e8re et son fils, tous les deux en \u00e2ge de combattre, se trouvent dans un camion de transport de troupes. Le fils: \u00abPapa, pourquoi nous emm\u00e8ne-t-on au front?\u00bb Le p\u00e8re:\u00abJe ne sais pas fiston, je ne m\u2019int\u00e9resse pas \u00e0 la politique.\u00bb<\/p>\n<p>Depuis le d\u00e9but de l\u2019invasion de l\u2019Ukraine, en f\u00e9vrier 2022, ces nouvelles anecdotes ont essaim\u00e9 par le bouche-\u00e0-oreille et les r\u00e9seaux sociaux. Elles tentent, en passant par cet humour noir que les Russes ont h\u00e9rit\u00e9 de leur pass\u00e9 sovi\u00e9tique, de rendre plus supportable une r\u00e9alit\u00e9 d\u00e9sormais marqu\u00e9e par l\u2019\u00abop\u00e9ration militaire sp\u00e9ciale\u00bb, le nom impos\u00e9 par les autorit\u00e9s pour d\u00e9signer la guerre. Une mesure qui a d\u2019ailleurs inspir\u00e9 une autre plaisanterie dans la Russie poutinienne: \u00abPour se mettre en conformit\u00e9 avec la loi, le c\u00e9l\u00e8bre roman de L\u00e9on Tolsto\u00ef Guerre et Paix a \u00e9t\u00e9 renomm\u00e9 \u00abOp\u00e9ration militaire sp\u00e9ciale et paix\u00bb.<\/p>\n","protected":false},"excerpt":{"rendered":"L&rsquo;humour aux quatre coins du monde De la Chine \u00e0 l&rsquo;Argentine en passant par la Russie et les&hellip;\n","protected":false},"author":2,"featured_media":281933,"comment_status":"","ping_status":"","sticky":false,"template":"","format":"standard","meta":{"footnotes":""},"categories":[1590],"tags":[11,1777,674,12,301,132,220],"class_list":{"0":"post-281932","1":"post","2":"type-post","3":"status-publish","4":"format-standard","5":"has-post-thumbnail","7":"category-ukraine","8":"tag-actualites","9":"tag-eu","10":"tag-europe","11":"tag-news","12":"tag-premium","13":"tag-russie","14":"tag-ukraine"},"share_on_mastodon":{"url":"https:\/\/pubeurope.com\/@fr\/114936651805378058","error":""},"_links":{"self":[{"href":"https:\/\/www.europesays.com\/fr\/wp-json\/wp\/v2\/posts\/281932","targetHints":{"allow":["GET"]}}],"collection":[{"href":"https:\/\/www.europesays.com\/fr\/wp-json\/wp\/v2\/posts"}],"about":[{"href":"https:\/\/www.europesays.com\/fr\/wp-json\/wp\/v2\/types\/post"}],"author":[{"embeddable":true,"href":"https:\/\/www.europesays.com\/fr\/wp-json\/wp\/v2\/users\/2"}],"replies":[{"embeddable":true,"href":"https:\/\/www.europesays.com\/fr\/wp-json\/wp\/v2\/comments?post=281932"}],"version-history":[{"count":0,"href":"https:\/\/www.europesays.com\/fr\/wp-json\/wp\/v2\/posts\/281932\/revisions"}],"wp:featuredmedia":[{"embeddable":true,"href":"https:\/\/www.europesays.com\/fr\/wp-json\/wp\/v2\/media\/281933"}],"wp:attachment":[{"href":"https:\/\/www.europesays.com\/fr\/wp-json\/wp\/v2\/media?parent=281932"}],"wp:term":[{"taxonomy":"category","embeddable":true,"href":"https:\/\/www.europesays.com\/fr\/wp-json\/wp\/v2\/categories?post=281932"},{"taxonomy":"post_tag","embeddable":true,"href":"https:\/\/www.europesays.com\/fr\/wp-json\/wp\/v2\/tags?post=281932"}],"curies":[{"name":"wp","href":"https:\/\/api.w.org\/{rel}","templated":true}]}}