{"id":281934,"date":"2025-07-29T13:01:08","date_gmt":"2025-07-29T13:01:08","guid":{"rendered":"https:\/\/www.europesays.com\/fr\/281934\/"},"modified":"2025-07-29T13:01:08","modified_gmt":"2025-07-29T13:01:08","slug":"etats-unis-malgre-les-pressions-de-donald-trump-la-fed-ne-devrait-pas-baisser-ses-taux","status":"publish","type":"post","link":"https:\/\/www.europesays.com\/fr\/281934\/","title":{"rendered":"\u00c9tats-Unis: malgr\u00e9 les pressions de Donald Trump, la Fed ne devrait pas baisser ses taux"},"content":{"rendered":"<p>\n                                                Les taux d&rsquo;int\u00e9r\u00eat vont-ils baisser aux \u00c9tats-Unis ? Le comit\u00e9 de politique mon\u00e9taire de la r\u00e9serve f\u00e9d\u00e9rale am\u00e9ricaine (la banque centrale du pays), se r\u00e9unit mardi et mercredi \u00e0 Washington pour actualiser (ou pas) ses taux directeurs. N&rsquo;en d\u00e9plaise au pr\u00e9sident Donald Trump, les \u00e9conomistes ne s&rsquo;attendent pas \u00e0 ce que ces taux baissent.                    <\/p>\n<p>G\u00e9n\u00e9ralement, la R\u00e9serve f\u00e9d\u00e9rale laisse entendre en amont si elle pr\u00e9voit de modifier ses taux. Elle n&rsquo;a pas donn\u00e9 d&rsquo;indices en ce sens lors de la derni\u00e8re r\u00e9union de son comit\u00e9 de politique mon\u00e9taire en juin. Les investisseurs ne s&rsquo;attendent donc pas \u00e0 une baisse des taux directeurs ce mercredi. Ces derniers sont d&rsquo;actuellement entre 4,25 et 4,5%, environ deux fois plus que dans l&rsquo;Union europ\u00e9enne par exemple.<\/p>\n<p> Inflation <\/p>\n<p>L&rsquo;une des principales missions de la R\u00e9serve f\u00e9d\u00e9rale, en plus de la ma\u00eetrise du ch\u00f4mage, est de garder des prix stables. Or la politique protectionniste de <a href=\"https:\/\/www.rfi.fr\/fr\/tag\/donald-trump\/\" target=\"_self\" rel=\"nofollow noopener\"><strong>Donald Trump<\/strong><\/a> et ses hausses de droits de douane tirent les prix vers le haut : l&rsquo;inflation aux <a href=\"https:\/\/www.rfi.fr\/fr\/tag\/\u00e9tats-unis\/\" target=\"_self\" rel=\"nofollow noopener\"><strong>\u00c9tats-Unis<\/strong><\/a> reste ces derniers mois au-dessus de la barre des 2% fix\u00e9e par la Fed.\u00a0Diminuer les taux maintenant pourrait encourager la hausse des prix. C&rsquo;est pourquoi la Fed s&rsquo;est refus\u00e9e \u00e0 le faire pour l&rsquo;instant, au grand regret du pr\u00e9sident am\u00e9ricain Donald Trump.<\/p>\n<p>Le milliardaire, de retour \u00e0 la Maison Blanche depuis janvier, estime que des taux directeurs plus faibles permettraient aux \u00c9tats-Unis de payer moins d&rsquo;int\u00e9r\u00eats sur le remboursement de leur colossale dette publique. Lors de son premier mandat (2017-2021), Donald Trump se plaignait d\u00e9j\u00e0 des taux directeurs de la R\u00e9serve f\u00e9d\u00e9rale, mais ces derniers mois, il a intensifi\u00e9 ses critiques, <strong><a href=\"https:\/\/www.france24.com\/fr\/info-en-continu\/20250724-trump-se-rend-\u00e0-la-fed-dont-il-invective-abondamment-le-patron\" target=\"_blank\" rel=\"nofollow noopener\">jusqu&rsquo;\u00e0 se rendre en personne au si\u00e8ge de la Fed jeudi 24 juillet, pour faire pression sur le pr\u00e9sident de la R\u00e9serve f\u00e9d\u00e9rale<\/a><\/strong>, Jerome Powell. \u00ab\u00a0J&rsquo;adorerais qu&rsquo;il baisse les taux d&rsquo;int\u00e9r\u00eat\u00a0\u00bb, lui a-t-il dit devant la presse, en lui ass\u00e9nant une grande tape dans le dos.<\/p>\n<p> Incertitudes des droits de douane <\/p>\n<p>Donald Trump a m\u00eame menac\u00e9 de le limoger, apr\u00e8s l&rsquo;avoir lui-m\u00eame nomm\u00e9 \u00e0 ce poste (en 2017). Ces menaces r\u00e9p\u00e9t\u00e9es ne plaisent pas beaucoup aux march\u00e9s financiers, qui voient dans l&rsquo;ind\u00e9pendance de la Fed une garantie de stabilit\u00e9 de l&rsquo;\u00e9conomie. Mais la proc\u00e9dure pour \u00e9vincer Jerome Powell serait longue et difficile, et risquerait de fragiliser la confiance dans l&rsquo;\u00e9conomie am\u00e9ricaine, alors Donald Trump a renonc\u00e9.\u00a0\u00ab\u00a0Ce n&rsquo;est pas n\u00e9cessaire\u00a0\u00bb de l&rsquo;\u00e9vincer, estimait-il jeudi 24 juillet aux c\u00f4t\u00e9s de l&rsquo;int\u00e9ress\u00e9. \u00ab\u00a0Car je pense qu&rsquo;il va prendre la bonne d\u00e9cision. Peut-\u00eatre un peu tard, mais il va prendre la bonne d\u00e9cision\u00a0\u00bb, a d\u00e9clar\u00e9 le pr\u00e9sident des \u00c9tats-Unis. La \u00ab\u00a0bonne d\u00e9cision\u00a0\u00bb, selon lui,\u00a0serait de ramener \u00e0 seulement 1,5% seulement les taux directeurs d\u00e8s maintenant.<\/p>\n<p>Une telle baisse a peu de chances d&rsquo;intervenir dans l&rsquo;imm\u00e9diat. Les d\u00e9cisions de la R\u00e9serve f\u00e9d\u00e9rale d\u00e9pendront en\u00a0partie des droits de douane d\u00e9cid\u00e9s par Donald Trump. <a href=\"https:\/\/www.rfi.fr\/fr\/europe\/20250727-droits-de-douanes-l-union-europ\u00e9enne-et-les-etats-unis-ont-trouv\u00e9-un-accord\" target=\"_self\" rel=\"nofollow noopener\"><strong>Un accord de principe<\/strong><\/a> a \u00e9t\u00e9 conclu dimanche entre Donald Trump et la pr\u00e9sidente de la Commission europ\u00e9enne, Ursula von der Leyen, visant \u00e0 taxer \u00e0 hauteur de 15% les produits europ\u00e9ens entrant sur le march\u00e9 \u00e9tats-unien.\u00a0Les n\u00e9gociations se poursuivent par ailleurs avec la <a href=\"https:\/\/www.rfi.fr\/fr\/tag\/chine\/\" target=\"_self\" rel=\"nofollow noopener\"><strong>Chine<\/strong><\/a> ce mercredi, pour prolonger l&rsquo;accord trouv\u00e9 pr\u00e9c\u00e9demment. Elles patinent avec des dizaines d&rsquo;autres pays, pour qui l&rsquo;ultimatum a \u00e9t\u00e9 fix\u00e9 \u00e0 vendredi 1er ao\u00fbt, avec la menace de surtaxes allant jusqu&rsquo;\u00e0 50%. Si la Maison Blanche mettait cette menace \u00e0 ex\u00e9cution, cela risquerait, l\u00e0-encore, d&rsquo;alimenter l&rsquo;inflation\u00a0et ne plaiderait donc pas en faveur d&rsquo;une baisse des taux.\u00a0\u00c0 moins d&rsquo;un retournement du march\u00e9 de l&#8217;emploi aux \u00c9tats-Unis, qui ne s&rsquo;est pas produit pour l&rsquo;instant.<\/p>\n","protected":false},"excerpt":{"rendered":"Les taux d&rsquo;int\u00e9r\u00eat vont-ils baisser aux \u00c9tats-Unis ? Le comit\u00e9 de politique mon\u00e9taire de la r\u00e9serve f\u00e9d\u00e9rale am\u00e9ricaine&hellip;\n","protected":false},"author":2,"featured_media":281935,"comment_status":"","ping_status":"","sticky":false,"template":"","format":"standard","meta":{"footnotes":""},"categories":[1589],"tags":[11,2577,2578,75,33,73,1866,12,1864,1865,1863,308],"class_list":{"0":"post-281934","1":"post","2":"type-post","3":"status-publish","4":"format-standard","5":"has-post-thumbnail","7":"category-etats-unis","8":"tag-actualites","9":"tag-aujourdhui-leconomie","10":"tag-commerce-et-echanges","11":"tag-donald-trump","12":"tag-economie","13":"tag-etats-unis","14":"tag-etats-unis-damerique","15":"tag-news","16":"tag-united-states","17":"tag-united-states-of-america","18":"tag-us","19":"tag-usa"},"share_on_mastodon":{"url":"https:\/\/pubeurope.com\/@fr\/114936655624264407","error":""},"_links":{"self":[{"href":"https:\/\/www.europesays.com\/fr\/wp-json\/wp\/v2\/posts\/281934","targetHints":{"allow":["GET"]}}],"collection":[{"href":"https:\/\/www.europesays.com\/fr\/wp-json\/wp\/v2\/posts"}],"about":[{"href":"https:\/\/www.europesays.com\/fr\/wp-json\/wp\/v2\/types\/post"}],"author":[{"embeddable":true,"href":"https:\/\/www.europesays.com\/fr\/wp-json\/wp\/v2\/users\/2"}],"replies":[{"embeddable":true,"href":"https:\/\/www.europesays.com\/fr\/wp-json\/wp\/v2\/comments?post=281934"}],"version-history":[{"count":0,"href":"https:\/\/www.europesays.com\/fr\/wp-json\/wp\/v2\/posts\/281934\/revisions"}],"wp:featuredmedia":[{"embeddable":true,"href":"https:\/\/www.europesays.com\/fr\/wp-json\/wp\/v2\/media\/281935"}],"wp:attachment":[{"href":"https:\/\/www.europesays.com\/fr\/wp-json\/wp\/v2\/media?parent=281934"}],"wp:term":[{"taxonomy":"category","embeddable":true,"href":"https:\/\/www.europesays.com\/fr\/wp-json\/wp\/v2\/categories?post=281934"},{"taxonomy":"post_tag","embeddable":true,"href":"https:\/\/www.europesays.com\/fr\/wp-json\/wp\/v2\/tags?post=281934"}],"curies":[{"name":"wp","href":"https:\/\/api.w.org\/{rel}","templated":true}]}}