{"id":281939,"date":"2025-07-29T13:04:10","date_gmt":"2025-07-29T13:04:10","guid":{"rendered":"https:\/\/www.europesays.com\/fr\/281939\/"},"modified":"2025-07-29T13:04:10","modified_gmt":"2025-07-29T13:04:10","slug":"le-reseau-energetique-europeen-peut-il-survivre-aux-guerres-aux-intemperies-et-aux-cyberattaques","status":"publish","type":"post","link":"https:\/\/www.europesays.com\/fr\/281939\/","title":{"rendered":"Le r\u00e9seau \u00e9nerg\u00e9tique europ\u00e9en peut-il survivre aux guerres, aux intemp\u00e9ries et aux cyberattaques\u00a0?"},"content":{"rendered":"<p>\n  Par&amp;nbsp<b>Rebecca McLaughlin-Eastham<\/b>\n<\/p>\n<p>\n         Publi\u00e9 le<br \/>\n            29\/07\/2025 &#8211; 15:00 UTC+2\n            <\/p>\n<p>          <img decoding=\"async\" class=\"c-ad__placeholder__logo\" src=\"https:\/\/static.euronews.com\/website\/images\/logos\/logo-euronews-stacked-outlined-72x72-grey-9.svg\" width=\"72\" height=\"72\" alt=\"\" loading=\"lazy\"\/><br \/>\n          PUBLICIT\u00c9<\/p>\n<p>Des conditions m\u00e9t\u00e9orologiques extr\u00eames au sabotage et \u00e0 la cyberguerre, le r\u00e9seau \u00e9nerg\u00e9tique europ\u00e9en est confront\u00e9 \u00e0 des menaces croissantes. Kristian Ruby, secr\u00e9taire g\u00e9n\u00e9ral d&rsquo;Eurelectric, intervient dans Energy Frontiers pour expliquer pourquoi une infrastructure plus d\u00e9centralis\u00e9e et interconnect\u00e9e est la cl\u00e9 de la r\u00e9silience future.\u00a0<\/p>\n<p>Il affirme que la guerre en Ukraine a chang\u00e9 les mentalit\u00e9s en mati\u00e8re de s\u00e9curit\u00e9 \u00e9nerg\u00e9tique et que les d\u00e9cideurs politiques ne doivent pas remplacer la d\u00e9pendance aux combustibles fossiles par une d\u00e9pendance aux importations de terres rares.\u00a0<\/p>\n<p>Alors que les syst\u00e8mes \u00e9nerg\u00e9tiques mondiaux se transforment, Kristian Ruby appelle \u00e0 une planification plus rapide, \u00e0 une r\u00e9glementation plus intelligente et \u00e0 une coop\u00e9ration plus approfondie, en particulier \u00e0 l&rsquo;approche de la COP30 qui se tiendra au Br\u00e9sil.\u00a0<\/p>\n","protected":false},"excerpt":{"rendered":"Par&amp;nbspRebecca McLaughlin-Eastham Publi\u00e9 le 29\/07\/2025 &#8211; 15:00 UTC+2 PUBLICIT\u00c9 Des conditions m\u00e9t\u00e9orologiques extr\u00eames au sabotage et \u00e0 la&hellip;\n","protected":false},"author":2,"featured_media":281940,"comment_status":"","ping_status":"","sticky":false,"template":"","format":"standard","meta":{"footnotes":""},"categories":[1586],"tags":[11,15149,579,893,1777,674,1011,27,12,25,656],"class_list":{"0":"post-281939","1":"post","2":"type-post","3":"status-publish","4":"format-standard","5":"has-post-thumbnail","7":"category-europe","8":"tag-actualites","9":"tag-azerbaidjan","10":"tag-electricite","11":"tag-energie","12":"tag-eu","13":"tag-europe","14":"tag-fr","15":"tag-france","16":"tag-news","17":"tag-republique-francaise","18":"tag-securite"},"share_on_mastodon":{"url":"https:\/\/pubeurope.com\/@fr\/114936667431539360","error":""},"_links":{"self":[{"href":"https:\/\/www.europesays.com\/fr\/wp-json\/wp\/v2\/posts\/281939","targetHints":{"allow":["GET"]}}],"collection":[{"href":"https:\/\/www.europesays.com\/fr\/wp-json\/wp\/v2\/posts"}],"about":[{"href":"https:\/\/www.europesays.com\/fr\/wp-json\/wp\/v2\/types\/post"}],"author":[{"embeddable":true,"href":"https:\/\/www.europesays.com\/fr\/wp-json\/wp\/v2\/users\/2"}],"replies":[{"embeddable":true,"href":"https:\/\/www.europesays.com\/fr\/wp-json\/wp\/v2\/comments?post=281939"}],"version-history":[{"count":0,"href":"https:\/\/www.europesays.com\/fr\/wp-json\/wp\/v2\/posts\/281939\/revisions"}],"wp:featuredmedia":[{"embeddable":true,"href":"https:\/\/www.europesays.com\/fr\/wp-json\/wp\/v2\/media\/281940"}],"wp:attachment":[{"href":"https:\/\/www.europesays.com\/fr\/wp-json\/wp\/v2\/media?parent=281939"}],"wp:term":[{"taxonomy":"category","embeddable":true,"href":"https:\/\/www.europesays.com\/fr\/wp-json\/wp\/v2\/categories?post=281939"},{"taxonomy":"post_tag","embeddable":true,"href":"https:\/\/www.europesays.com\/fr\/wp-json\/wp\/v2\/tags?post=281939"}],"curies":[{"name":"wp","href":"https:\/\/api.w.org\/{rel}","templated":true}]}}