{"id":28194,"date":"2025-04-16T02:33:10","date_gmt":"2025-04-16T02:33:10","guid":{"rendered":"https:\/\/www.europesays.com\/fr\/28194\/"},"modified":"2025-04-16T02:33:10","modified_gmt":"2025-04-16T02:33:10","slug":"le-festival-de-la-biere-artisanale-anime-bordeaux-avec-des-concours-des-concerts-et-des-degustations","status":"publish","type":"post","link":"https:\/\/www.europesays.com\/fr\/28194\/","title":{"rendered":"Le festival de la bi\u00e8re artisanale anime Bordeaux avec des concours, des concerts et des d\u00e9gustations"},"content":{"rendered":"<p>            Par<br \/>\n        <strong><br \/>\n            <a href=\"https:\/\/actu.fr\/auteur\/aurelien-cardot\" title=\"Consulter tous les articles de Aurelien Cardot\" target=\"_blank\" rel=\"noopener\">Aurelien Cardot<\/a><br \/>\n        <\/strong><\/p>\n<p>        Publi\u00e9 le<\/p>\n<p>            15 avr. 2025 \u00e0 16h39        <\/p>\n<p>Du 14 au 19 avril, <a href=\"https:\/\/actu.fr\/bordeaux\/\" target=\"_blank\" rel=\"noopener\">Bordeaux<\/a> accueille une s\u00e9rie d\u2019\u00e9v\u00e9nements autour de la bi\u00e8re artisanale, dans le cadre du <strong>Festival de la Bi\u00e8re Artisanale<\/strong> organis\u00e9 par l\u2019association BLIB (Bi\u00e8res Libres et Ind\u00e9pendantes \u00e0 Bordeaux).<\/p>\n<p class=\" wall-content\">Plus de <strong>50 rendez-vous<\/strong> sont pr\u00e9vus dans toute la ville : d\u00e9gustations, rencontres avec des brasseurs, menus con\u00e7us pour accompagner la bi\u00e8re, ou encore visites de microbrasseries. Le festival souhaite mettre en avant <strong>un secteur en pleine expansion<\/strong>, o\u00f9 la bi\u00e8re artisanale devient de plus en plus un produit gastronomique.<\/p>\n<p>Un grand final au Hangar 14<\/p>\n<p class=\" wall-content\">Depuis 2015, BLIB s\u2019engage pour faire d\u00e9couvrir cette diversit\u00e9 et <strong>sensibiliser \u00e0 une consommation responsable<\/strong>, alors que la France compte aujourd\u2019hui plus de <strong>2 500 brasseries<\/strong>, dont un nombre croissant en Nouvelle-Aquitaine.<\/p>\n<p class=\" wall-content\"><strong>Le grand final du festival aura lieu le 19 avril au Hangar 14<\/strong>, de midi \u00e0 minuit. Au programme : 70 exposants, une offre culinaire locale et artisanale, des animations musicales, des ateliers de d\u00e9gustation et des concours ludiques pour tous.\u00a0<\/p>\n<p>Retrouvez le d\u00e9tail des \u00e9v\u00e9nements de la semaine et du final sur le <a href=\"https:\/\/festivalbieresbordeaux.fr\/posts\/events\/\" target=\"_blank\" rel=\"noopener\">site internet du festival<\/a>. Certains \u00e9v\u00e9nements n\u00e9cessitent une r\u00e9servation. Entr\u00e9e payante pour le final du 19 avril : 7 euros en pr\u00e9ventes, 9 euros sur place.Vid\u00e9os : en ce moment sur Actu<\/p>\n<p class=\" wall-content\">Suivez toute l\u2019actualit\u00e9 de vos villes et m\u00e9dias favoris en vous inscrivant \u00e0 <a href=\"https:\/\/moncompte.actu.fr\" title=\"D\u00e9couvez Mon Actu\" rel=\"nofollow noopener\" data-trk=\"{&quot;cta&quot;:{&quot;action&quot;:&quot;https:\\\/\\\/moncompte.actu.fr&quot;,&quot;category&quot;:&quot;mon compte&quot;,&quot;from&quot;:&quot;article footer&quot;,&quot;name&quot;:&quot;Mon actu&quot;,&quot;type&quot;:&quot;cta&quot;}}\" target=\"_blank\">Mon Actu<\/a>.<\/p>\n","protected":false},"excerpt":{"rendered":"Par Aurelien Cardot Publi\u00e9 le 15 avr. 2025 \u00e0 16h39 Du 14 au 19 avril, Bordeaux accueille une&hellip;\n","protected":false},"author":2,"featured_media":28195,"comment_status":"","ping_status":"","sticky":false,"template":"","format":"standard","meta":{"footnotes":""},"categories":[2817],"tags":[1111,11,1477,7722,1997,1777,674,1011,27,1305,12,2219,25],"class_list":{"0":"post-28194","1":"post","2":"type-post","3":"status-publish","4":"format-standard","5":"has-post-thumbnail","7":"category-bordeaux","8":"tag-actu","9":"tag-actualites","10":"tag-artisanat","11":"tag-biere","12":"tag-bordeaux","13":"tag-eu","14":"tag-europe","15":"tag-fr","16":"tag-france","17":"tag-lifestyle","18":"tag-news","19":"tag-nouvelle-aquitaine","20":"tag-republique-francaise"},"share_on_mastodon":{"url":"https:\/\/pubeurope.com\/@fr\/114345305983828770","error":""},"_links":{"self":[{"href":"https:\/\/www.europesays.com\/fr\/wp-json\/wp\/v2\/posts\/28194","targetHints":{"allow":["GET"]}}],"collection":[{"href":"https:\/\/www.europesays.com\/fr\/wp-json\/wp\/v2\/posts"}],"about":[{"href":"https:\/\/www.europesays.com\/fr\/wp-json\/wp\/v2\/types\/post"}],"author":[{"embeddable":true,"href":"https:\/\/www.europesays.com\/fr\/wp-json\/wp\/v2\/users\/2"}],"replies":[{"embeddable":true,"href":"https:\/\/www.europesays.com\/fr\/wp-json\/wp\/v2\/comments?post=28194"}],"version-history":[{"count":0,"href":"https:\/\/www.europesays.com\/fr\/wp-json\/wp\/v2\/posts\/28194\/revisions"}],"wp:featuredmedia":[{"embeddable":true,"href":"https:\/\/www.europesays.com\/fr\/wp-json\/wp\/v2\/media\/28195"}],"wp:attachment":[{"href":"https:\/\/www.europesays.com\/fr\/wp-json\/wp\/v2\/media?parent=28194"}],"wp:term":[{"taxonomy":"category","embeddable":true,"href":"https:\/\/www.europesays.com\/fr\/wp-json\/wp\/v2\/categories?post=28194"},{"taxonomy":"post_tag","embeddable":true,"href":"https:\/\/www.europesays.com\/fr\/wp-json\/wp\/v2\/tags?post=28194"}],"curies":[{"name":"wp","href":"https:\/\/api.w.org\/{rel}","templated":true}]}}